{"id":21451,"date":"2024-09-26T10:13:23","date_gmt":"2024-09-26T13:13:23","guid":{"rendered":"https:\/\/radiobitacora.com.ar\/web\/?p=21451"},"modified":"2024-09-26T10:13:23","modified_gmt":"2024-09-26T13:13:23","slug":"desesperado-pedido-del-rector-de-la-uba-al-presidente-con-el-veto-de-la-ley-se-esta-hipotecando-el-futuro-del-pais","status":"publish","type":"post","link":"https:\/\/radiobitacora.com.ar\/web\/2024\/09\/26\/desesperado-pedido-del-rector-de-la-uba-al-presidente-con-el-veto-de-la-ley-se-esta-hipotecando-el-futuro-del-pais\/","title":{"rendered":"Desesperado pedido del rector de la UBA al Presidente: \u201cCon el veto de la ley se est\u00e1 hipotecando el futuro del pa\u00eds\u201d"},"content":{"rendered":"<p class=\"paragraph\" data-mrf-recirculation=\"Links inline\">El rector de la\u00a0<a href=\"https:\/\/www.infobae.com\/politica\/2024\/09\/25\/la-uba-anuncio-que-se-adhiere-a-la-marcha-federal-universitaria-y-le-envio-un-pedido-a-sandra-pettovello\/\" target=\"_blank\" rel=\"noopener noreferrer\" data-mrf-link=\"https:\/\/www.infobae.com\/politica\/2024\/09\/25\/la-uba-anuncio-que-se-adhiere-a-la-marcha-federal-universitaria-y-le-envio-un-pedido-a-sandra-pettovello\/\">Universidad de Buenos Aires (UBA)<\/a>,\u00a0<b>Ricardo Gelpi<\/b>, le pidi\u00f3 especialmente al presidente\u00a0<b>Javier Milei\u00a0<\/b>que revea su decisi\u00f3n de\u00a0<a href=\"https:\/\/www.infobae.com\/politica\/2024\/09\/13\/javier-milei-anuncio-que-vetara-la-ley-de-financiamiento-universitario-aprobada-por-el-congreso\/\" target=\"_blank\" rel=\"noopener noreferrer\" data-mrf-link=\"https:\/\/www.infobae.com\/politica\/2024\/09\/13\/javier-milei-anuncio-que-vetara-la-ley-de-financiamiento-universitario-aprobada-por-el-congreso\/\"><i>vetar la ley de financiamiento educativo\u00a0<\/i><\/a>que vot\u00f3 el Congreso. Seg\u00fan anticip\u00f3 el Poder Ejecutivo, esa decisi\u00f3n ser\u00e1 oficializada en los pr\u00f3ximos d\u00edas.<\/p>\n<p class=\"paragraph\" data-mrf-recirculation=\"Links inline\">\u201cRespeto la opini\u00f3n del Presidente pero no la comparto en absoluto: creo que se est\u00e1 desfinanciando al sector p\u00fablico de la educaci\u00f3n y\u00a0<b>lo vamos a pagar caro<\/b>. Con el veto de esta ley se est\u00e1 hipotecando el futuro del pa\u00eds, de la gente joven, que es lo m\u00e1s importante\u201d, asegur\u00f3 el docente y m\u00e9dico en di\u00e1logo con Eduardo Feinmann en\u00a0<i>radio Mitre.<\/i><\/p>\n<p class=\"paragraph\" data-mrf-recirculation=\"Links inline\">Gelpi repas\u00f3 que est\u00e1n teniendo problemas operativos por la falta de recursos y asegur\u00f3 que muchos docentes empezaron a dejar la Universidad porque no est\u00e1n conformes con los salarios que perciben. Destac\u00f3 adem\u00e1s que la ley aprobada, que planteaba el objetivo de actualizar las partidas seg\u00fan el \u00edndice de inflaci\u00f3n del INDEC, significa una\u00a0<b>erogaci\u00f3n del 0,14% del PBI<\/b>.<\/p>\n<p class=\"paragraph\" data-mrf-recirculation=\"Links inline\">El docente consider\u00f3 que es \u201cun error hablar del gasto en la educaci\u00f3n p\u00fablica\u201d como si fuera \u201cplata tirada\u201d, ya que los pa\u00edses desarrollados invierten mucha plata\u201d en esos conceptos. \u201cEs muy poco lo que se modifica (del Presupuesto). Lo m\u00e1s importante es que el gasto en educaci\u00f3n\u00a0<b>no es plata que se tira<\/b>, es inversi\u00f3n en el pa\u00eds y en la gente joven.<b>\u00a0<\/b>La educaci\u00f3n p\u00fablica ha sido un pilar de la educaci\u00f3n en Argentina y de la famosa movilidad social, lo que le permit\u00eda a la gente crecer y avanzar\u201d, insisti\u00f3.<\/p>\n<p class=\"paragraph\" data-mrf-recirculation=\"Links inline\">Gelpi, quien tambi\u00e9n es investigador del Conicet y fue decano de la Facultad de Medicina, pidi\u00f3 que \u201cojal\u00e1 que lo revierta\u201d el veto que se anunci\u00f3, y asegur\u00f3 que \u201cesto no es pol\u00edtico\u201d, que es uno de los argumentos que suelen deslizar desde el Gobierno. \u201c<b>Tenemos un atraso salarial del 40 al 50 por ciento, eso es un hecho f\u00e1ctico<\/b>.\u00a0<b>No tenemos plata para investigaci\u00f3n<\/b>, y hablo con conocimiento de causa: no podemos comprar reactivos para la investigaci\u00f3n, no podemos publicar trabajos que aumentan el prestigio de la universidad. Eso no es pol\u00edtica, son hechos concretos\u201d.<\/p>\n<p class=\"paragraph\" data-mrf-recirculation=\"Links inline\">La tensi\u00f3n con el Gobierno y la comunidad educativa de las universidades vuelve a estar en su pico m\u00e1ximo. Ayer, el secretario de Educaci\u00f3n,\u00a0<b>Carlos Torrendell,\u00a0<\/b><a href=\"https:\/\/www.infobae.com\/politica\/2024\/09\/25\/carlos-torrendell-en-la-previa-al-paro-contra-el-veto-de-milei-tenemos-que-descorporativizar-las-universidades-y-mejorar-los-salarios\/\" target=\"_blank\" rel=\"noopener noreferrer\" data-mrf-link=\"https:\/\/www.infobae.com\/politica\/2024\/09\/25\/carlos-torrendell-en-la-previa-al-paro-contra-el-veto-de-milei-tenemos-que-descorporativizar-las-universidades-y-mejorar-los-salarios\/\"><i>exhibi\u00f3 su plan educativo en la previa del paro\u00a0<\/i><\/a>y la marcha universitaria, y carg\u00f3 contra la \u201cautonom\u00eda universitaria\u201d y dispar\u00f3 contra las \u201ccorporaciones\u201d que manejan las casas de altos estudios, sin mencionar directamente a los dirigentes. \u201cHay partidos de las universidades. Hay actores de la pol\u00edtica universitaria, est\u00e1n las reformistas, las radicales, las peronistas. Esta din\u00e1mica, que est\u00e1 vinculada con distintos actores, genera las dificultades que hay hoy\u201d, expres\u00f3 el funcionario.<\/p>\n<p class=\"paragraph\" data-mrf-recirculation=\"Links inline\">En ese marco, Gelpi hizo un desesperado pedido: \u201c<b>Se\u00f1or Presidente: como docente, como investigador y profesor y como rector de la UBA, le pedir\u00eda por favor, por el futuro del pa\u00eds, que no se vete esta ley. Por el futuro del pa\u00eds de la gente joven, de la educaci\u00f3n p\u00fablica, de la investigaci\u00f3n y de la salud p\u00fablica, que son los pilares de un pa\u00eds del primer mundo<\/b>\u201d.<\/p>\n<div class=\" visual__image\"><picture><source srcset=\"https:\/\/www.infobae.com\/resizer\/v2\/IR5UDEOJRZAWBEEINJFKXZTYIA.jpg?auth=34146dcb6c074112c93e3b4dac42611443d98ccdb0109cdd03cd00985e173533&amp;smart=true&amp;width=992&amp;height=558&amp;quality=85\" media=\"(min-width: 1000px)\" \/><source srcset=\"https:\/\/www.infobae.com\/resizer\/v2\/IR5UDEOJRZAWBEEINJFKXZTYIA.jpg?auth=34146dcb6c074112c93e3b4dac42611443d98ccdb0109cdd03cd00985e173533&amp;smart=true&amp;width=768&amp;height=432&amp;quality=85\" media=\"(min-width: 768px)\" \/><source srcset=\"https:\/\/www.infobae.com\/resizer\/v2\/IR5UDEOJRZAWBEEINJFKXZTYIA.jpg?auth=34146dcb6c074112c93e3b4dac42611443d98ccdb0109cdd03cd00985e173533&amp;smart=true&amp;width=577&amp;height=325&amp;quality=85\" media=\"(min-width: 580px)\" \/><source srcset=\"https:\/\/www.infobae.com\/resizer\/v2\/IR5UDEOJRZAWBEEINJFKXZTYIA.jpg?auth=34146dcb6c074112c93e3b4dac42611443d98ccdb0109cdd03cd00985e173533&amp;smart=true&amp;width=420&amp;height=236&amp;quality=85\" media=\"(min-width: 350px)\" \/><source srcset=\"https:\/\/www.infobae.com\/resizer\/v2\/IR5UDEOJRZAWBEEINJFKXZTYIA.jpg?auth=34146dcb6c074112c93e3b4dac42611443d98ccdb0109cdd03cd00985e173533&amp;smart=true&amp;width=350&amp;height=197&amp;quality=85\" media=\"(min-width: 80px)\" \/><img loading=\"lazy\" decoding=\"async\" class=\"global-image\" src=\"https:\/\/www.infobae.com\/resizer\/v2\/IR5UDEOJRZAWBEEINJFKXZTYIA.jpg?auth=34146dcb6c074112c93e3b4dac42611443d98ccdb0109cdd03cd00985e173533&amp;smart=true&amp;width=350&amp;height=197&amp;quality=85\" alt=\"Ricardo Gelpi junto a la ministra de Capital Humano, Sandra Pettovello \" width=\"1920\" height=\"1080\" \/><\/picture>Ricardo Gelpi junto a la ministra de Capital Humano, Sandra Pettovello<\/div>\n<p class=\"paragraph\" data-mrf-recirculation=\"Links inline\">Docentes y el personal no docente de las universidades nacionales, entre ellas la UBA, realizar\u00e1n este jueves un paro en \u201cdefensa de su salario\u201d y la Ley de Financiamiento Universitario, que el Gobierno Nacional vetar\u00eda en las pr\u00f3ximas horas, luego del anuncio de la marcha organizada por la comunidad educativa para el pr\u00f3ximo 2 de octubre.<\/p>\n<p class=\"paragraph\" data-mrf-recirculation=\"Links inline\">La Marcha Federal Universitaria se anunci\u00f3 con el respaldo del\u00a0<b>Consejo Interuniversitario Nacional (CIN)<\/b>, con el apoyo de organizaciones sindicales docentes, no docentes, la\u00a0<b>Federaci\u00f3n Universitaria de Buenos Aires (FUBA)\u00a0<\/b>y la<b>\u00a0Federaci\u00f3n Universitaria Argentina (FUA)<\/b>. Todas las instituciones educativas coinciden en la necesidad urgente de un incremento de las partidas dirigidas a las universidades p\u00fablicas, no solo para garantizar su funcionamiento, sino tambi\u00e9n para sostener salarios dignos y asegurar la continuidad de la investigaci\u00f3n y la formaci\u00f3n acad\u00e9mica de miles de estudiantes en todo el pa\u00eds.<\/p>\n<p class=\"paragraph\" data-mrf-recirculation=\"Links inline\">En los primeros 7 meses de la gesti\u00f3n de\u00a0<b>Javier Milei<\/b>, se ejecut\u00f3,<b>\u00a0<\/b><a href=\"https:\/\/www.infobae.com\/politica\/2024\/09\/22\/presupuesto-universitario-en-los-primeros-7-meses-se-ejecuto-un-315-con-relacion-al-mismo-periodo-del-ano-anterior\/\" target=\"_blank\" rel=\"noopener noreferrer\" data-mrf-link=\"https:\/\/www.infobae.com\/politica\/2024\/09\/22\/presupuesto-universitario-en-los-primeros-7-meses-se-ejecuto-un-315-con-relacion-al-mismo-periodo-del-ano-anterior\/\"><i><b>un 31,5% menos de fondos para las 57 universidades nacionales que en el mismo per\u00edodo de 2023<\/b><\/i><\/a>, a valores reales.<\/p>\n","protected":false},"excerpt":{"rendered":"<p>El rector de la\u00a0Universidad de Buenos Aires (UBA),\u00a0Ricardo Gelpi, le pidi\u00f3 especialmente al presidente\u00a0Javier Milei\u00a0que revea su decisi\u00f3n de\u00a0vetar la ley de financiamiento educativo\u00a0que vot\u00f3 el Congreso. Seg\u00fan anticip\u00f3 el Poder Ejecutivo, esa decisi\u00f3n ser\u00e1 oficializada en los pr\u00f3ximos d\u00edas. \u201cRespeto la opini\u00f3n del Presidente pero no la comparto en absoluto: creo que se est\u00e1 [&hellip;]<\/p>\n","protected":false},"author":2,"featured_media":21452,"comment_status":"closed","ping_status":"closed","sticky":false,"template":"","format":"standard","meta":{"footnotes":""},"categories":[79],"tags":[],"class_list":{"0":"post-21451","1":"post","2":"type-post","3":"status-publish","4":"format-standard","5":"has-post-thumbnail","7":"category-politica"},"_links":{"self":[{"href":"https:\/\/radiobitacora.com.ar\/web\/wp-json\/wp\/v2\/posts\/21451","targetHints":{"allow":["GET"]}}],"collection":[{"href":"https:\/\/radiobitacora.com.ar\/web\/wp-json\/wp\/v2\/posts"}],"about":[{"href":"https:\/\/radiobitacora.com.ar\/web\/wp-json\/wp\/v2\/types\/post"}],"author":[{"embeddable":true,"href":"https:\/\/radiobitacora.com.ar\/web\/wp-json\/wp\/v2\/users\/2"}],"replies":[{"embeddable":true,"href":"https:\/\/radiobitacora.com.ar\/web\/wp-json\/wp\/v2\/comments?post=21451"}],"version-history":[{"count":0,"href":"https:\/\/radiobitacora.com.ar\/web\/wp-json\/wp\/v2\/posts\/21451\/revisions"}],"wp:featuredmedia":[{"embeddable":true,"href":"https:\/\/radiobitacora.com.ar\/web\/wp-json\/wp\/v2\/media\/21452"}],"wp:attachment":[{"href":"https:\/\/radiobitacora.com.ar\/web\/wp-json\/wp\/v2\/media?parent=21451"}],"wp:term":[{"taxonomy":"category","embeddable":true,"href":"https:\/\/radiobitacora.com.ar\/web\/wp-json\/wp\/v2\/categories?post=21451"},{"taxonomy":"post_tag","embeddable":true,"href":"https:\/\/radiobitacora.com.ar\/web\/wp-json\/wp\/v2\/tags?post=21451"}],"curies":[{"name":"wp","href":"https:\/\/api.w.org\/{rel}","templated":true}]}}