{"id":21481,"date":"2024-09-27T07:31:00","date_gmt":"2024-09-27T10:31:00","guid":{"rendered":"https:\/\/radiobitacora.com.ar\/web\/?p=21481"},"modified":"2024-09-27T07:31:00","modified_gmt":"2024-09-27T10:31:00","slug":"en-esta-capital-la-pobreza-crecio-un-11-durante-el-primer-semestre","status":"publish","type":"post","link":"https:\/\/radiobitacora.com.ar\/web\/2024\/09\/27\/en-esta-capital-la-pobreza-crecio-un-11-durante-el-primer-semestre\/","title":{"rendered":"En esta capital, la pobreza creci\u00f3 un 11% durante el primer semestre"},"content":{"rendered":"<p>El Instituto Nacional de Estad\u00edstica y Censos (INDEC) difundi\u00f3 ayer el reporte &#8220;Incidencia de la pobreza y la indigencia&#8221; del primer semestre del a\u00f1o. Seg\u00fan ese estudio que releva datos de 31 conglomerados urbanos del pa\u00eds, en la ciudad de Corrientes, a fines de junio, el \u00edndice de pobreza alcanzaba al 52,3% de la poblaci\u00f3n.<\/p>\n<p>Esa cifra representa un 11,3% por encima del 41% con el que cerr\u00f3 esa medici\u00f3n en 2023 y un 15,9% arriba del 36,4% que hab\u00eda arrojado este mismo relevamiento en el primer semestre del a\u00f1o pasado (comparativo interanual).<\/p>\n<p>En cuanto a la indigencia, en la primera mitad del vigente a\u00f1o se ubic\u00f3 en el 13,4% en esta ciudad, un 4,8% m\u00e1s que a fines de 2023 (8,6%) y un 5,8% m\u00e1s que en igual etapa del a\u00f1o pasado (7,6%).<\/p>\n<p>En tanto que el Nordeste (Corrientes, Formosa, Gran Resistencia y Posadas) sobresale entre las regiones del pa\u00eds, con un promedio de pobreza del 62,9% y una indigencia del 23,2%. En el Gran Resistencia la pobreza es del 76,2%, la mayor de toda la medici\u00f3n oficial, en Formosa es del 67,6% y en Posadas (Misiones) es del 55,9%. De este modo, a pesar del crecimiento de la pobreza en la capital correntina, esta ciudad tiene los indicadores m\u00e1s bajos en el NEA.<\/p>\n<div class=\"center medium m_image\">\n<figure><picture><source srcset=\"https:\/\/www.diarioepoca.com\/content\/bucket\/7\/1386967w380h219c.jpg.webp\" type=\"image\/webp\" media=\"(min-width: 640px)\" \/><source srcset=\"https:\/\/www.diarioepoca.com\/content\/bucket\/7\/1386967w440h254c.jpg.webp\" type=\"image\/webp\" media=\"(min-width: 300px)\" \/><source srcset=\"https:\/\/www.diarioepoca.com\/content\/bucket\/7\/1386967w380h219c.jpg\" media=\"(min-width: 300px)\" \/><img loading=\"lazy\" decoding=\"async\" class=\"pic\" src=\"https:\/\/www.diarioepoca.com\/content\/bucket\/7\/1386967w380h219c.jpg.webp\" alt=\"\" width=\"380\" height=\"219\" \/><\/picture><figcaption>DE ACUERDO AL REPORTE ESTATAL, 204.832 CAPITALINOS SON POBRES Y 52.423 VIVEN EN LA INDIGENCIA.<\/figcaption><\/figure>\n<\/div>\n<p>El semblanteo federal denota que la pobreza afect\u00f3 al 52,9% de los argentinos en el primer semestre, la peor cifra en 20 a\u00f1os. Adem\u00e1s, el nivel de indigencia lleg\u00f3 al 18,1%. De esa manera, en el primer informe correspondiente a la administraci\u00f3n de La Libertad Avanza (LLA), encabezada por el presidente Javier Milei, el indicador dio un salto de m\u00e1s de 11% con respecto al segundo semestre de 2023.<\/p>\n<p>En esa oportunidad, en el cierre del gobierno de Alberto Fern\u00e1ndez, la pobreza estaba en 41,7%, con un 11,9% en situaci\u00f3n de indigencia. Pasando en limpio esas estad\u00edsticas, el 52,9% de pobreza y 18,1% de indigencia &#8220;implica que para el universo de los 31 aglomerados urbanos de la EPH, por debajo de la l\u00ednea de pobreza se encuentran 4.319.760 hogares, que incluyen a 15.685.603 personas y, dentro de ese conjunto, 1.378.142 hogares se encuentran por debajo de la l\u00ednea de indigencia, lo que representa 5.379.588 personas indigentes&#8221;, dice el informe del INDEC.<\/p>\n<p>Pero, si esos porcentajes se extienden a toda la poblaci\u00f3n (47,1 millones), incluyendo la rural, equivale a casi 24.900.000 pobres, de los cuales 8,9 millones son indigentes porque carecen de ingresos o no les alcanza para comprar los alimentos b\u00e1sicos.<\/p>\n<p>Adem\u00e1s, durante el primer semestre se registr\u00f3 una ca\u00edda en el nivel de la actividad econ\u00f3mica del 3,2% y la tasa de desocupaci\u00f3n pas\u00f3 del 5,7% de finales del 2023 al 7,6% al terminar a finales de junio, seg\u00fan datos del INDEC.<\/p>\n<h2>El 66% de los menores de 14 a\u00f1os es pobre<\/h2>\n<div class=\"center medium m_image\">\n<figure><picture><source srcset=\"https:\/\/www.diarioepoca.com\/content\/bucket\/3\/1386993w380h320c.jpg.webp\" type=\"image\/webp\" media=\"(min-width: 640px)\" \/><source srcset=\"https:\/\/www.diarioepoca.com\/content\/bucket\/3\/1386993w440h371c.jpg.webp\" type=\"image\/webp\" media=\"(min-width: 300px)\" \/><source srcset=\"https:\/\/www.diarioepoca.com\/content\/bucket\/3\/1386993w380h320c.jpg\" media=\"(min-width: 300px)\" \/><img loading=\"lazy\" decoding=\"async\" class=\"pic\" src=\"https:\/\/www.diarioepoca.com\/content\/bucket\/3\/1386993w380h320c.jpg.webp\" alt=\"\" width=\"380\" height=\"320\" \/><\/picture><\/figure>\n<\/div>\n<p>El reporte de la pobreza e indigencia del primer semestre del a\u00f1o difundido ayer por el Instituto Nacional de Estad\u00edstica y Censos dej\u00f3 en evidencia el alarmante crecimiento de la pobreza infantil. El trabajo destaca que &#8220;dos tercios (66,1%) de las personas de 0 a 14 a\u00f1os forman parte de hogares bajo la l\u00ednea de pobreza&#8221;.<\/p>\n<p>Respecto de la medici\u00f3n del semestre anterior, la pobreza infantil registr\u00f3 un alza de 7,7 puntos porcentuales. En aquel momento, los ni\u00f1os menores de 14 a\u00f1os por debajo de la l\u00ednea de la pobreza eran el 58,4%.<\/p>\n<p>La pobreza subi\u00f3 a 52,9% en el primer semestre de 2024 y afect\u00f3 a m\u00e1s de casi 25 millones de personas<\/p>\n<p>La recopilaci\u00f3n de datos se\u00f1al\u00f3 que la franja etaria con n\u00fameros m\u00e1s cr\u00edticos es la que va entre los 12 y 17 a\u00f1os. All\u00ed, la pobreza alcanza al 69,4% de ellos; le sigue el grupo de 6 a 11 a\u00f1os, con un 67%, y nenes hasta cinco a\u00f1os, con el 63,9%.<\/p>\n<p>En tanto, el 48,6% de las personas de 30 a 64 a\u00f1os forman parte de los hogares bajo la l\u00ednea de pobreza; mientras que la poblaci\u00f3n de 65 a\u00f1os y m\u00e1s ronda el 29,7%.<\/p>\n<p>Seg\u00fan un informe de la Universidad Cat\u00f3lica Argentina (UCA), el 16,1% de los ni\u00f1os sufre pobreza multidimensional -alimentaci\u00f3n, saneamiento, vivienda, salud, informaci\u00f3n y estimulaci\u00f3n\/educaci\u00f3n- de manera severa.<\/p>\n","protected":false},"excerpt":{"rendered":"<p>El Instituto Nacional de Estad\u00edstica y Censos (INDEC) difundi\u00f3 ayer el reporte &#8220;Incidencia de la pobreza y la indigencia&#8221; del primer semestre del a\u00f1o. Seg\u00fan ese estudio que releva datos de 31 conglomerados urbanos del pa\u00eds, en la ciudad de Corrientes, a fines de junio, el \u00edndice de pobreza alcanzaba al 52,3% de la poblaci\u00f3n. [&hellip;]<\/p>\n","protected":false},"author":2,"featured_media":21482,"comment_status":"closed","ping_status":"closed","sticky":false,"template":"","format":"standard","meta":{"footnotes":""},"categories":[65],"tags":[],"class_list":{"0":"post-21481","1":"post","2":"type-post","3":"status-publish","4":"format-standard","5":"has-post-thumbnail","7":"category-economia"},"_links":{"self":[{"href":"https:\/\/radiobitacora.com.ar\/web\/wp-json\/wp\/v2\/posts\/21481","targetHints":{"allow":["GET"]}}],"collection":[{"href":"https:\/\/radiobitacora.com.ar\/web\/wp-json\/wp\/v2\/posts"}],"about":[{"href":"https:\/\/radiobitacora.com.ar\/web\/wp-json\/wp\/v2\/types\/post"}],"author":[{"embeddable":true,"href":"https:\/\/radiobitacora.com.ar\/web\/wp-json\/wp\/v2\/users\/2"}],"replies":[{"embeddable":true,"href":"https:\/\/radiobitacora.com.ar\/web\/wp-json\/wp\/v2\/comments?post=21481"}],"version-history":[{"count":0,"href":"https:\/\/radiobitacora.com.ar\/web\/wp-json\/wp\/v2\/posts\/21481\/revisions"}],"wp:featuredmedia":[{"embeddable":true,"href":"https:\/\/radiobitacora.com.ar\/web\/wp-json\/wp\/v2\/media\/21482"}],"wp:attachment":[{"href":"https:\/\/radiobitacora.com.ar\/web\/wp-json\/wp\/v2\/media?parent=21481"}],"wp:term":[{"taxonomy":"category","embeddable":true,"href":"https:\/\/radiobitacora.com.ar\/web\/wp-json\/wp\/v2\/categories?post=21481"},{"taxonomy":"post_tag","embeddable":true,"href":"https:\/\/radiobitacora.com.ar\/web\/wp-json\/wp\/v2\/tags?post=21481"}],"curies":[{"name":"wp","href":"https:\/\/api.w.org\/{rel}","templated":true}]}}