{"id":21484,"date":"2024-09-27T07:33:40","date_gmt":"2024-09-27T10:33:40","guid":{"rendered":"https:\/\/radiobitacora.com.ar\/web\/?p=21484"},"modified":"2024-09-27T07:33:40","modified_gmt":"2024-09-27T10:33:40","slug":"valdes-denuncio-complot-en-la-ucr-y-desafio-definir-liderazgos-en-interna","status":"publish","type":"post","link":"https:\/\/radiobitacora.com.ar\/web\/2024\/09\/27\/valdes-denuncio-complot-en-la-ucr-y-desafio-definir-liderazgos-en-interna\/","title":{"rendered":"Vald\u00e9s denunci\u00f3 complot en la UCR y desafi\u00f3 definir liderazgos en interna"},"content":{"rendered":"<p>A veces hay un aire de calma absoluta que antecede todo lo contrario: las tormentas. Con rayos, truenos y granizo incluido, puede arrasar un temporal pese a la aparente tranquilidad previa. Algo de esto hay en el clima actual de la Uni\u00f3n C\u00edvica Radical (UCR) y fue el propio Gustavo Vald\u00e9s quien hizo de meteor\u00f3logo para lanzar una alerta, m\u00e1s que roja.<\/p>\n<p>Apenas fueron tres meses de una supuesta calma luego de las potentes compulsas p\u00fablicas y judiciales que se desataron entre el valdesismo y el ricardismo por la fecha de convocatoria a internas de la UCR correntina. Ahora empez\u00f3 a soplar un viento fuerte.<\/p>\n<div class=\"center medium m_image\">\n<figure><picture><source srcset=\"https:\/\/www.diarioepoca.com\/content\/bucket\/0\/1386990w380h173c.jpg.webp\" type=\"image\/webp\" media=\"(min-width: 640px)\" \/><source srcset=\"https:\/\/www.diarioepoca.com\/content\/bucket\/0\/1386990w440h200c.jpg.webp\" type=\"image\/webp\" media=\"(min-width: 300px)\" \/><source srcset=\"https:\/\/www.diarioepoca.com\/content\/bucket\/0\/1386990w380h173c.jpg\" media=\"(min-width: 300px)\" \/><img loading=\"lazy\" decoding=\"async\" class=\"pic\" src=\"https:\/\/www.diarioepoca.com\/content\/bucket\/0\/1386990w380h173c.jpg.webp\" alt=\"\" width=\"380\" height=\"173\" \/><\/picture><\/figure>\n<\/div>\n<p>Evidentemente, en las \u00faltimas semanas se dieron las condiciones ideales para empezar a generarse un enorme frente tormentoso en el horizonte radical. No es casualidad: a partir de este viernes 27 quedar\u00e1 exactamente un mes para llegar a las urnas en caso de haber m\u00e1s de una lista inscripta.<\/p>\n<p>El plazo se acorta a\u00fan m\u00e1s si se tiene en cuenta que este 12 de octubre vence la inscripci\u00f3n de listas y ya en ese momento se anticipar\u00e1 el escenario de urnas o no a nivel provincial y distrital.<\/p>\n<div class=\"center medium m_image\">\n<figure><picture><source srcset=\"https:\/\/www.diarioepoca.com\/content\/bucket\/1\/1386991w380h173c.jpg.webp\" type=\"image\/webp\" media=\"(min-width: 640px)\" \/><source srcset=\"https:\/\/www.diarioepoca.com\/content\/bucket\/1\/1386991w440h200c.jpg.webp\" type=\"image\/webp\" media=\"(min-width: 300px)\" \/><source srcset=\"https:\/\/www.diarioepoca.com\/content\/bucket\/1\/1386991w380h173c.jpg\" media=\"(min-width: 300px)\" \/><img loading=\"lazy\" decoding=\"async\" class=\"pic\" src=\"https:\/\/www.diarioepoca.com\/content\/bucket\/1\/1386991w380h173c.jpg.webp\" alt=\"\" width=\"380\" height=\"173\" \/><\/picture><\/figure>\n<\/div>\n<p>En la noche de este mi\u00e9rcoles, en un acto organizado por la Cuarta Secci\u00f3n Capital, el Gobernador y candidato a presidir el radicalismo correntino advirti\u00f3 de maniobras rayanas con el complot interno. \u00bfEl objetivo? Evitar que se encumbre como l\u00edder y hasta tratar de desestabilizar su Gobierno, subi\u00e9ndose a ardides opositores.<\/p>\n<p>Lo dijo sin muchas vueltas, aunque no dio nombres. Para muchos de los presentes en ese encuentro partidario, siquiera hace falta. Pero las sospechas recaen en el exgobernador y actual senador provincial Ricardo Colombi. No lo nombran, pero las pistas van por ese sector liderado por el mercede\u00f1o, quien fue -hasta marzo- el \u00faltimo presidente partidario con aspiraciones de seguir.<\/p>\n<h2>Encendido discurso<\/h2>\n<p>&#8220;A ver\u0085 a ver, apagame la luz\u0085 Bueno, hablemos un poquito entre correligionarios; hace mucho tiempo que no habl\u00e1bamos&#8221;, propuso primero Vald\u00e9s desde el escenario, en medio del ruidoso repicar de bombos, platillos y los c\u00e1nticos radicales propios de un acto partidario como el de la noche del mi\u00e9rcoles.<\/p>\n<p>Junto a \u00e9l y en las sillas de abajo estaban funcionarios, legisladores y militantes de la juventud y partidarios. Atentos, con las palmas enrojecidas, escucharon el discurso de Vald\u00e9s que dur\u00f3 unos 18 minutos.<\/p>\n<p>&#8220;Desde hace un tiempo que, como Gobernador, no sent\u00eda el respaldo total y absoluto de mi partido, la Uni\u00f3n C\u00edvica Radical&#8221;, reconoci\u00f3 en el principio. &#8220;Muchas veces necesit\u00e9 el respaldo de la UCR, pero no porque respalde a una persona: el gobernante es consecuencia de un partido pol\u00edtico&#8221;, sostuvo.<\/p>\n<p>En este sentido areng\u00f3: &#8220;Nosotros tenemos que tener un partido pol\u00edtico con fuerza, sin dudas y sin miedo. No podemos tener a la Uni\u00f3n C\u00edvica Radical fomentando otros partidos pol\u00edticos y cuando tenemos que respaldar al Gobierno que se borren, (sobre todo) cuando tienen que respaldarlo pol\u00edticamente&#8221;, dijo.<\/p>\n<p>&#8220;Nos quer\u00eda ver oscuramente en una cocina del Comit\u00e9, aburguesados. Quer\u00edan que el radicalismo tenga fichas dormidas en una estanter\u00eda y ni siquiera ten\u00edan el tup\u00e9 de presentarlas. Por eso, nosotros convocamos a la ciudadan\u00eda a afiliarse y lo hizo masivamente. Queremos agradecer a estos 25.000 nuevos radicales&#8221;.<\/p>\n<p>Luego de destacar la recuperaci\u00f3n del radicalismo en Gobierno de la regi\u00f3n, como Leandro Zdero en Chaco y Maxi Pullaro en Santa Fe, Vald\u00e9s volvi\u00f3 a la interna local y lanz\u00f3 otra dura advertencia: &#8220;Los correntinos tenemos que tener cuidado: hay algunos que se creen due\u00f1os de la Uni\u00f3n C\u00edvica Radical&#8221;, se\u00f1al\u00f3 -otra vez- sin nombrarlos.<\/p>\n<p>Y continu\u00f3: &#8220;Nadie es due\u00f1o de la Uni\u00f3n C\u00edvica Radical, sino cada uno de los afiliados&#8221; porque &#8220;no tenemos patrones&#8221; y por eso llam\u00f3 a que &#8220;no tengan miedo de votar&#8221;.<\/p>\n<p>A continuaci\u00f3n rememor\u00f3 lo ocurrido a principios de a\u00f1o con la puja interna por la conducci\u00f3n del partido. Y acus\u00f3 nuevamente al mismo sector (sin identificarlo): &#8220;Quer\u00edan tener a la Uni\u00f3n C\u00edvica Radical desaparecida, no quer\u00edan ver en el pr\u00f3ximo proceso electoral compitiendo a la Uni\u00f3n C\u00edvica Radical y ahora dicen que no va a haber interna; dicen que nos van a intervenir con la Justicia&#8221;.<\/p>\n<p>Frente a eso, sostuvo luego: &#8220;Yo digo que tenemos que ir a una elecci\u00f3n interna cuando no reconocemos el liderazgo de cada uno de los lugares que ocupamos, pues es entonces el afiliado de la Uni\u00f3n C\u00edvica Radical el que tiene que debatir qui\u00e9n debe conducir los destinos de este centenario partido. Y tenemos que hacer como hicimos siempre: el que gana conduce y el pierde acompa\u00f1a. No quiero ver a aquellos que fomentan por izquierda algunas cosas en contra del Gobierno y que despu\u00e9s de perder la elecci\u00f3n interna traten de decir que son de la Uni\u00f3n C\u00edvica Radical. Si son radicales vengan y votan y som\u00e9tanse a la democracia interna de la Uni\u00f3n C\u00edvica Radical&#8221;, dispar\u00f3 en otro tramo encendido del discurso.<\/p>\n<p>Posteriormente, llam\u00f3 a los radicales a &#8220;ponernos de pie en cada una de las ciudades&#8221; sustentado en &#8220;la convicci\u00f3n que tenemos de transformar a Corrientes&#8221;, subray\u00f3.<\/p>\n<p>&#8220;Necesito que los militantes del radicalismo est\u00e9n barrio por barrio&#8221; y tomen contacto &#8220;persona por persona, que los abracen, los escuchen y que realmente tratemos de resolver las crisis&#8221;.<\/p>\n<h2>Intento de derrocar<\/h2>\n<p>En el tramo final de su mensaje, no dej\u00f3 pasar un momento en que pol\u00edticamente se intent\u00f3 cercar al gobierno a partir del caso Loan, el nene desaparecido hace m\u00e1s de cien d\u00edas de un campo cercano a la localidad de Nueve de Julio. No lo dijo expl\u00edcitamente, pero se entendi\u00f3 ese contexto.<\/p>\n<p>Vald\u00e9s dijo que en su momento &#8220;comenz\u00f3 calentita la campa\u00f1a pol\u00edtica porque trataron de derrocar a nuestro gobierno. Y muchos correligionarios se sumaron y se plegaron para derrocar al gobierno de la Uni\u00f3n C\u00edvica Radical. Y se prestaron a ello y se hicieron tambi\u00e9n los \u00f1embotavy (en guaran\u00ed, persona o animal que disimula algo)&#8221;.<\/p>\n<p>&#8220;Pero no importa; nosotros tenemos el coraje. Tenemos la convicci\u00f3n. Tenemos la fuerza la entereza los valores para seguir luchando por una provincia de Corrientes que verdaderamente valga la pena&#8221;, asegur\u00f3 en el final.<\/p>\n<h2>&#8220;Piquitos&#8221; y &#8220;notitas&#8221; a los k<\/h2>\n<div class=\"center medium m_image\">\n<figure><picture><source srcset=\"https:\/\/www.diarioepoca.com\/content\/bucket\/9\/1386989w380h521c.jpg.webp\" type=\"image\/webp\" media=\"(min-width: 640px)\" \/><source srcset=\"https:\/\/www.diarioepoca.com\/content\/bucket\/9\/1386989w440h603c.jpg.webp\" type=\"image\/webp\" media=\"(min-width: 300px)\" \/><source srcset=\"https:\/\/www.diarioepoca.com\/content\/bucket\/9\/1386989w380h521c.jpg\" media=\"(min-width: 300px)\" \/><img loading=\"lazy\" decoding=\"async\" class=\"pic\" src=\"https:\/\/www.diarioepoca.com\/content\/bucket\/9\/1386989w380h521c.jpg.webp\" alt=\"\" width=\"380\" height=\"521\" \/><\/picture><\/figure>\n<\/div>\n<p>Sin dudas, el segmento m\u00e1s picante del mensaje de Gustavo Vald\u00e9s desde el escenario partidario fue cuando recomend\u00f3 a los adversarios internos algo bastante simp\u00e1tico, pero que evidentemente lleva encriptado un mensaje preciso para determinados correligionarios: &#8220;Que no se den piquitos a escondidas con el kirchnerismo. Que no se pasen notitas con el kirchnerismo a escondidas. Esos (el kirchnerismo) son los que durante a\u00f1os vinieron a querer doblarnos a guachazos a los correntinos&#8221;.<\/p>\n","protected":false},"excerpt":{"rendered":"<p>A veces hay un aire de calma absoluta que antecede todo lo contrario: las tormentas. Con rayos, truenos y granizo incluido, puede arrasar un temporal pese a la aparente tranquilidad previa. Algo de esto hay en el clima actual de la Uni\u00f3n C\u00edvica Radical (UCR) y fue el propio Gustavo Vald\u00e9s quien hizo de meteor\u00f3logo [&hellip;]<\/p>\n","protected":false},"author":2,"featured_media":21485,"comment_status":"closed","ping_status":"closed","sticky":false,"template":"","format":"standard","meta":{"footnotes":""},"categories":[79],"tags":[],"class_list":{"0":"post-21484","1":"post","2":"type-post","3":"status-publish","4":"format-standard","5":"has-post-thumbnail","7":"category-politica"},"_links":{"self":[{"href":"https:\/\/radiobitacora.com.ar\/web\/wp-json\/wp\/v2\/posts\/21484","targetHints":{"allow":["GET"]}}],"collection":[{"href":"https:\/\/radiobitacora.com.ar\/web\/wp-json\/wp\/v2\/posts"}],"about":[{"href":"https:\/\/radiobitacora.com.ar\/web\/wp-json\/wp\/v2\/types\/post"}],"author":[{"embeddable":true,"href":"https:\/\/radiobitacora.com.ar\/web\/wp-json\/wp\/v2\/users\/2"}],"replies":[{"embeddable":true,"href":"https:\/\/radiobitacora.com.ar\/web\/wp-json\/wp\/v2\/comments?post=21484"}],"version-history":[{"count":0,"href":"https:\/\/radiobitacora.com.ar\/web\/wp-json\/wp\/v2\/posts\/21484\/revisions"}],"wp:featuredmedia":[{"embeddable":true,"href":"https:\/\/radiobitacora.com.ar\/web\/wp-json\/wp\/v2\/media\/21485"}],"wp:attachment":[{"href":"https:\/\/radiobitacora.com.ar\/web\/wp-json\/wp\/v2\/media?parent=21484"}],"wp:term":[{"taxonomy":"category","embeddable":true,"href":"https:\/\/radiobitacora.com.ar\/web\/wp-json\/wp\/v2\/categories?post=21484"},{"taxonomy":"post_tag","embeddable":true,"href":"https:\/\/radiobitacora.com.ar\/web\/wp-json\/wp\/v2\/tags?post=21484"}],"curies":[{"name":"wp","href":"https:\/\/api.w.org\/{rel}","templated":true}]}}