{"id":21493,"date":"2024-09-27T07:43:22","date_gmt":"2024-09-27T10:43:22","guid":{"rendered":"https:\/\/radiobitacora.com.ar\/web\/?p=21493"},"modified":"2024-09-27T07:43:22","modified_gmt":"2024-09-27T10:43:22","slug":"corrientes-y-la-sana-costumbre-de-promocionar-sus-atractivos-en-la-mayor-muestra-turistica-latinoamericana","status":"publish","type":"post","link":"https:\/\/radiobitacora.com.ar\/web\/2024\/09\/27\/corrientes-y-la-sana-costumbre-de-promocionar-sus-atractivos-en-la-mayor-muestra-turistica-latinoamericana\/","title":{"rendered":"CORRIENTES Y LA SANA COSTUMBRE DE PROMOCIONAR SUS ATRACTIVOS EN LA MAYOR MUESTRA TUR\u00cdSTICA LATINOAMERICANA"},"content":{"rendered":"<p>Esta presencia institucional, junto a otras provincias de la regi\u00f3n Litoral en el marco del pabell\u00f3n nacional, obedece a las estrategias planteadas a inicios de cada a\u00f1o, y cuenta con el acompa\u00f1amiento de la Subsecretar\u00eda de Haciendas en la figura de su titular Patricio Carando, organismo responsable de la articulaci\u00f3n con el Consejo Federal de Inversiones para el financiamiento de la promoci\u00f3n del Destino Corrientes.<\/p>\n<p>Corrientes se alista para participar en la Feria Internacional de Turismo de Am\u00e9rica Latina (FIT), que se llevar\u00e1 a cabo del 28 de septiembre al 1 de octubre de 2024, en La Rural, Predio Ferial de Buenos Aires. Este evento, que reunir\u00e1 a 45 pa\u00edses, es una plataforma ideal para exhibir la diversidad cultural y tur\u00edstica de la provincia. Cabe mencionar que la feria abrir\u00e1 sus puertas al p\u00fablico general y a profesionales del sector tur\u00edstico de 14 a 21 horas. Se espera una afluencia masiva, con cerca de 90,000 visitantes en esos d\u00edas.<img loading=\"lazy\" decoding=\"async\" class=\"size-medium wp-image-68091 alignright entered lazyloaded\" src=\"https:\/\/883radiociudad.gob.ar\/wp-content\/uploads\/2024\/09\/imagen-91309-300x225.jpg.webp\" sizes=\"auto, (max-width: 300px) 100vw, 300px\" srcset=\"https:\/\/883radiociudad.gob.ar\/wp-content\/uploads\/2024\/09\/imagen-91309-300x225.jpg.webp 300w, https:\/\/883radiociudad.gob.ar\/wp-content\/uploads\/2024\/09\/imagen-91309-1024x768.jpg.webp 1024w, https:\/\/883radiociudad.gob.ar\/wp-content\/uploads\/2024\/09\/imagen-91309-768x576.jpg.webp 768w, https:\/\/883radiociudad.gob.ar\/wp-content\/uploads\/2024\/09\/imagen-91309-1536x1152.jpg.webp 1536w, https:\/\/883radiociudad.gob.ar\/wp-content\/uploads\/2024\/09\/imagen-91309.jpg.webp 1600w\" alt=\"\" width=\"300\" height=\"225\" data-lazy-srcset=\"https:\/\/883radiociudad.gob.ar\/wp-content\/uploads\/2024\/09\/imagen-91309-300x225.jpg.webp 300w, https:\/\/883radiociudad.gob.ar\/wp-content\/uploads\/2024\/09\/imagen-91309-1024x768.jpg.webp 1024w, https:\/\/883radiociudad.gob.ar\/wp-content\/uploads\/2024\/09\/imagen-91309-768x576.jpg.webp 768w, https:\/\/883radiociudad.gob.ar\/wp-content\/uploads\/2024\/09\/imagen-91309-1536x1152.jpg.webp 1536w, https:\/\/883radiociudad.gob.ar\/wp-content\/uploads\/2024\/09\/imagen-91309.jpg.webp 1600w\" data-lazy-sizes=\"(max-width: 300px) 100vw, 300px\" data-lazy-src=\"https:\/\/883radiociudad.gob.ar\/wp-content\/uploads\/2024\/09\/imagen-91309-300x225.jpg.webp\" data-lazy-src-webp=\"https:\/\/883radiociudad.gob.ar\/wp-content\/uploads\/2024\/09\/imagen-91309-300x225.jpg.webp\" data-lazy-srcset-webp=\"https:\/\/883radiociudad.gob.ar\/wp-content\/uploads\/2024\/09\/imagen-91309-300x225.jpg.webp 300w, https:\/\/883radiociudad.gob.ar\/wp-content\/uploads\/2024\/09\/imagen-91309-1024x768.jpg.webp 1024w, https:\/\/883radiociudad.gob.ar\/wp-content\/uploads\/2024\/09\/imagen-91309-768x576.jpg.webp 768w, https:\/\/883radiociudad.gob.ar\/wp-content\/uploads\/2024\/09\/imagen-91309-1536x1152.jpg.webp 1536w, https:\/\/883radiociudad.gob.ar\/wp-content\/uploads\/2024\/09\/imagen-91309.jpg.webp 1600w\" data-ll-status=\"loaded\" \/><\/p>\n<p>El stand de Corrientes, ubicado en el Stand N\u00b01330 del Pabell\u00f3n Nacional, Regi\u00f3n Litoral, ofrecer\u00e1 una experiencia enriquecedora con una variedad de actividades. Durante el s\u00e1bado 28 y el domingo 29 de septiembre, el stand funcionar\u00e1 como un espacio de informaci\u00f3n tur\u00edstica, exposici\u00f3n, promoci\u00f3n, difusi\u00f3n y degustaci\u00f3n. Los visitantes podr\u00e1n disfrutar de deliciosos sabores regionales en el \u00e1rea gastron\u00f3mica, donde se presentar\u00e1n platos t\u00edpicos como chip\u00e1, anguy\u00e1, croquetas de verdeos y sopa paraguaya. Este momento de \u201cSabores con Pay\u00e9 \u2013 Cocineros del Iber\u00e1\u201d promete ser una celebraci\u00f3n culinaria que resaltar\u00e1 la riqueza gastron\u00f3mica de la provincia.<\/p>\n<p>Los d\u00edas lunes 30 de septiembre y martes 1 de octubre estar\u00e1n dedicados exclusivamente a los profesionales del sector. En esta fase, se realizar\u00e1n rondas de negocios y actividades centradas en la promoci\u00f3n y difusi\u00f3n de productos y destinos. Este enfoque permitir\u00e1 establecer conexiones valiosas y fortalecer la presencia de Corrientes en el mercado tur\u00edstico.<\/p>\n<p>El stand tambi\u00e9n ofrecer\u00e1 actividades interactivas, como la distribuci\u00f3n de muestras gratuitas de Establecimiento Las Mar\u00edas y de la Cooperativa Liebig-Playadito. Los asistentes podr\u00e1n participar en juegos y concursos, ganando merchandising de estas marcas locales.<\/p>\n<p>Las actividades destacadas del stand incluir\u00e1n la \u201cExperiencia Granaderos por un D\u00eda\u201d, programada para el s\u00e1bado 28 y domingo 29 de septiembre, de 15 a 19 horas. Adem\u00e1s, el carnaval de Corrientes se har\u00e1 presente el s\u00e1bado a las 17:30 horas, con un show que resaltar\u00e1 la rica tradici\u00f3n cultural de la provincia. El domingo, el ritmo del chamam\u00e9 invadir\u00e1 el espacio, promoviendo la Fiesta Nacional del Chamam\u00e9 2025.<\/p>\n<p>El evento tambi\u00e9n contar\u00e1 con presentaciones en el Auditorio CFT. Ituzaing\u00f3, de la mano del intendente Juan Pablo Valdes, presentar\u00e1 su 25\u00b0 Concurso Integraci\u00f3n Pesca del Surub\u00ed el domingo 29, mientras que el lunes 30, el Secretario de Turismo y Deportes de Corrientes, Juan Enrique Braillar Poccard, dar\u00e1 a conocer \u201cEl Verano m\u00e1s largo de Argentina, Chamam\u00e9 y Carnaval\u201d.<\/p>\n<p>Corrientes espera que esta participaci\u00f3n no solo impulse el turismo local, sino que tambi\u00e9n refuerce la identidad cultural de la provincia en el escenario nacional e internacional. Con un programa lleno de actividades y propuestas \u00fanicas, la provincia invita a todos a visitar su stand y descubrir su riqueza cultural.<\/p>\n<div class=\"at-below-post addthis_tool\" data-url=\"https:\/\/883radiociudad.gob.ar\/corrientes-y-la-sana-costumbre-de-promocionar-sus-atractivos-en-la-mayor-muestra-turistica-latinoamericana\/\"><\/div>\n<div class=\"post-item-metadata entry-meta\"><\/div>\n<nav class=\"navigation post-navigation\" aria-label=\"Continue Reading\">\n<h2 class=\"screen-reader-text\">Continue Reading<\/h2>\n<div class=\"nav-links\">\n<div class=\"nav-previous\"><\/div>\n<\/div>\n<\/nav>\n","protected":false},"excerpt":{"rendered":"<p>Esta presencia institucional, junto a otras provincias de la regi\u00f3n Litoral en el marco del pabell\u00f3n nacional, obedece a las estrategias planteadas a inicios de cada a\u00f1o, y cuenta con el acompa\u00f1amiento de la Subsecretar\u00eda de Haciendas en la figura de su titular Patricio Carando, organismo responsable de la articulaci\u00f3n con el Consejo Federal de [&hellip;]<\/p>\n","protected":false},"author":2,"featured_media":21494,"comment_status":"closed","ping_status":"closed","sticky":false,"template":"","format":"standard","meta":{"footnotes":""},"categories":[73],"tags":[],"class_list":{"0":"post-21493","1":"post","2":"type-post","3":"status-publish","4":"format-standard","5":"has-post-thumbnail","7":"category-turismo"},"_links":{"self":[{"href":"https:\/\/radiobitacora.com.ar\/web\/wp-json\/wp\/v2\/posts\/21493","targetHints":{"allow":["GET"]}}],"collection":[{"href":"https:\/\/radiobitacora.com.ar\/web\/wp-json\/wp\/v2\/posts"}],"about":[{"href":"https:\/\/radiobitacora.com.ar\/web\/wp-json\/wp\/v2\/types\/post"}],"author":[{"embeddable":true,"href":"https:\/\/radiobitacora.com.ar\/web\/wp-json\/wp\/v2\/users\/2"}],"replies":[{"embeddable":true,"href":"https:\/\/radiobitacora.com.ar\/web\/wp-json\/wp\/v2\/comments?post=21493"}],"version-history":[{"count":0,"href":"https:\/\/radiobitacora.com.ar\/web\/wp-json\/wp\/v2\/posts\/21493\/revisions"}],"wp:featuredmedia":[{"embeddable":true,"href":"https:\/\/radiobitacora.com.ar\/web\/wp-json\/wp\/v2\/media\/21494"}],"wp:attachment":[{"href":"https:\/\/radiobitacora.com.ar\/web\/wp-json\/wp\/v2\/media?parent=21493"}],"wp:term":[{"taxonomy":"category","embeddable":true,"href":"https:\/\/radiobitacora.com.ar\/web\/wp-json\/wp\/v2\/categories?post=21493"},{"taxonomy":"post_tag","embeddable":true,"href":"https:\/\/radiobitacora.com.ar\/web\/wp-json\/wp\/v2\/tags?post=21493"}],"curies":[{"name":"wp","href":"https:\/\/api.w.org\/{rel}","templated":true}]}}