{"id":21515,"date":"2024-10-01T07:38:48","date_gmt":"2024-10-01T10:38:48","guid":{"rendered":"https:\/\/radiobitacora.com.ar\/web\/?p=21515"},"modified":"2024-10-01T07:38:48","modified_gmt":"2024-10-01T10:38:48","slug":"debuto-bake-off-famosos-a-pura-tension-lagrimas-y-una-polemica-salida-que-termino-en-reclamo-por-que-me-eliminaron","status":"publish","type":"post","link":"https:\/\/radiobitacora.com.ar\/web\/2024\/10\/01\/debuto-bake-off-famosos-a-pura-tension-lagrimas-y-una-polemica-salida-que-termino-en-reclamo-por-que-me-eliminaron\/","title":{"rendered":"Debut\u00f3 Bake Off Famosos a pura tensi\u00f3n, l\u00e1grimas y una pol\u00e9mica salida que termin\u00f3 en reclamo: \u201c\u00bfPor qu\u00e9 me eliminaron?\u201d"},"content":{"rendered":"<p class=\"paragraph\" data-mrf-recirculation=\"Links inline\">\u201c<b>Desde esta carpa maravillosa, los invitamos a vivir juntos de una nueva competencia<\/b>\u201d. A las 22 en punto del lunes 30 de septiembre se escuch\u00f3 en\u00a0<i>off\u00a0<\/i>la voz de\u00a0<a href=\"https:\/\/www.infobae.com\/tag\/wanda-nara\/\" target=\"_blank\" rel=\"noopener noreferrer\" data-mrf-link=\"https:\/\/www.infobae.com\/tag\/wanda-nara\/\"><b>Wanda Nara<\/b><\/a>. \u201cAc\u00e1 los sabores, las texturas y la tradici\u00f3n de la pasteler\u00eda tomar\u00e1n una dimensi\u00f3n \u00fanica, que los har\u00e1 vivir momentos de alegr\u00eda, de tristeza y de tensi\u00f3n. Pero sobre todo de mucha, mucha dulzura\u201d, dijo la conductora de\u00a0<i>Bake Off Famosos Argentina<\/i>\u00a0(Telefe) para darle inicio a una nueva temporada del reality show pastelero,\u00a0<a href=\"https:\/\/www.infobae.com\/teleshow\/2024\/09\/30\/todo-listo-para-el-debut-de-bake-off-famosos-quienes-son-los-14-participantes-del-reality-de-pasteleria\/\" target=\"_blank\" rel=\"noopener noreferrer\" data-mrf-link=\"https:\/\/www.infobae.com\/teleshow\/2024\/09\/30\/todo-listo-para-el-debut-de-bake-off-famosos-quienes-son-los-14-participantes-del-reality-de-pasteleria\/\">esta vez con figuras del espect\u00e1culo, la m\u00fasica, las redes y el deporte como concursantes<\/a>.<\/p>\n<p class=\"paragraph\" data-mrf-recirculation=\"Links inline\">\u201c14 celebridades que conquistaron al p\u00fablico con sus diferentes profesiones se encontrar\u00e1n ac\u00e1 en la carpa de Bake Off, porque solo uno ser\u00e1 el gran ganador de la competencia\u201d, dijo despu\u00e9s, y en ese punto el rating medido por Ibope alcanzaba la marca de los\u00a0<b>11 puntos<\/b>, siendo lo m\u00e1s visto de la televisi\u00f3n argentina.<\/p>\n<p class=\"paragraph\" data-mrf-recirculation=\"Links inline\">\u201cAl fin estoy en\u00a0<i>Bake Off<\/i>\u201d, celebr\u00f3\u00a0<b>Andrea del Boca<\/b>\u00a0en el video introductorio. \u201cA\u00a0<i>Bake Off<\/i>\u00a0vengo a aprender, a divertirme, a pasarla lindo\u201d, describi\u00f3\u00a0<b>Ver\u00f3nica Lozano<\/b>. \u201cAmo los sabores, la alquimia de la cocina&#8230;\u201d, cont\u00f3\u00a0<b>Javier Calamaro<\/b>. \u201cPens\u00e9 que ven\u00eda solamente a aprender, a pasar un buen momento&#8230; \u00a1No, vengo a ganar!\u201d, desafi\u00f3 Mariano I\u00fadica. En la misma l\u00ednea se present\u00f3\u00a0<b>Dami\u00e1n de Santo<\/b>: \u201c\u00bfA qu\u00e9 vengo? \u00a1A ganar!\u201d. \u201cEstoy en un desaf\u00edo que quiero ganar, obviamente\u201d, se confi\u00f3\u00a0<b>Karina Jelinek<\/b>. \u201cLa carpa est\u00e1 lista, los participantes est\u00e1n preparados&#8230; As\u00ed comienza\u00a0<i>Bake Off Famosos<\/i>\u201d, cerr\u00f3 Wanda y tras el corte de la escena, se vio c\u00f3mo todos los participantes entraron juntos y euf\u00f3ricos a la carpa, cada uno eligiendo de manera aleatoria la estaci\u00f3n que ir\u00edan a ocupar de ahora en m\u00e1s.<\/p>\n<div class=\" visual__image\"><picture><source srcset=\"https:\/\/www.infobae.com\/resizer\/v2\/MYO4ZGK53BC7ZJ5O5J4RRSLTBE.jpg?auth=d4ea3cb581a81a0c6918f9e3d051b1a925449b73b746e77252e2a717f09279af&amp;smart=true&amp;width=992&amp;height=558&amp;quality=85\" media=\"(min-width: 1000px)\" \/><source srcset=\"https:\/\/www.infobae.com\/resizer\/v2\/MYO4ZGK53BC7ZJ5O5J4RRSLTBE.jpg?auth=d4ea3cb581a81a0c6918f9e3d051b1a925449b73b746e77252e2a717f09279af&amp;smart=true&amp;width=768&amp;height=432&amp;quality=85\" media=\"(min-width: 768px)\" \/><source srcset=\"https:\/\/www.infobae.com\/resizer\/v2\/MYO4ZGK53BC7ZJ5O5J4RRSLTBE.jpg?auth=d4ea3cb581a81a0c6918f9e3d051b1a925449b73b746e77252e2a717f09279af&amp;smart=true&amp;width=577&amp;height=325&amp;quality=85\" media=\"(min-width: 580px)\" \/><source srcset=\"https:\/\/www.infobae.com\/resizer\/v2\/MYO4ZGK53BC7ZJ5O5J4RRSLTBE.jpg?auth=d4ea3cb581a81a0c6918f9e3d051b1a925449b73b746e77252e2a717f09279af&amp;smart=true&amp;width=420&amp;height=236&amp;quality=85\" media=\"(min-width: 350px)\" \/><source srcset=\"https:\/\/www.infobae.com\/resizer\/v2\/MYO4ZGK53BC7ZJ5O5J4RRSLTBE.jpg?auth=d4ea3cb581a81a0c6918f9e3d051b1a925449b73b746e77252e2a717f09279af&amp;smart=true&amp;width=350&amp;height=197&amp;quality=85\" media=\"(min-width: 80px)\" \/><img loading=\"lazy\" decoding=\"async\" class=\"global-image\" src=\"https:\/\/www.infobae.com\/resizer\/v2\/MYO4ZGK53BC7ZJ5O5J4RRSLTBE.jpg?auth=d4ea3cb581a81a0c6918f9e3d051b1a925449b73b746e77252e2a717f09279af&amp;smart=true&amp;width=350&amp;height=197&amp;quality=85\" alt=\"Wanda Nara, al frente de Bake Off Famosos Argentina (Gentileza Prensa Telefe)\" width=\"1920\" height=\"1080\" \/><\/picture>Wanda Nara, al frente de Bake Off Famosos Argentina (Gentileza Prensa Telefe)<\/div>\n<p class=\"paragraph\" data-mrf-recirculation=\"Links inline\">Como buena anfitriona, Wanda les fue dando la bienvenida a cada uno y pas\u00f3 a explicar la din\u00e1mica de la temporada. \u201cCada episodio cuenta con dos desaf\u00edos: uno t\u00e9cnico y otro creativo. El mejor promedio de los dos, ser\u00e1 nombrado pastelero estrella.\u00a0<b>Y el peor, lamentablemente abandonar\u00e1 la carpa<\/b>. Uno solo de ustedes se convertir\u00e1 en el gran pastelero y ganar\u00e1 el premio de<b>\u00a030 millones de pesos\u201d<\/b>, anunci\u00f3. \u201cPara convencer al jurado van a tener que trabajar much\u00edsimo\u201d, agreg\u00f3 y as\u00ed fueron ingresando, a las 22.08, cada uno de los jurados.<\/p>\n<p class=\"paragraph\" data-mrf-recirculation=\"Links inline\">Primero,\u00a0<b>Dami\u00e1n Betular<\/b>, quien se fundi\u00f3 en un abrazo con la conductora. \u201cBetu, vos sab\u00e9s que lo m\u00edo son los dulces&#8230;\u201d, dijo ella. \u201c\u00bfCocinar?\u201d, le pregunt\u00f3 el pastelero. \u201cNo, comer\u201d, dijo Nara y cerr\u00f3 el paso de comedia. Despu\u00e9s fue el turno de\u00a0<b>Christophe Krywonis<\/b>. Y por \u00faltimo,\u00a0<b>Maru Botana<\/b>, a quien Wanda recibi\u00f3 como \u201cla hermos\u00edsima y talentos\u00edsima Maru, en su vuelta a la televisi\u00f3n\u201d. \u201cGracias, qu\u00e9 lindo, me encanta, gracias, chicos. Feliz, un placer estar en Telefe de vuelta y encima con esta propuesta tan linda como es la pasteler\u00eda\u201d, devolvi\u00f3 ella.<\/p>\n<p class=\"paragraph\" data-mrf-recirculation=\"Links inline\">A continuaci\u00f3n plantearon la tem\u00e1tica para el primer desaf\u00edo. \u201cLa celebraci\u00f3n. S\u00ed o s\u00ed tiene que reflejar el momento de gloria de sus vidas. Y tienen que preparar seis\u00a0<i>cupcakes<\/i>\u201d, anunciaron. \u201c\u00bf<b>Qu\u00e9 son los\u00a0<\/b><i><b>cupcakes<\/b><\/i>?\u201d, se pregunt\u00f3\u00a0<b>Callejero Fino<\/b>. Luego Betular les anunci\u00f3 que la media docena tienen que tener el mismo sabor, con lo que \u201crealmente les guste a ustedes, con un relleno elaborado, no solamente dulce de leche, que tenga una preparaci\u00f3n y un alm\u00edbar\u201d. \u201cLes recomiendo organizaci\u00f3n y concentraci\u00f3n siendo esta primera prueba, tienen que brillar\u201d, sugiri\u00f3 Christophe. \u201cCuando la cantidad es exacta, siempre cocinen de m\u00e1s. Y tengan mucho cuidado con el horno. Al momento de rellenarlo el\u00a0<i>cupcake\u00a0<\/i>tiene que estar fr\u00edo para que pueda entrar bien el relleno\u201d, complet\u00f3 Maru. As\u00ed, Wanda anunci\u00f3 que todos ten\u00edan dos horas para completar con la prueba.<\/p>\n<div class=\" visual__image\"><picture><source srcset=\"https:\/\/www.infobae.com\/resizer\/v2\/SFMRJAJGYZFXDL7KJJDJZ2CPC4.jpg?auth=b618beee7ec0fdfec8f74217956b11769b0b7c481aa5fd4e335342a09132eb4e&amp;smart=true&amp;width=992&amp;height=558&amp;quality=85\" media=\"(min-width: 1000px)\" \/><source srcset=\"https:\/\/www.infobae.com\/resizer\/v2\/SFMRJAJGYZFXDL7KJJDJZ2CPC4.jpg?auth=b618beee7ec0fdfec8f74217956b11769b0b7c481aa5fd4e335342a09132eb4e&amp;smart=true&amp;width=768&amp;height=432&amp;quality=85\" media=\"(min-width: 768px)\" \/><source srcset=\"https:\/\/www.infobae.com\/resizer\/v2\/SFMRJAJGYZFXDL7KJJDJZ2CPC4.jpg?auth=b618beee7ec0fdfec8f74217956b11769b0b7c481aa5fd4e335342a09132eb4e&amp;smart=true&amp;width=577&amp;height=325&amp;quality=85\" media=\"(min-width: 580px)\" \/><source srcset=\"https:\/\/www.infobae.com\/resizer\/v2\/SFMRJAJGYZFXDL7KJJDJZ2CPC4.jpg?auth=b618beee7ec0fdfec8f74217956b11769b0b7c481aa5fd4e335342a09132eb4e&amp;smart=true&amp;width=420&amp;height=236&amp;quality=85\" media=\"(min-width: 350px)\" \/><source srcset=\"https:\/\/www.infobae.com\/resizer\/v2\/SFMRJAJGYZFXDL7KJJDJZ2CPC4.jpg?auth=b618beee7ec0fdfec8f74217956b11769b0b7c481aa5fd4e335342a09132eb4e&amp;smart=true&amp;width=350&amp;height=197&amp;quality=85\" media=\"(min-width: 80px)\" \/><img loading=\"lazy\" decoding=\"async\" class=\"global-image\" src=\"https:\/\/www.infobae.com\/resizer\/v2\/SFMRJAJGYZFXDL7KJJDJZ2CPC4.jpg?auth=b618beee7ec0fdfec8f74217956b11769b0b7c481aa5fd4e335342a09132eb4e&amp;smart=true&amp;width=350&amp;height=197&amp;quality=85\" alt=\"Wanda Nara junto a los jurados Maru Botana, Christophe Krywonis y Dami\u00e1n Betular (Gentileza Prensa Telefe)\" width=\"1920\" height=\"1080\" \/><\/picture>Wanda Nara junto a los jurados Maru Botana, Christophe Krywonis y Dami\u00e1n Betular (Gentileza Prensa Telefe)<\/div>\n<p class=\"paragraph\" data-mrf-recirculation=\"Links inline\">As\u00ed, todos pusieron manos a la obra. Calamaro cocin\u00f3 cupcakes basados en su recordado recital subacu\u00e1tico para las ballenas.\u00a0<b>\u00c1ngela Leiva<\/b>\u00a0en lo que va siendo su carrera musical.\u00a0<b>Marcos Milincovic<\/b>, en sus a\u00f1os en la selecci\u00f3n argentina de voley. Vero Lozano fue con un homenaje a su maternidad.\u00a0<b>Eliana Guercio<\/b>\u00a0se inspir\u00f3 en su familia. Callejero Fino evoc\u00f3 su primer show en el Luna Park y el amor por su mujer.\u00a0<b>Gast\u00f3n Edul<\/b>\u00a0fue por un recuerdo por su cobertura en el mundial de f\u00fatbol de Qatar 2022.<\/p>\n<p class=\"paragraph\" data-mrf-recirculation=\"Links inline\">Mientras todos estaban erguidos frente a sus preparaciones y con las manos sobre la estaci\u00f3n, Jelinek se mostr\u00f3 un poco colapsada. Y por un momento, se escondi\u00f3 debajo. En ese momento, aparecieron Wanda y Christophe. \u201cSe me nubl\u00f3 un poco pero es parte del desaf\u00edo\u201d, se justific\u00f3 ella, quien hizo una preparaci\u00f3n inspirada en su programa de moda. \u201cEl orden pasa por la tranquilidad. Quedate tranquila que va a estar todo bien\u201d, le dijo el franc\u00e9s. \u201c<b>Afuera el baj\u00f3n, afuera el baj\u00f3n<\/b>\u201d, repet\u00eda como un mantra la modelo e intentaba mantener la calma. \u201cA Karina hay que darle un sublingual \u00a1Est\u00e1 nerviosa!\u201d, brome\u00f3 Lozano.<\/p>\n<p class=\"paragraph\" data-mrf-recirculation=\"Links inline\">Parte de ese nerviosismo se traslad\u00f3 a su preparaci\u00f3n, que no fue muy elogiada por los jurados. \u201cEl relleno no est\u00e1&#8230; Te qued\u00f3 un trabajo al que le falta\u201d, dijo Betular. \u201cSiento que le falt\u00f3 humedad y te vi ech\u00e1ndole el alm\u00edbar por arriba. Era una consigna importante, que se nota que no est\u00e1\u201d, concluy\u00f3 Botana.<\/p>\n<div class=\" visual__image\"><picture><source srcset=\"https:\/\/www.infobae.com\/resizer\/v2\/ZBHHG2NTZRGSLPR3QRNTRBLUBA.jpg?auth=430dc20829f4846f33ce7a282a79ddbab36ec0bab2c303957231ff10682eaf93&amp;smart=true&amp;width=992&amp;height=1488&amp;quality=85\" media=\"(min-width: 1000px)\" \/><source srcset=\"https:\/\/www.infobae.com\/resizer\/v2\/ZBHHG2NTZRGSLPR3QRNTRBLUBA.jpg?auth=430dc20829f4846f33ce7a282a79ddbab36ec0bab2c303957231ff10682eaf93&amp;smart=true&amp;width=768&amp;height=1152&amp;quality=85\" media=\"(min-width: 768px)\" \/><source srcset=\"https:\/\/www.infobae.com\/resizer\/v2\/ZBHHG2NTZRGSLPR3QRNTRBLUBA.jpg?auth=430dc20829f4846f33ce7a282a79ddbab36ec0bab2c303957231ff10682eaf93&amp;smart=true&amp;width=577&amp;height=866&amp;quality=85\" media=\"(min-width: 580px)\" \/><source srcset=\"https:\/\/www.infobae.com\/resizer\/v2\/ZBHHG2NTZRGSLPR3QRNTRBLUBA.jpg?auth=430dc20829f4846f33ce7a282a79ddbab36ec0bab2c303957231ff10682eaf93&amp;smart=true&amp;width=420&amp;height=630&amp;quality=85\" media=\"(min-width: 350px)\" \/><source srcset=\"https:\/\/www.infobae.com\/resizer\/v2\/ZBHHG2NTZRGSLPR3QRNTRBLUBA.jpg?auth=430dc20829f4846f33ce7a282a79ddbab36ec0bab2c303957231ff10682eaf93&amp;smart=true&amp;width=350&amp;height=525&amp;quality=85\" media=\"(min-width: 80px)\" \/><img loading=\"lazy\" decoding=\"async\" class=\"global-image\" src=\"https:\/\/www.infobae.com\/resizer\/v2\/ZBHHG2NTZRGSLPR3QRNTRBLUBA.jpg?auth=430dc20829f4846f33ce7a282a79ddbab36ec0bab2c303957231ff10682eaf93&amp;smart=true&amp;width=350&amp;height=525&amp;quality=85\" alt=\"Karina Jelinek, complicada en Bake Off Famosos (Gentileza Prensa Telefe)\" width=\"1920\" height=\"2880\" \/><\/picture>Karina Jelinek, complicada en Bake Off Famosos (Gentileza Prensa Telefe)<\/div>\n<p class=\"paragraph\" data-mrf-recirculation=\"Links inline\">\u201cCuando la veo, pienso que es lo mejor que me pas\u00f3 en la vida. Siempre pens\u00e9 que mi carrera era lo m\u00e1s importante y que nada ni nadie pod\u00eda competir con eso.\u00a0<b>Pero cuando lleg\u00f3 mi hija, borr\u00f3 todo de un plumazo<\/b>\u201d, dijo\u00a0<b>Andrea del Boca\u00a0<\/b>con l\u00e1grimas en los ojos y totalmente conmovida sobre su hija\u00a0<b>Anna<\/b>, quien inspir\u00f3 su serie de\u00a0<i>cupcakes<\/i>. \u201cCuando uno toma a alguien a quien ama como inspiraci\u00f3n, el resultado casi siempre es bueno. Ac\u00e1 est\u00e1 bien, est\u00e1 muy bien\u201d, aprob\u00f3 Betular y se gener\u00f3 el primer gran momento emotivo en esta nueva temporada.<\/p>\n<p class=\"paragraph\" data-mrf-recirculation=\"Links inline\">Una vez que pasaron todos a mostrar sus creaciones -siendo Vero Lozano, Marcos Milincovic y Nacho Elizalde lo m\u00e1s elogiados-, todos pasaron a realizar la prueba t\u00e9cnica. La misma consist\u00eda en seguir una receta y replicarla exactamente, contando con los mismos ingredientes. La particularidad del desaf\u00edo es que los jurados no estar\u00edan presentes y que iban a degustar a ciegas, sin saber qui\u00e9n hizo cada una. La preparaci\u00f3n consist\u00eda en una torta colorida y alegre con una crema chantilly batida a mano, cuatro capas de bizcochuelo y una altura de 17 cent\u00edmetros. Todo, en dos horas y media.<\/p>\n<p class=\"paragraph\" data-mrf-recirculation=\"Links inline\">Esto hizo que las caras de todos cambiaran por completo, desconcertados por la dificultad que esto implicaba. Elizalde intent\u00f3 ayudar a Cami Homs con el batido pero desisti\u00f3 de inmediato. En cambio, Milinkovic ayud\u00f3 a Candela Molfese sin problemas. Callejero Fino le daba una mano a su colega \u00c1ngela Leiva, pero tambi\u00e9n a Gast\u00f3n Edul. Dami\u00e1n de Santo hizo lo propio con Jelinek, quien estaba desorientada con los ingredientes. El actor, que estaba por terminar su torta, tambi\u00e9n acudi\u00f3 al llamado de Andrea del Boca, a quien se le complicaba, otra vez, con el batido de la crema.<\/p>\n<div class=\" visual__image\"><picture><source srcset=\"https:\/\/www.infobae.com\/resizer\/v2\/BZMOARWELNGFXBJNLJ3J2N5XGY.jpg?auth=72c2811858e396c4e1c53afbb6a310a0e85144868c09206a7128762ea991667c&amp;smart=true&amp;width=992&amp;height=661&amp;quality=85\" media=\"(min-width: 1000px)\" \/><source srcset=\"https:\/\/www.infobae.com\/resizer\/v2\/BZMOARWELNGFXBJNLJ3J2N5XGY.jpg?auth=72c2811858e396c4e1c53afbb6a310a0e85144868c09206a7128762ea991667c&amp;smart=true&amp;width=768&amp;height=512&amp;quality=85\" media=\"(min-width: 768px)\" \/><source srcset=\"https:\/\/www.infobae.com\/resizer\/v2\/BZMOARWELNGFXBJNLJ3J2N5XGY.jpg?auth=72c2811858e396c4e1c53afbb6a310a0e85144868c09206a7128762ea991667c&amp;smart=true&amp;width=577&amp;height=385&amp;quality=85\" media=\"(min-width: 580px)\" \/><source srcset=\"https:\/\/www.infobae.com\/resizer\/v2\/BZMOARWELNGFXBJNLJ3J2N5XGY.jpg?auth=72c2811858e396c4e1c53afbb6a310a0e85144868c09206a7128762ea991667c&amp;smart=true&amp;width=420&amp;height=280&amp;quality=85\" media=\"(min-width: 350px)\" \/><source srcset=\"https:\/\/www.infobae.com\/resizer\/v2\/BZMOARWELNGFXBJNLJ3J2N5XGY.jpg?auth=72c2811858e396c4e1c53afbb6a310a0e85144868c09206a7128762ea991667c&amp;smart=true&amp;width=350&amp;height=233&amp;quality=85\" media=\"(min-width: 80px)\" \/><img loading=\"lazy\" decoding=\"async\" class=\"global-image\" src=\"https:\/\/www.infobae.com\/resizer\/v2\/BZMOARWELNGFXBJNLJ3J2N5XGY.jpg?auth=72c2811858e396c4e1c53afbb6a310a0e85144868c09206a7128762ea991667c&amp;smart=true&amp;width=350&amp;height=233&amp;quality=85\" alt=\"Mariano I\u00fadica y Gast\u00f3n Edul, c\u00f3mplices en la cocina (Gentileza Prensa Telefe)\" width=\"1920\" height=\"1280\" \/><\/picture>Mariano I\u00fadica y Gast\u00f3n Edul, c\u00f3mplices en la cocina (Gentileza Prensa Telefe)<\/div>\n<p class=\"paragraph\" data-mrf-recirculation=\"Links inline\">El tiempo se cumpli\u00f3 con puntualidad y los jurados reingresaron a la carpa para probar a ciegas. De un lado estaban las tortas y, por delante de ellas, retratos de los participantes; de manera tal en que el televidente sab\u00eda de qui\u00e9n era la torta, pero no los jueces.<\/p>\n<p class=\"paragraph\" data-mrf-recirculation=\"Links inline\">A la hora de probar, la de Cande Molfese fue la mejor para el jurado, seguida muy de cerca por la de Eliana Guercio. En tanto, las de\u00a0<b>Marcos Milinkovic y Andrea del Boca tambi\u00e9n fueron muy elogiadas<\/b>. Y entre las peores, quedaron las de Gast\u00f3n Edul, Dami\u00e1n de Santo, Nacho Elizalde y Karina Jelinek.<\/p>\n<p class=\"paragraph\" data-mrf-recirculation=\"Links inline\">Esto dej\u00f3 en la cuerda floja a Jelinek, quien tras una breve deliberaci\u00f3n entre Betular, Christophe y Botana, con Wanda de testigo,\u00a0<b>qued\u00f3 eliminada del juego<\/b>\u00a0y se convirti\u00f3 en la primera, ya en este programa debut. En tanto, el puesto del pastelero estrella qued\u00f3 para el\u00a0<b>exjugador de voley<\/b>, qued\u00e1ndose con el delantal celeste.<\/p>\n<div class=\"jwplayer-ctn\">\n<div>\n<div id=\"E6OW2ZG4RZH6RNAYGTZIRS5LPI\" class=\"jwplayer jw-reset jw-state-idle jw-stretch-uniform jw-flag-aspect-mode jw-floating-dismissible jw-keep-thumbnail jw-flag-user-inactive jw-breakpoint-4\" tabindex=\"0\" role=\"application\" aria-label=\"Reproductor de Video\" aria-describedby=\"jw-E6OW2ZG4RZH6RNAYGTZIRS5LPI-shortcuts-tooltip-explanation\" data-compass-listening=\"true\">\n<div class=\"afs_ads ad-placement\"><\/div>\n<\/div>\n<\/div>\n<p>Karina Jelinek fue la primera eliminada de Bake Off Famosos<\/p><\/div>\n<p class=\"paragraph\" data-mrf-recirculation=\"Links inline\">Luego de recibir la noticia de su despedida, Jelinek sorprendi\u00f3 a todos. \u201cAhora quiero decir algo yo: \u00bfpor qu\u00e9 me eliminaron primera ustedes? Porque s\u00e9 que no fui la peor y creo que tengo derecho a decirlo por qu\u00e9 no fui la peor\u201d, argument\u00f3. \u201c\u00bfPor qu\u00e9 no fuiste la peor?\u201d, le respondi\u00f3 Betular. \u201cPorque no fui la peor&#8230; Lo dejo a tu criterio, despu\u00e9s respondeme\u201d, dijo ella, misteriosa. \u201c\u00bfPero por qu\u00e9 cre\u00e9s vos que no fuiste la peor?\u201d, insisti\u00f3 el pastelero. \u201cPorque solamente una persona dijo que era mala. Es para sacarme la duda y aprender, nada m\u00e1s\u201d, volvi\u00f3 a decir Karina.<\/p>\n<p class=\"paragraph\" data-mrf-recirculation=\"Links inline\">\u201cLos 14 estaban muy parejos, tanto los cupcakes como las tortas y fue muy m\u00ednimo el trabajo que tuvimos tantos, tanto en el bizcocho, la crema&#8230; As\u00ed que no es que te vas por much\u00edsima diferencia, sino que por muy poco\u201d, cerr\u00f3 Betular y eso pareci\u00f3 conformar a Karina. \u201cMuy bien. Estaba tensa porque me preocupa hacer algo bien, y yo creo que correspond\u00eda que me vaya primera, porque ellos se mueren por estar ac\u00e1. Yo no s\u00e9 ni hacer un postre y se merecen seguir\u201d, dijo ella y recibi\u00f3 un abrazo de todos sus ahora excompa\u00f1eros de reality.<\/p>\n","protected":false},"excerpt":{"rendered":"<p>\u201cDesde esta carpa maravillosa, los invitamos a vivir juntos de una nueva competencia\u201d. A las 22 en punto del lunes 30 de septiembre se escuch\u00f3 en\u00a0off\u00a0la voz de\u00a0Wanda Nara. \u201cAc\u00e1 los sabores, las texturas y la tradici\u00f3n de la pasteler\u00eda tomar\u00e1n una dimensi\u00f3n \u00fanica, que los har\u00e1 vivir momentos de alegr\u00eda, de tristeza y de [&hellip;]<\/p>\n","protected":false},"author":2,"featured_media":21516,"comment_status":"closed","ping_status":"closed","sticky":false,"template":"","format":"standard","meta":{"footnotes":""},"categories":[67],"tags":[],"class_list":{"0":"post-21515","1":"post","2":"type-post","3":"status-publish","4":"format-standard","5":"has-post-thumbnail","7":"category-espectaculo"},"_links":{"self":[{"href":"https:\/\/radiobitacora.com.ar\/web\/wp-json\/wp\/v2\/posts\/21515","targetHints":{"allow":["GET"]}}],"collection":[{"href":"https:\/\/radiobitacora.com.ar\/web\/wp-json\/wp\/v2\/posts"}],"about":[{"href":"https:\/\/radiobitacora.com.ar\/web\/wp-json\/wp\/v2\/types\/post"}],"author":[{"embeddable":true,"href":"https:\/\/radiobitacora.com.ar\/web\/wp-json\/wp\/v2\/users\/2"}],"replies":[{"embeddable":true,"href":"https:\/\/radiobitacora.com.ar\/web\/wp-json\/wp\/v2\/comments?post=21515"}],"version-history":[{"count":0,"href":"https:\/\/radiobitacora.com.ar\/web\/wp-json\/wp\/v2\/posts\/21515\/revisions"}],"wp:featuredmedia":[{"embeddable":true,"href":"https:\/\/radiobitacora.com.ar\/web\/wp-json\/wp\/v2\/media\/21516"}],"wp:attachment":[{"href":"https:\/\/radiobitacora.com.ar\/web\/wp-json\/wp\/v2\/media?parent=21515"}],"wp:term":[{"taxonomy":"category","embeddable":true,"href":"https:\/\/radiobitacora.com.ar\/web\/wp-json\/wp\/v2\/categories?post=21515"},{"taxonomy":"post_tag","embeddable":true,"href":"https:\/\/radiobitacora.com.ar\/web\/wp-json\/wp\/v2\/tags?post=21515"}],"curies":[{"name":"wp","href":"https:\/\/api.w.org\/{rel}","templated":true}]}}