{"id":21518,"date":"2024-10-01T07:49:29","date_gmt":"2024-10-01T10:49:29","guid":{"rendered":"https:\/\/radiobitacora.com.ar\/web\/?p=21518"},"modified":"2024-10-01T07:49:29","modified_gmt":"2024-10-01T10:49:29","slug":"la-cgt-volvio-a-la-rosada-y-se-abrio-un-nuevo-canal-de-dialogo-con-el-gobierno","status":"publish","type":"post","link":"https:\/\/radiobitacora.com.ar\/web\/2024\/10\/01\/la-cgt-volvio-a-la-rosada-y-se-abrio-un-nuevo-canal-de-dialogo-con-el-gobierno\/","title":{"rendered":"La CGT volvi\u00f3 a la Rosada y se abri\u00f3 un nuevo canal de di\u00e1logo con el Gobierno"},"content":{"rendered":"<p>El Gobierno tuvo su segundo encuentro formal con una comitiva de la\u00a0<a href=\"https:\/\/www.baenegocios.com\/tags\/CGT\">CGT<\/a>\u00a0desde el inicio de la gesti\u00f3n libertaria. Durante dos horas el jefe de Gabinete Guillermo Francos departi\u00f3 con los representantes del sector dialoguista y dominante de Azopardo.<br \/>\nDentro de la tesitura gubernamental de mantener la pol\u00edtica de ajustes a ingresos, y el recelo libertario a dirigentes gremiales del sector cegetista m\u00e1s combativo, que no concurri\u00f3 a dicha mesa, hubo algunos t\u00f3picos con destaque luego de las deliberaciones.<br \/>\nPara rotular las casi 2 horas que dur\u00f3 la charla el titular de la Uocra Gerardo Mart\u00ednez, cuando se retiraba de la Casa Rosada, se\u00f1al\u00f3 que &#8220;se abre una nueva etapa de di\u00e1logo con el Gobierno&#8221;.<br \/>\nEl tambi\u00e9n titular de la secretar\u00eda de Relaciones Internacionales de Azopardo remarc\u00f3 que &#8220;en la\u00a0<a href=\"https:\/\/www.baenegocios.com\/tags\/CGT\">CGT<\/a>\u00a0estamos convencidos sobre la necesidad de di\u00e1logo, pero los que gobiernan son los que deciden&#8221;. Y adem\u00e1s confirm\u00f3 que hubo una propuesta de la central obrera para revisar el art\u00edculo de la ley Bases que determina sancionar a los trabajadores que participen de bloqueos a empresas.<br \/>\nCon reuniones espec\u00edficas en cuanto a dicho t\u00f3pico las deliberaciones al respecto en parte se propician con el agregado de los representantes de las empleadoras, de acuerdo a lo que pudo saber este diario, algo que no tiene \u00e9nfasis apreciable en el Gobierno.<br \/>\nSin perjuicio de esto la senda de di\u00e1logo que se abord\u00f3 incluye esa din\u00e1mica y se traza con encuentros que podr\u00edan reflotar el &#8220;Consejo de Mayo&#8221;, que incluye a los empresarios como public\u00f3 BAE Negocios.<br \/>\nEn cuanto a lo inmediato y referido a reclamos en las calles el referente de la Construcci\u00f3n confirm\u00f3 que &#8220;que la\u00a0<a href=\"https:\/\/www.baenegocios.com\/tags\/CGT\">CGT<\/a>\u00a0va a marchar el mi\u00e9rcoles&#8221;, ocasi\u00f3n en la que se concretar\u00e1 la segunda convocatoria federal de reclamos del sector universitario.<br \/>\nDentro de ese punto, sobre el cual la Casa Rosada manifest\u00f3 alguna preocupaci\u00f3n, como tambi\u00e9n del paro de transportes nacional que podr\u00edan definir los sindicatos de ese rubro para el 17 de octubre, Mart\u00ednez destac\u00f3 que la comitiva cegetista tambi\u00e9n cont\u00f3 con la presencia de Daniel Ricci (Fedun), dirigente gremial universitario y tambi\u00e9n que el titular de la UTA, Roberto Fern\u00e1ndez, particip\u00f3 de la charla, en cuanto a los reclamos de la denominada Mesa Nacional de Transporte, ambos dirigentes abocados a las cuestiones propiamente dichas en cada caso.<br \/>\nEn cuanto al punto sensible de los bloqueos a empresas, el secretario de Trabajo, Julio Cordero, fue m\u00e1s cauto a la hora de un posible &#8220;di\u00e1logo tripartito&#8221;. El funcionario apunt\u00f3 que se hab\u00edan abordado tambi\u00e9n distintos temas de modernizaci\u00f3n laboral, entre los cuales est\u00e1 la cuesti\u00f3n de los bloqueos, pero no es para resolverlo, sino para mejorar alguna posici\u00f3n de duda que pueda haber entre algunas de las partes&#8221;<br \/>\nAdem\u00e1s de Francos la mesa de funcionarios incluy\u00f3 al titular de la cartera laboral, en tanto los sindicalistas que llegaron a Balcarce 50, adem\u00e1s de los nombrados, fueron los triunviros H\u00e9ctor Daer (Sanidad) y Carlos Acu\u00f1a, como tambi\u00e9n Andr\u00e9s Rodr\u00edguez (Upcn), Sergio Romero (UDA) y Jos\u00e9 Luis Lingeri (Obras Sanitarias)<\/p>\n","protected":false},"excerpt":{"rendered":"<p>El Gobierno tuvo su segundo encuentro formal con una comitiva de la\u00a0CGT\u00a0desde el inicio de la gesti\u00f3n libertaria. Durante dos horas el jefe de Gabinete Guillermo Francos departi\u00f3 con los representantes del sector dialoguista y dominante de Azopardo. Dentro de la tesitura gubernamental de mantener la pol\u00edtica de ajustes a ingresos, y el recelo libertario [&hellip;]<\/p>\n","protected":false},"author":2,"featured_media":21519,"comment_status":"closed","ping_status":"closed","sticky":false,"template":"","format":"standard","meta":{"footnotes":""},"categories":[79],"tags":[],"class_list":{"0":"post-21518","1":"post","2":"type-post","3":"status-publish","4":"format-standard","5":"has-post-thumbnail","7":"category-politica"},"_links":{"self":[{"href":"https:\/\/radiobitacora.com.ar\/web\/wp-json\/wp\/v2\/posts\/21518","targetHints":{"allow":["GET"]}}],"collection":[{"href":"https:\/\/radiobitacora.com.ar\/web\/wp-json\/wp\/v2\/posts"}],"about":[{"href":"https:\/\/radiobitacora.com.ar\/web\/wp-json\/wp\/v2\/types\/post"}],"author":[{"embeddable":true,"href":"https:\/\/radiobitacora.com.ar\/web\/wp-json\/wp\/v2\/users\/2"}],"replies":[{"embeddable":true,"href":"https:\/\/radiobitacora.com.ar\/web\/wp-json\/wp\/v2\/comments?post=21518"}],"version-history":[{"count":0,"href":"https:\/\/radiobitacora.com.ar\/web\/wp-json\/wp\/v2\/posts\/21518\/revisions"}],"wp:featuredmedia":[{"embeddable":true,"href":"https:\/\/radiobitacora.com.ar\/web\/wp-json\/wp\/v2\/media\/21519"}],"wp:attachment":[{"href":"https:\/\/radiobitacora.com.ar\/web\/wp-json\/wp\/v2\/media?parent=21518"}],"wp:term":[{"taxonomy":"category","embeddable":true,"href":"https:\/\/radiobitacora.com.ar\/web\/wp-json\/wp\/v2\/categories?post=21518"},{"taxonomy":"post_tag","embeddable":true,"href":"https:\/\/radiobitacora.com.ar\/web\/wp-json\/wp\/v2\/tags?post=21518"}],"curies":[{"name":"wp","href":"https:\/\/api.w.org\/{rel}","templated":true}]}}