{"id":21533,"date":"2024-10-01T08:40:20","date_gmt":"2024-10-01T11:40:20","guid":{"rendered":"https:\/\/radiobitacora.com.ar\/web\/?p=21533"},"modified":"2024-10-01T08:40:20","modified_gmt":"2024-10-01T11:40:20","slug":"combustibles-ypf-confirmo-baja-de-precios-pero-por-devaluacion-e-impuestos-se-sentira-menos-en-surtidores","status":"publish","type":"post","link":"https:\/\/radiobitacora.com.ar\/web\/2024\/10\/01\/combustibles-ypf-confirmo-baja-de-precios-pero-por-devaluacion-e-impuestos-se-sentira-menos-en-surtidores\/","title":{"rendered":"Combustibles: YPF confirm\u00f3 baja de precios, pero por devaluaci\u00f3n e impuestos se sentir\u00e1 menos en surtidores"},"content":{"rendered":"<article class=\"article-body article-body--first-paragraph content-protected-false\" data-td-script-src=\"https:\/\/www.ambito.com\/td\/modulos\/encuestas\/js\/function-embeds-min-version-1727669203.js\">Tal como anticip\u00f3 en exclusiva\u00a0<strong>Energy Report<\/strong>\u00a0la semana pasada,\u00a0<strong><a href=\"https:\/\/www.ambito.com\/energia\/combustibles-caida-del-barril-petroleo-bajan-3-naftas-y-gasoil-n6063164\" target=\"_blank\" rel=\"follow noopener\">YPF baja los precios de las naftas y el gasoil<\/a><\/strong>, aunque por efecto de la\u00a0<strong><a href=\"https:\/\/www.ambito.com\/finanzas\/que-es-el-crawling-peg-n5916956\" target=\"_blank\" rel=\"follow noopener\">devaluaci\u00f3n mensual del peso del 2% (crawling peg)<\/a><\/strong>\u00a0y la\u00a0<strong><a href=\"https:\/\/www.ambito.com\/energia\/el-gobierno-actualizo-el-impuesto-los-combustibles-como-impacta-el-precio-las-naftas-n6065185\" target=\"_blank\" rel=\"follow noopener\">suba de impuestos a los combustibles del 1%<\/a><\/strong>\u00a0este descenso se sentir\u00e1 menos en los surtidores y bolsillos de los conductores.<\/p>\n<\/article>\n<article class=\"article-body article-body--second-paragraph content-protected-false\"><strong>\u201cVengo a hacer un acuerdo con los consumidores\u201d,\u00a0<\/strong>propuso\u00a0<strong>Horacio Mar\u00edn<\/strong>, CEO y presidente de\u00a0<strong>YPF<\/strong>\u00a0al ratificar la informaci\u00f3n publicada por este medio. \u201cQuiero realizar un acuerdo justo con los consumidores. Nadie tiene que subsidiar a nadie. Ni nosotros a los consumidores ni los consumidores a nosotros<strong>. En consecuencia, si el precio del crudo internacional sube, el precio de los combustibles localmente va a subir. Si el precio baja, vamos a bajar<\/strong>\u201d, afirm\u00f3.<\/p>\n<\/article>\n<article class=\"article-body article-body--third-paragraph content-protected-false\">YPF inform\u00f3 que a partir de la cero horas del martes 1\u00b0 de octubre\u00a0<strong>el precio de las naftas bajar\u00e1 un 4% y el gasoil un 5%<\/strong>\u00a0promedio en todo el pa\u00eds. Pero al mismo tiempo, aclar\u00f3 que<strong>\u00a0&#8220;esta baja no se ver\u00e1 reflejada directamente en el surtidor, porque hay un 3% de aumento como consecuencia de la devaluaci\u00f3n y del aumento de impuestos (de 1%)&#8221;.<\/strong><\/p>\n<\/article>\n<article class=\"article-body article-body--fourth-paragraph content-protected-false\">En definitiva,\u00a0<strong>en los surtidores la rebaja ser\u00e1 de apenas 1% en la nafta y 2% en el gasoil.<\/strong><\/p>\n<\/article>\n<article class=\"article-body article-body--remaining-paragraph content-protected-false\">Fuentes del sector informaron a este medio que tambi\u00e9n la marca\u00a0<strong>Shell (Ra\u00edzen)<\/strong>\u00a0aplicar\u00e1 la misma rebaja de percios que YPF.<\/p>\n<div id=\"7595134-Libre-430101681_wrap\" class=\"embed_cont type_imagen\" contenteditable=\"false\">\n<div id=\"7595134-Libre-430101681_content\" class=\"embed_content\"><img decoding=\"async\" id=\"7595134-Libre-430101681_embed\" title=\"transformaci\u00f3n. Comprar en una Shell ser\u00e1 una experiencia digital.\" src=\"https:\/\/media.ambito.com\/p\/573c99dc91a855afefbb7a8f20670388\/adjuntos\/239\/imagenes\/039\/448\/0039448506\/730x0\/smart\/transformacion-comprar-una-shell-sera-una-experiencia-digital.jpeg\" alt=\"transformaci\u00f3n. Comprar en una Shell ser\u00e1 una experiencia digital.\" width=\"730\" height=\"undefined\" data-td-src-property=\"https:\/\/media.ambito.com\/p\/573c99dc91a855afefbb7a8f20670388\/adjuntos\/239\/imagenes\/039\/448\/0039448506\/730x0\/smart\/transformacion-comprar-una-shell-sera-una-experiencia-digital.jpeg\" \/><\/div>\n<div id=\"7595134-Libre-430101681_epigrafe\" class=\"embed_epigrafe\">transformaci\u00f3n. Comprar en una Shell ser\u00e1 una experiencia digital.<\/div>\n<\/div>\n<h2>\u00bfA cu\u00e1nto baja el precio de la nafta y el gasoil desde octubre?<\/h2>\n<p>Hoy, la\u00a0<strong>nafta s\u00faper de YPF<\/strong>\u00a0en la ciudad de Buenos Aires se paga $1.059 por litro, mientras que la de mayor calidad vale $1.309. Mientras que el gasoil grado 2 cotiza a $1.084 y el grado 3 a $1.334.<\/p>\n<p><strong>Las rebajas a partir de este martes ser\u00e1n de entre $10 y $13 por litro.<\/strong><\/p>\n<h2>\u00bfPor qu\u00e9 baja el precio de los combustibles?<\/h2>\n<p>La petrolera remarc\u00f3 que el\u00a0<strong>&#8220;esfuerzo de YPF&#8221;\u00a0<\/strong>es de bajar 5% y 4% los combustibles. &#8220;Esta decisi\u00f3n se toma, fundamentalmente, en el marco de una ca\u00edda de la cotizaci\u00f3n internacional del crudo Brent que forma parte de la estructura de precios de todos los combustibles a nivel mundial&#8221;, justific\u00f3, tal como hab\u00eda anticiado\u00a0<strong>Energy Report<\/strong>.<\/p>\n<p>El barril de\u00a0<strong>petr\u00f3leo Brent<\/strong>, que se utiliza de referencia en Argentina,\u00a0<strong>cay\u00f3 de u$s90 a los actuales u$s71 en apenas dos meses.<\/strong><\/p>\n<p>Seg\u00fan explicaron desde YPF, en los \u00faltimos ocho meses se encontr\u00f3 un &#8220;equilibrio&#8221; entre los precios internacionales y los precios locales en surtidor que permite, de ahora en m\u00e1s,\u00a0<strong>que \u00e9stos \u00faltimos se suban o bajen en funci\u00f3n de valor del crudo Brent y la evoluci\u00f3n de los componentes de costo local.<\/strong><\/p>\n<p>&#8220;De esta manera, la compa\u00f1\u00eda mantiene un precio justo en sus combustibles que refleja las condiciones del mercado internacional y local y la evoluci\u00f3n de costos asociados a la producci\u00f3n de combustibles&#8221;, subrayaron.<\/p>\n<h2>\u00bfPor qu\u00e9 baj\u00f3 el precio del petr\u00f3leo de u$s90 a u$s72?<\/h2>\n<p>Seg\u00fan los analistas,\u00a0<strong>el precio del petr\u00f3leo del Mar del Norte (Brent) y el WTI de Texas<\/strong>\u00a0se desplomaron en las \u00faltimas semanas de los r\u00e9cord de\u00a0<strong>u$s90 el barril\u00a0<\/strong>por la ca\u00edda en la actividad manufacturera en China y las preocupaciones sobre una posible recesi\u00f3n de la econom\u00eda estadounidense.<\/p>\n<p>Adem\u00e1s, d\u00edas atr\u00e1s la Agencia estadounidense de Informaci\u00f3n sobre Energ\u00eda (EIA) inform\u00f3 que\u00a0<strong>las reservas comerciales de petr\u00f3leo bajaron en Estados Unidos, pero menos de lo esperado por el mercado.\u00a0<\/strong>En la semana terminada el 23 de agosto, estas existencias bajaron\u00a0<strong>800.000<\/strong>\u00a0<strong>barriles<\/strong>, mucho menos que los 2,8 millones esperados por los analistas.<\/p>\n<p>Pero adem\u00e1s, la actividad empresarial de la zona euro se contrajo bruscamente e inesperadamente en septiembre, ya que la industria de servicios, dominante en el bloque, se estanc\u00f3 y la desaceleraci\u00f3n del sector manufacturero se aceler\u00f3.<\/p>\n<h2>\u00bfQu\u00e9 va a pasar en el futuro con el precio del petr\u00f3leo?<\/h2>\n<p>Poco despu\u00e9s del desplome desde la frontera de los\u00a0<strong>u$s90<\/strong>, ahora el crudo se estabiliz\u00f3 en torno a los\u00a0<strong>u$s74 el barril<\/strong>. Es que los\u00a0<strong>precios del petr\u00f3leo<\/strong>\u00a0se vieron impulsados la semana pasada por la decisi\u00f3n de la\u00a0<strong>Reserva Federal de Estados Unidos<\/strong>\u00a0de recortar las tasas de inter\u00e9s en 50 puntos b\u00e1sicos y se\u00f1alar m\u00e1s recortes para fin de a\u00f1o.<\/p>\n<p>En paralelo, la intensificaci\u00f3n del conflicto en\u00a0<strong>Medio Oriente<\/strong>\u00a0podr\u00eda reducir el suministro regional y esta situaci\u00f3n fuerza a la suba. El ej\u00e9rcito israel\u00ed lanz\u00f3 su ola m\u00e1s amplia de ataques a\u00e9reos contra\u00a0<strong>Hezbol\u00e1,<\/strong>\u00a0respaldado por\u00a0<strong>Ir\u00e1n,<\/strong>\u00a0apuntando simult\u00e1neamente al sur del\u00a0<strong>L\u00edbano,<\/strong>\u00a0al este del valle de Bekaa y a la regi\u00f3n norte cerca de Siria despu\u00e9s de casi un a\u00f1o de conflicto.<\/p>\n<p><strong>&#8220;La perspectiva de una entrada de Ir\u00e1n en el conflicto representa tres millones de barriles que est\u00e1n en juego&#8221;<\/strong>, sostuvo\u00a0<strong>Stewart Glickman,\u00a0<\/strong>analista de Wall Street para la firma CFRA. &#8220;Y Libia es un mill\u00f3n m\u00e1s. Y a pesar de eso, el WTI no supera los 80 d\u00f3lares, lo cual, para m\u00ed, es una sorpresa&#8221;, sostuvo.<\/p>\n<p><strong>&#8220;El mercado podr\u00eda seguir reaccionando a las crecientes tensiones en Medio Oriente, a medida que contin\u00faan los enfrentamientos entre Israel y Hezbol\u00e1.<\/strong>\u00a0La creciente preocupaci\u00f3n por un conflicto m\u00e1s amplio que altere el suministro regional de<strong>\u00a0petr\u00f3leo<\/strong>\u00a0podr\u00eda a\u00f1adir presi\u00f3n alcista al mercado&#8221;, dijo el estratega de mercado de BDSwiss,\u00a0<strong>Mazen Salhab.<\/strong><\/p>\n<\/article>\n","protected":false},"excerpt":{"rendered":"<p>Tal como anticip\u00f3 en exclusiva\u00a0Energy Report\u00a0la semana pasada,\u00a0YPF baja los precios de las naftas y el gasoil, aunque por efecto de la\u00a0devaluaci\u00f3n mensual del peso del 2% (crawling peg)\u00a0y la\u00a0suba de impuestos a los combustibles del 1%\u00a0este descenso se sentir\u00e1 menos en los surtidores y bolsillos de los conductores. \u201cVengo a hacer un acuerdo con [&hellip;]<\/p>\n","protected":false},"author":2,"featured_media":21534,"comment_status":"closed","ping_status":"closed","sticky":false,"template":"","format":"standard","meta":{"footnotes":""},"categories":[65],"tags":[],"class_list":{"0":"post-21533","1":"post","2":"type-post","3":"status-publish","4":"format-standard","5":"has-post-thumbnail","7":"category-economia"},"_links":{"self":[{"href":"https:\/\/radiobitacora.com.ar\/web\/wp-json\/wp\/v2\/posts\/21533","targetHints":{"allow":["GET"]}}],"collection":[{"href":"https:\/\/radiobitacora.com.ar\/web\/wp-json\/wp\/v2\/posts"}],"about":[{"href":"https:\/\/radiobitacora.com.ar\/web\/wp-json\/wp\/v2\/types\/post"}],"author":[{"embeddable":true,"href":"https:\/\/radiobitacora.com.ar\/web\/wp-json\/wp\/v2\/users\/2"}],"replies":[{"embeddable":true,"href":"https:\/\/radiobitacora.com.ar\/web\/wp-json\/wp\/v2\/comments?post=21533"}],"version-history":[{"count":0,"href":"https:\/\/radiobitacora.com.ar\/web\/wp-json\/wp\/v2\/posts\/21533\/revisions"}],"wp:featuredmedia":[{"embeddable":true,"href":"https:\/\/radiobitacora.com.ar\/web\/wp-json\/wp\/v2\/media\/21534"}],"wp:attachment":[{"href":"https:\/\/radiobitacora.com.ar\/web\/wp-json\/wp\/v2\/media?parent=21533"}],"wp:term":[{"taxonomy":"category","embeddable":true,"href":"https:\/\/radiobitacora.com.ar\/web\/wp-json\/wp\/v2\/categories?post=21533"},{"taxonomy":"post_tag","embeddable":true,"href":"https:\/\/radiobitacora.com.ar\/web\/wp-json\/wp\/v2\/tags?post=21533"}],"curies":[{"name":"wp","href":"https:\/\/api.w.org\/{rel}","templated":true}]}}