{"id":21545,"date":"2024-10-01T09:09:23","date_gmt":"2024-10-01T12:09:23","guid":{"rendered":"https:\/\/radiobitacora.com.ar\/web\/?p=21545"},"modified":"2024-10-01T09:09:23","modified_gmt":"2024-10-01T12:09:23","slug":"corrientes-esta-entre-las-ultimas-con-menos-recursos-de-nacion","status":"publish","type":"post","link":"https:\/\/radiobitacora.com.ar\/web\/2024\/10\/01\/corrientes-esta-entre-las-ultimas-con-menos-recursos-de-nacion\/","title":{"rendered":"&#8220;Corrientes est\u00e1 entre las \u00faltimas con menos recursos de Naci\u00f3n&#8221;"},"content":{"rendered":"<p>&#8220;No somos ni chupamedias, ni alcahuetes, decimos lo que necesitamos para Corrientes&#8221;, asever\u00f3 el gobernador, Gustavo Vald\u00e9s, quien volvi\u00f3 a sostener un tono cr\u00edtico contra una administraci\u00f3n central, con reminiscencias del per\u00edodo kirchnerista. En sinton\u00eda con sus pares radicales, el Mandatario cuestion\u00f3 el retaceo de la distribuci\u00f3n de fondos &#8220;que no son de Naci\u00f3n y que pertenecen al mantenimiento del pa\u00eds&#8221;, como rutas y viviendas. Pero, principalmente, asest\u00f3 contra las asignaciones de partidas en el Presupuesto Nacional.<\/p>\n<p>El germen de los cuestionamientos de los gobernadores contra el Gobierno nacional comenz\u00f3 su proceso de ebullici\u00f3n con la discusi\u00f3n del proyecto de Presupuesto Nacional 2025 que exige m\u00e1s recortes a las provincias, pese a que tuvieron un 2024 de sequ\u00eda. Debate que emerge al calor de los indicadores que marcaron un lamentable y acelerado ascenso de los indicadores de pobreza en todo el pa\u00eds, como as\u00ed, encuestas que alimentan una tendencia a la ruptura de la luna de miel con el Presidente de la Naci\u00f3n.<\/p>\n<p>&#8220;Corrientes es una de las provincias que menos recursos va a recibir de Naci\u00f3n. Por habitante, somos la ante\u00faltima de las jurisdicciones que menos recibiremos. Otras tendr\u00e1n tres o cuatro veces m\u00e1s. No es justo si queremos construir una Argentina igualitaria&#8221;, enfatiz\u00f3 en declaraciones a la prensa respecto de las conversaciones por el proyecto. Los c\u00e1lculos fueron hechos para las provincias y las comparaciones, nuevamente aparejaron recuerdos de ac\u00e9rrima discrecionalidad.<\/p>\n<p>La obra p\u00fablica convida el trago amargo. Al menos, el fantasma de nuevos letargos luego de un a\u00f1o de ausencia del Estado Nacional.<\/p>\n<p>&#8220;Vemos en el presupuesto que la obra p\u00fablica no refleja el esfuerzo de Corrientes. Estamos para defender los intereses de los correntinos&#8221;, manifest\u00f3 el Jefe del Gobierno provincial. &#8220;Vamos a ver si podemos resolver esa inequidad porque estamos cansados de que a nosotros nos discriminen&#8221;, reverdeci\u00f3 las reminiscencias de la puja con los gobiernos de Alberto Fern\u00e1ndez y Milei.<\/p>\n<p>&#8220;Si no se cambian los n\u00fameros, es dif\u00edcil de acompa\u00f1ar&#8221;, alert\u00f3.<\/p>\n<p>&#8220;Los compromisos est\u00e1n. El Gobierno nacional se hab\u00eda comprometido con los correntinos a avanzar con las obras de Traves\u00eda Urbana de Corrientes. Estamos pronto a inaugurar la autov\u00eda de ingreso a la ciudad de Ruta Provincial 5, y seguimos esperando&#8221;, indic\u00f3 el radical.<\/p>\n<p>La autov\u00eda 12 tiene asignada m\u00e1s de $6.000 millones en el Presupuesto nacional, pero ser\u00edan fondos insuficientes para culminar las obras. Es un caso paradigm\u00e1tico de tareas inconclusas de tres administraciones nacionales y la promesa de cuatro.<\/p>\n<p>La queja tambi\u00e9n deviene de las condiciones de las carreteras. &#8220;Las rutas nacionales est\u00e1n absolutamente destruidas. El sistema CREMA que ten\u00edamos de mantenimiento de las rutas provinciales a trav\u00e9s de fondos nacionales tampoco existe. Por lo tanto, necesitamos una pol\u00edtica urgente de reparaci\u00f3n de rutas porque transitarlas se ha convertido en algo muy peligroso&#8221;, describi\u00f3 la preocupaci\u00f3n del Gobierno local.<\/p>\n<p>Para el Gobernador hay que hablar sinceramente sobre la distribuci\u00f3n de recursos. &#8220;No somos ni chupamedias, ni alcahuetes. Decimos lo que necesitamos para Corrientes. Primero est\u00e1n los correntinos, tenemos que resolver nuestras cuestiones como provincia. A algunos le gusta responder m\u00e1s a Buenos Aires que a Corrientes&#8221;, endilg\u00f3 el titular del Ejecutivo Provincial.<\/p>\n<h2>El Gobernador habilit\u00f3 partidas para viviendas y entreg\u00f3 maquinarias<\/h2>\n<div class=\"center medium m_image\">\n<figure><picture><source srcset=\"https:\/\/www.diarioepoca.com\/content\/bucket\/3\/1387723w380h393c.jpg.webp\" type=\"image\/webp\" media=\"(min-width: 640px)\" \/><source srcset=\"https:\/\/www.diarioepoca.com\/content\/bucket\/3\/1387723w440h456c.jpg.webp\" type=\"image\/webp\" media=\"(min-width: 300px)\" \/><source srcset=\"https:\/\/www.diarioepoca.com\/content\/bucket\/3\/1387723w380h393c.jpg\" media=\"(min-width: 300px)\" \/><img loading=\"lazy\" decoding=\"async\" class=\"pic\" src=\"https:\/\/www.diarioepoca.com\/content\/bucket\/3\/1387723w380h393c.jpg.webp\" alt=\"\" width=\"380\" height=\"393\" \/><\/picture><\/figure>\n<\/div>\n<p>&#8220;Hoy (por ayer) firm\u00e9 un decreto para los fondos para terminar las viviendas que nos transfiri\u00f3 el Gobierno nacional. Los correntinos necesitamos tener viviendas. Vamos a poner la plata para terminarlas&#8221;, dijo a la prensa el Gobernador tras el acto que realiz\u00f3 en la costanera para la entrega de maquinarias a Vialidad Provincial.<\/p>\n<p>En total, la Provincia asumi\u00f3 la responsabilidad de ejecutar m\u00e1s de $38.000 millones en obras p\u00fablicas abandonas por Naci\u00f3n. &#8220;Estamos asumiendo con alegr\u00eda porque son obras para los correntinos y gracias a Dios tenemos los recursos para seguir invirtiendo&#8221;, expres\u00f3 el Mandatario.<\/p>\n<p>&#8220;Que ellos no se hagan cargo de las viviendas no significa que se tienen que quedar con los fondos nacionales de vivienda. Que es otra cosa que debemos discutir&#8221;, indic\u00f3 el Mandatario.<\/p>\n<p>El Gobernador entreg\u00f3 cinco motoniveladoras y dos retroexcavadoras, destinadas a delegaciones tanto de Capital como del Interior de Vialidad Provincial.<\/p>\n<p>&#8220;Trabajamos en pos de recobrar la fuerza de Vialidad Provincial&#8221;, comenz\u00f3 su alocuci\u00f3n y sostuvo que este tipo de inversiones &#8220;lleva tiempo&#8221; porque &#8220;no es f\u00e1cil despu\u00e9s de tantos a\u00f1os desinversi\u00f3n y de contar con un \u00e1rea desmantelada, recobrar la fuerza que hoy estamos haciendo posible&#8221;.<\/p>\n<p>Gustavo Vald\u00e9s indic\u00f3 que &#8220;apuntamos a seguir d\u00e1ndole fortaleza y salir a construir el dinamismo&#8221; mediante la entrega de los diferentes equipamientos que ser\u00e1n destinados a diferentes \u00e1reas del interior de Corrientes.<\/p>\n","protected":false},"excerpt":{"rendered":"<p>&#8220;No somos ni chupamedias, ni alcahuetes, decimos lo que necesitamos para Corrientes&#8221;, asever\u00f3 el gobernador, Gustavo Vald\u00e9s, quien volvi\u00f3 a sostener un tono cr\u00edtico contra una administraci\u00f3n central, con reminiscencias del per\u00edodo kirchnerista. En sinton\u00eda con sus pares radicales, el Mandatario cuestion\u00f3 el retaceo de la distribuci\u00f3n de fondos &#8220;que no son de Naci\u00f3n y [&hellip;]<\/p>\n","protected":false},"author":2,"featured_media":21546,"comment_status":"closed","ping_status":"closed","sticky":false,"template":"","format":"standard","meta":{"footnotes":""},"categories":[79],"tags":[],"class_list":{"0":"post-21545","1":"post","2":"type-post","3":"status-publish","4":"format-standard","5":"has-post-thumbnail","7":"category-politica"},"_links":{"self":[{"href":"https:\/\/radiobitacora.com.ar\/web\/wp-json\/wp\/v2\/posts\/21545","targetHints":{"allow":["GET"]}}],"collection":[{"href":"https:\/\/radiobitacora.com.ar\/web\/wp-json\/wp\/v2\/posts"}],"about":[{"href":"https:\/\/radiobitacora.com.ar\/web\/wp-json\/wp\/v2\/types\/post"}],"author":[{"embeddable":true,"href":"https:\/\/radiobitacora.com.ar\/web\/wp-json\/wp\/v2\/users\/2"}],"replies":[{"embeddable":true,"href":"https:\/\/radiobitacora.com.ar\/web\/wp-json\/wp\/v2\/comments?post=21545"}],"version-history":[{"count":0,"href":"https:\/\/radiobitacora.com.ar\/web\/wp-json\/wp\/v2\/posts\/21545\/revisions"}],"wp:featuredmedia":[{"embeddable":true,"href":"https:\/\/radiobitacora.com.ar\/web\/wp-json\/wp\/v2\/media\/21546"}],"wp:attachment":[{"href":"https:\/\/radiobitacora.com.ar\/web\/wp-json\/wp\/v2\/media?parent=21545"}],"wp:term":[{"taxonomy":"category","embeddable":true,"href":"https:\/\/radiobitacora.com.ar\/web\/wp-json\/wp\/v2\/categories?post=21545"},{"taxonomy":"post_tag","embeddable":true,"href":"https:\/\/radiobitacora.com.ar\/web\/wp-json\/wp\/v2\/tags?post=21545"}],"curies":[{"name":"wp","href":"https:\/\/api.w.org\/{rel}","templated":true}]}}