{"id":21563,"date":"2024-10-02T08:01:08","date_gmt":"2024-10-02T11:01:08","guid":{"rendered":"https:\/\/radiobitacora.com.ar\/web\/?p=21563"},"modified":"2024-10-02T08:01:08","modified_gmt":"2024-10-02T11:01:08","slug":"vuelve-francisco-el-musical","status":"publish","type":"post","link":"https:\/\/radiobitacora.com.ar\/web\/2024\/10\/02\/vuelve-francisco-el-musical\/","title":{"rendered":"Vuelve Francisco El Musical"},"content":{"rendered":"<p class=\"rtejustify\">El pr\u00f3ximo viernes 4 de octubre se repondr\u00e1 la obra de Candilejas, \u201cFrancisco, El Musical\u201d, en su sala \u201cLuis Horacio Carbone\u201d.<\/p>\n<p class=\"rtejustify\">Unos 700 espectadores han visto esta pieza teatral.<\/p>\n<p class=\"rtejustify\">Carlos Dante Ginochi, prol\u00edfico director teatral, adelant\u00f3 la nueva funci\u00f3n al hacer una rese\u00f1a de la actividad teatral en los 75 a\u00f1os de labor ininterrumpida del Vocacional de Goya.<\/p>\n<p class=\"rtejustify\">El referido director e integrante de la Comisi\u00f3n Directiva de Candilejas lleva dirigidas 36 obras. Dentro de los t\u00edtulos destacados se pueden mencionar: \u201cRomeo y Julieta\u201d en 1981; \u201cHamlet\u201d; \u201cEl Enfermo Imaginario\u201d; \u201cEl Conventillo de la Paloma\u201d; \u201cEsperando la Carroza\u201d; \u201cLa Casa de Bernarda Alba\u201d; \u201cJuan No\u201d; \u201cYo Judas\u201d; \u201cVenecia\u201d y la renovada \u201cFrancisco, El Musical\u201d. Un dato m\u00e1s para ilustrar la acci\u00f3n como director de teatro, uno de los m\u00e1s antiguos en plena vigencia, es que ha sido elegido uno de los 8 maestros del teatro correntino, lo que le vali\u00f3 ser invitado en el a\u00f1o 2018 a dar un seminario en el m\u00edtico Teatro Juan de Vera de la capital correntina.<\/p>\n<p class=\"rtejustify\">\n<p class=\"rtejustify\"><strong>SER EL DIRECTOR DE M\u00c1S TRAYECTORIA UN HALAGO Y UNA PRESI\u00d3N<\/strong><\/p>\n<p class=\"rtejustify\">\n<p class=\"rtejustify\">El director de teatro indic\u00f3 sobre la distinci\u00f3n: \u201cEs una presi\u00f3n\u201d, pero al mismo tiempo \u201cun halago de parte de los pares de Corrientes\u201d. Sin dudas, \u201cimplica un desaf\u00edo\u201d.<\/p>\n<p class=\"rtejustify\">\u201cTuve la suerte, la audacia de dirigir estos grandes cl\u00e1sicos, la obra de Moliere por ejemplo surgi\u00f3 a iniciativa del propio Horacio Carbone. Fue interesante esa puesta en escena. O la obra de Garc\u00eda Lorca, como el caso de \u201cLa Casa de Bernarda Alba\u201d. A esto le sumo uno de los cl\u00e1sicos del teatro argentino, el sainete \u201cEl Conventillo de la Paloma\u201d, solo por mencionar algunas\u201d. Asimismo, destac\u00f3 \u201cel poder representar en plena temporada en la calle Corrientes, la obra \u201cEsperando La Carroza\u201d; reitero, es una audacia poner ese grotesco, s\u00e1tira con un elenco numeroso que permiti\u00f3 el lucimiento de todos los actores. Sin olvidarme de la obra del goyano Saturnino Muniagurria, \u201cEl Carau\u201d, una adaptaci\u00f3n de Leonor Blanco de Tomasella, transformado en un musical con un brillo inigualable de Ricardito Silva\u201d.<\/p>\n<p class=\"rtejustify\">M\u00e1s adelante Ginochi sintetiz\u00f3: \u201cQuiero mencionar adem\u00e1s la obra de Mauro Santamar\u00eda \u201cJuan No\u201d y el autor espa\u00f1ol \u201cYo, Judas\u201d, porque cada uno implic\u00f3 un desaf\u00edo particular\u2026 Todas estas obras llevadas con m\u00fasica posibilit\u00f3 el lucimiento de grandes artistas locales, Ana Mar\u00eda Trainini y Carlos \u201cTini\u201d S\u00e1nchez, Andrea Zoilo, para poner en referencia\u201d.<\/p>\n<p class=\"rtejustify\">\n<p class=\"rtejustify\"><strong>ARTE COMBINADO<\/strong><\/p>\n<p class=\"rtejustify\">\n<p class=\"rtejustify\">Volviendo a Francisco, ilustr\u00f3: \u201cTenemos tres canoras, las tres guainas mayores, con voces extraordinarias, m\u00e1s el aporte de Ignacio (Francisco), Jos\u00e9 Laprovitta con la m\u00fasica en vivo; no concibo el teatro sin el aporte de la m\u00fasica, pienso en un teatro que sepa combinar las artes, las artes deben ser combinadas para que adquiera m\u00e1s valor\u201d.<\/p>\n<p class=\"rtejustify\">\n<p class=\"rtejustify\"><strong>SEMINARIO EN EL TEATRO VERA<\/strong><\/p>\n<p class=\"rtejustify\">\n<p class=\"rtejustify\">Sobre el seminario brindado en el Vera, coment\u00f3: \u201cFue un seminario de 6 horas con un descanso para el almuerzo de dos horas; invit\u00e9 a Sebasti\u00e1n Genes para ese tema, era Teatro en la Educaci\u00f3n. Una experiencia hermosa y gratificante para el teatro de Goya de estar participando en ese \u00e1mbito de la cultura provincial\u201d.<\/p>\n<p class=\"rtejustify\">\n<p class=\"rtejustify\"><strong>FRANCISCO EL MUSICAL<\/strong><\/p>\n<p class=\"rtejustify\">\n<p class=\"rtejustify\">Carlos Ginochi asegur\u00f3: Calculamos que cerca de 700\u00a0 personas han visto la obra, un n\u00famero importante para Goya. Estamos felices de los logros obtenidos, de la respuesta del p\u00fablico, de los espectadores\u201d.<\/p>\n<p class=\"rtejustify\">\u201cEn una \u00e9poca de dureza de nuestra realidad, el mensaje de Francisco est\u00e1 m\u00e1s vigente que nunca, contribuye a poner esa figura en un contexto real. Solo la referencia de su origen en la pen\u00ednsula it\u00e1lica, con el texto y la m\u00fasica combinada, refleja la universalidad de su presencia, con los rasgos de la humildad y austeridad que carcaterizan al Patrono de la Ecolog\u00eda. Nosotros incluimos autores argentinos y los m\u00fasicos y cantantes cat\u00f3licos, y agregamos ahora a Edid Piaf\u201d, agreg\u00f3.<\/p>\n<p class=\"rtejustify\">\n<p class=\"rtejustify\"><strong>UN LLAMADO A LA EMOCI\u00d3N DEL ESPECTADOR<\/strong><\/p>\n<p class=\"rtejustify\">\n<p class=\"rtejustify\">Al final invit\u00f3: \u201cVolvemos el viernes 4 a las 21,30 horas en nuestra sala \u201cLuis Horacio Carbone\u201d a representar \u201cFrancisco El Musical\u201d. Elegimos esta fecha porque es el d\u00eda de San Francisco de As\u00eds, queremos rendir homenaje a la persona hecha santa, con sus acciones y mensajes de universalidad, con su misi\u00f3n m\u00e1s actual que nunca. Si quieren volver a emocionarse, o si a\u00fan no la han visto, esta es la oportunidad, los esperamos en Candilejas\u201d.<\/p>\n","protected":false},"excerpt":{"rendered":"<p>El pr\u00f3ximo viernes 4 de octubre se repondr\u00e1 la obra de Candilejas, \u201cFrancisco, El Musical\u201d, en su sala \u201cLuis Horacio Carbone\u201d. Unos 700 espectadores han visto esta pieza teatral. Carlos Dante Ginochi, prol\u00edfico director teatral, adelant\u00f3 la nueva funci\u00f3n al hacer una rese\u00f1a de la actividad teatral en los 75 a\u00f1os de labor ininterrumpida del [&hellip;]<\/p>\n","protected":false},"author":2,"featured_media":21564,"comment_status":"closed","ping_status":"closed","sticky":false,"template":"","format":"standard","meta":{"footnotes":""},"categories":[56],"tags":[],"class_list":{"0":"post-21563","1":"post","2":"type-post","3":"status-publish","4":"format-standard","5":"has-post-thumbnail","7":"category-locales"},"_links":{"self":[{"href":"https:\/\/radiobitacora.com.ar\/web\/wp-json\/wp\/v2\/posts\/21563","targetHints":{"allow":["GET"]}}],"collection":[{"href":"https:\/\/radiobitacora.com.ar\/web\/wp-json\/wp\/v2\/posts"}],"about":[{"href":"https:\/\/radiobitacora.com.ar\/web\/wp-json\/wp\/v2\/types\/post"}],"author":[{"embeddable":true,"href":"https:\/\/radiobitacora.com.ar\/web\/wp-json\/wp\/v2\/users\/2"}],"replies":[{"embeddable":true,"href":"https:\/\/radiobitacora.com.ar\/web\/wp-json\/wp\/v2\/comments?post=21563"}],"version-history":[{"count":0,"href":"https:\/\/radiobitacora.com.ar\/web\/wp-json\/wp\/v2\/posts\/21563\/revisions"}],"wp:featuredmedia":[{"embeddable":true,"href":"https:\/\/radiobitacora.com.ar\/web\/wp-json\/wp\/v2\/media\/21564"}],"wp:attachment":[{"href":"https:\/\/radiobitacora.com.ar\/web\/wp-json\/wp\/v2\/media?parent=21563"}],"wp:term":[{"taxonomy":"category","embeddable":true,"href":"https:\/\/radiobitacora.com.ar\/web\/wp-json\/wp\/v2\/categories?post=21563"},{"taxonomy":"post_tag","embeddable":true,"href":"https:\/\/radiobitacora.com.ar\/web\/wp-json\/wp\/v2\/tags?post=21563"}],"curies":[{"name":"wp","href":"https:\/\/api.w.org\/{rel}","templated":true}]}}