{"id":21566,"date":"2024-10-02T08:04:44","date_gmt":"2024-10-02T11:04:44","guid":{"rendered":"https:\/\/radiobitacora.com.ar\/web\/?p=21566"},"modified":"2024-10-02T08:04:44","modified_gmt":"2024-10-02T11:04:44","slug":"novena-fiesta-patronal-y-semana-de-goya","status":"publish","type":"post","link":"https:\/\/radiobitacora.com.ar\/web\/2024\/10\/02\/novena-fiesta-patronal-y-semana-de-goya\/","title":{"rendered":"Novena, Fiesta Patronal y Semana de Goya"},"content":{"rendered":"<p>La ciudad de Goya celebra, honra y renueva la fe hacia la Virgen del Rosario, con el lema de la Di\u00f3cesis: \u201cQueremos ser una iglesia sencilla y ministerial\u201d, buscando resignificar los elementos configurativos de la identidad goyana.<\/p>\n<p>El cura p\u00e1rroco de la iglesia catedral, Jorge Ariel Gim\u00e9nez, en una rese\u00f1a afirm\u00f3: \u201cEn el inicio de nuestra celebraci\u00f3n pretendimos llevar el alma cultural de la identidad de Goya\u201d.<\/p>\n<p>&nbsp;<\/p>\n<p><strong>RENOVAR LA FE, UN ITINERARIO ESPIRITUAL Y CULTURAL<\/strong><\/p>\n<p>&nbsp;<\/p>\n<p>El sacerdote refiri\u00f3: \u201cQuisimos reunir esos elementos: r\u00edo, surub\u00ed, calle, campanario, puerto, amarradero de la villa del Rosario; llev\u00e1ndolos en peregrinaci\u00f3n hacia nuestra madre, la Virgen del Rosario, para regar nuestra alma, nuestro esp\u00edritu, para emprender el quehacer cotidiano\u201d.<\/p>\n<p>\u201cEn la novena se expresa el trabajo en conjunto con las instituciones, las fuerzas vivas que hacen al accionar de la din\u00e1mica de nuestra ciudad, que se reflejar\u00e1 en cada d\u00eda de la celebraci\u00f3n. Incluso esta salida hacia las instituciones busca ese amparo y protecci\u00f3n de la Patrona de Goya\u201d.<\/p>\n<p>\u201cLa novena nos impulsa a realizar el itinerario, camino de la espiritualidad, con el modelo dejado por Jes\u00fas, de ser una iglesia sencilla, cercana; poniendo en los \u00faltimos d\u00edas el talento, los dones de nuestros artistas para rendir el sentido homenaje a nuestra madre, con el aporte de Cultura de la Municipalidad. En la v\u00edspera, festival antes de la misa y despu\u00e9s de la celebraci\u00f3n lit\u00fargica, la vigilia, para aguardar la salida de la Virgen a saludar a sus hijos. Con la actuaci\u00f3n de la orquesta, la banda militar, el rezo y el canto del Ave Mar\u00eda con la interpretaci\u00f3n a cargo de Selva Vera, para honrar en su d\u00eda a la Patrona de Goya\u201d, resalt\u00f3 el sacerdote.<\/p>\n<p>&nbsp;<\/p>\n<p><strong>PROGRAMA DEL D\u00cdA DE LA VIRGEN<\/strong><\/p>\n<p>&nbsp;<\/p>\n<p>El p\u00e1rroco record\u00f3 el programa lit\u00fargico para el d\u00eda de la Virgen del Rosario. \u201cEn la solemnidad del d\u00eda 7 de octubre, la misa de los ni\u00f1os a las 9 horas, aguardando a las 11 a los Peregrinos provenientes de nuestras comunidades rurales, para celebrar con sus frutos la misa destinada a ellos, a las 15 horas la misa para los enfermos, a las 18 la procesi\u00f3n, para concluir con la celebraci\u00f3n de la misa central\u201d.<\/p>\n<p>&nbsp;<\/p>\n<p><strong>ORIGEN DE LA FE DE LOS GOYANOS<\/strong><\/p>\n<p>&nbsp;<\/p>\n<p>\u201cRecordemos que Goya era un amarradero, un puerto. En eso viene un viajante que trajo la imagen de la Virgen del Rosario a este lugar, una villa que se gest\u00f3 alrededor de esa figura. Luego se hizo una capilla, esto cal\u00f3 hondo en el alma del goyano, por eso la denominaci\u00f3n \u201cVilla del Rosario\u201d, expres\u00f3 Gim\u00e9nez.<\/p>\n<p>Cabe agregar que al ser elevada al rango de ciudad, la denominaci\u00f3n de \u201cVilla del Rosario del puerto de Goya\u201d decant\u00f3 en \u201cGoya\u201d.<\/p>\n<p>&nbsp;<\/p>\n<p><strong>D\u00cdAS DE BENDICIONES<\/strong><\/p>\n<p>&nbsp;<\/p>\n<p>Al final, el p\u00e1rroco Ariel Gim\u00e9nez invit\u00f3 a: \u201cParticipar todos los d\u00edas a las 19 horas con el rezo del rosario, y a las 20 horas la celebraci\u00f3n de la misa. Son d\u00edas de muchas bendiciones para nosotros\u201d.<\/p>\n","protected":false},"excerpt":{"rendered":"<p>La ciudad de Goya celebra, honra y renueva la fe hacia la Virgen del Rosario, con el lema de la Di\u00f3cesis: \u201cQueremos ser una iglesia sencilla y ministerial\u201d, buscando resignificar los elementos configurativos de la identidad goyana. El cura p\u00e1rroco de la iglesia catedral, Jorge Ariel Gim\u00e9nez, en una rese\u00f1a afirm\u00f3: \u201cEn el inicio de [&hellip;]<\/p>\n","protected":false},"author":2,"featured_media":21567,"comment_status":"closed","ping_status":"closed","sticky":false,"template":"","format":"standard","meta":{"footnotes":""},"categories":[56],"tags":[],"class_list":{"0":"post-21566","1":"post","2":"type-post","3":"status-publish","4":"format-standard","5":"has-post-thumbnail","7":"category-locales"},"_links":{"self":[{"href":"https:\/\/radiobitacora.com.ar\/web\/wp-json\/wp\/v2\/posts\/21566","targetHints":{"allow":["GET"]}}],"collection":[{"href":"https:\/\/radiobitacora.com.ar\/web\/wp-json\/wp\/v2\/posts"}],"about":[{"href":"https:\/\/radiobitacora.com.ar\/web\/wp-json\/wp\/v2\/types\/post"}],"author":[{"embeddable":true,"href":"https:\/\/radiobitacora.com.ar\/web\/wp-json\/wp\/v2\/users\/2"}],"replies":[{"embeddable":true,"href":"https:\/\/radiobitacora.com.ar\/web\/wp-json\/wp\/v2\/comments?post=21566"}],"version-history":[{"count":0,"href":"https:\/\/radiobitacora.com.ar\/web\/wp-json\/wp\/v2\/posts\/21566\/revisions"}],"wp:featuredmedia":[{"embeddable":true,"href":"https:\/\/radiobitacora.com.ar\/web\/wp-json\/wp\/v2\/media\/21567"}],"wp:attachment":[{"href":"https:\/\/radiobitacora.com.ar\/web\/wp-json\/wp\/v2\/media?parent=21566"}],"wp:term":[{"taxonomy":"category","embeddable":true,"href":"https:\/\/radiobitacora.com.ar\/web\/wp-json\/wp\/v2\/categories?post=21566"},{"taxonomy":"post_tag","embeddable":true,"href":"https:\/\/radiobitacora.com.ar\/web\/wp-json\/wp\/v2\/tags?post=21566"}],"curies":[{"name":"wp","href":"https:\/\/api.w.org\/{rel}","templated":true}]}}