{"id":21572,"date":"2024-10-02T08:13:35","date_gmt":"2024-10-02T11:13:35","guid":{"rendered":"https:\/\/radiobitacora.com.ar\/web\/?p=21572"},"modified":"2024-10-02T08:13:35","modified_gmt":"2024-10-02T11:13:35","slug":"un-fallo-judicial-repone-a-colombi-en-la-ucr-pero-la-eleccion-interna-no-corre-riesgo","status":"publish","type":"post","link":"https:\/\/radiobitacora.com.ar\/web\/2024\/10\/02\/un-fallo-judicial-repone-a-colombi-en-la-ucr-pero-la-eleccion-interna-no-corre-riesgo\/","title":{"rendered":"Un fallo judicial repone a Colombi en la UCR pero la elecci\u00f3n interna no corre riesgo"},"content":{"rendered":"<p>Aunque el cronograma electoral para renovar autoridades sigue vigente en la recta final a los comicios internos del 27 de octubre, la C\u00e1mara Nacional Electoral defini\u00f3 este martes que Ricardo Colombi vuelva a ser presidente de la Uni\u00f3n C\u00edvica Radical (UCR) de Corrientes, invalidando parcialmente lo definido en el Convenci\u00f3n celebrada en abril.<\/p>\n<div class=\"container-spot\" data-tipo=\"tipo_todo\" data-pos=\"NEW_P1_cuerpo\"><\/div>\n<p>En el fallo, la C\u00e1mara se\u00f1al\u00f3 que &#8220;corresponde anular solo parcialmente lo decidido por la Convenci\u00f3n el 29 de abril de 2024, en cuanto se arroga las funciones del Comit\u00e9 Central partidario&#8221;.<\/p>\n<p>Es decir, confirma la pr\u00f3rroga de mandatos que hab\u00eda definido el Comit\u00e9 presidido por Colombi, aunque no voltea la elecci\u00f3n interna de afiliados mayores que se realizar\u00e1 el 27 de octubre pr\u00f3ximo.<\/p>\n<div class=\"container-spot\" data-tipo=\"tipo_todo\" data-pos=\"NEW_P2_cuerpo\"><\/div>\n<p>El lunes, el fiscal federal de la Naci\u00f3n, Ramiro Gonz\u00e1lez, hab\u00eda solicitado a los &#8220;Jueces de C\u00e1mara hacer lugar a la apelaci\u00f3n interpuesta; consecuentemente,\u00a0<strong>se declare la nulidad parcial de la resoluci\u00f3n de fecha 29\/4\/24 de la Honorable Convenci\u00f3n de la UCR Corrientes<\/strong>\u00a0y se disponga, entonces, la pr\u00f3rroga del mandato y funciones del Comit\u00e9 Central de la agrupaci\u00f3n distrital de acuerdo a lo solicitado&#8221;.<\/p>\n<p>Esta solicitud surgi\u00f3 luego de que llegara a la fiscal\u00eda el recurso de apelaci\u00f3n interpuesto por Armando Rafael Aquino Britos, en representaci\u00f3n de Horacio Ricardo Colombi, contra la decisi\u00f3n del\u00a0juez federal, Juan Carlos Vallejos, que dispuso:\u00a0<strong>&#8220;Rechazar la acci\u00f3n de nulidad de las resoluciones tomadas por la Honorable Convenci\u00f3n Provincia de la Uni\u00f3n C\u00edvica Radical del d\u00eda 29 de abril de 2024, por los fundamentos expuestos\u201d.<\/strong><\/p>\n<div class=\"container-spot\" data-tipo=\"tipo_todo\" data-pos=\"NEW_P3_cuerpo\"><\/div>\n<p><strong>ANTECEDENTES<\/strong><\/p>\n<p>El exgobernador Ricardo Colombi hab\u00eda acudido\u00a0a la C\u00e1mara Nacional Electoral para insistir en una medida cautelar que lo devuelva a la presidencia de la UCR Corrientes y que reponga al tesorero del partido que la Convenci\u00f3n reemplaz\u00f3.<\/p>\n<p>El actual senador nacional acudi\u00f3 a la C\u00e1mara ante el rechazo al pedido de una medida cautelar\u00a0innovativa, que le permita seguir al frente del partido, para que los fondos de la fuerza lo maneje \u00e9l y el tesorero y que no se utilice la cuenta del Banco Corrientes, que resolvi\u00f3 la Convenci\u00f3n.<\/p>\n","protected":false},"excerpt":{"rendered":"<p>Aunque el cronograma electoral para renovar autoridades sigue vigente en la recta final a los comicios internos del 27 de octubre, la C\u00e1mara Nacional Electoral defini\u00f3 este martes que Ricardo Colombi vuelva a ser presidente de la Uni\u00f3n C\u00edvica Radical (UCR) de Corrientes, invalidando parcialmente lo definido en el Convenci\u00f3n celebrada en abril. En el [&hellip;]<\/p>\n","protected":false},"author":2,"featured_media":21573,"comment_status":"closed","ping_status":"closed","sticky":false,"template":"","format":"standard","meta":{"footnotes":""},"categories":[72],"tags":[],"class_list":{"0":"post-21572","1":"post","2":"type-post","3":"status-publish","4":"format-standard","5":"has-post-thumbnail","7":"category-provinciales"},"_links":{"self":[{"href":"https:\/\/radiobitacora.com.ar\/web\/wp-json\/wp\/v2\/posts\/21572","targetHints":{"allow":["GET"]}}],"collection":[{"href":"https:\/\/radiobitacora.com.ar\/web\/wp-json\/wp\/v2\/posts"}],"about":[{"href":"https:\/\/radiobitacora.com.ar\/web\/wp-json\/wp\/v2\/types\/post"}],"author":[{"embeddable":true,"href":"https:\/\/radiobitacora.com.ar\/web\/wp-json\/wp\/v2\/users\/2"}],"replies":[{"embeddable":true,"href":"https:\/\/radiobitacora.com.ar\/web\/wp-json\/wp\/v2\/comments?post=21572"}],"version-history":[{"count":0,"href":"https:\/\/radiobitacora.com.ar\/web\/wp-json\/wp\/v2\/posts\/21572\/revisions"}],"wp:featuredmedia":[{"embeddable":true,"href":"https:\/\/radiobitacora.com.ar\/web\/wp-json\/wp\/v2\/media\/21573"}],"wp:attachment":[{"href":"https:\/\/radiobitacora.com.ar\/web\/wp-json\/wp\/v2\/media?parent=21572"}],"wp:term":[{"taxonomy":"category","embeddable":true,"href":"https:\/\/radiobitacora.com.ar\/web\/wp-json\/wp\/v2\/categories?post=21572"},{"taxonomy":"post_tag","embeddable":true,"href":"https:\/\/radiobitacora.com.ar\/web\/wp-json\/wp\/v2\/tags?post=21572"}],"curies":[{"name":"wp","href":"https:\/\/api.w.org\/{rel}","templated":true}]}}