{"id":21598,"date":"2024-10-03T08:11:20","date_gmt":"2024-10-03T11:11:20","guid":{"rendered":"https:\/\/radiobitacora.com.ar\/web\/?p=21598"},"modified":"2024-10-03T08:11:20","modified_gmt":"2024-10-03T11:11:20","slug":"valdes-el-centro-oncologico-de-corrientes-garantizara-una-atencion-de-calidad-para-todos","status":"publish","type":"post","link":"https:\/\/radiobitacora.com.ar\/web\/2024\/10\/03\/valdes-el-centro-oncologico-de-corrientes-garantizara-una-atencion-de-calidad-para-todos\/","title":{"rendered":"Vald\u00e9s: \u201cEl Centro Oncol\u00f3gico de Corrientes garantizar\u00e1 una atenci\u00f3n de calidad para todos\u201d"},"content":{"rendered":"<p>El gobernador Gustavo Vald\u00e9s public\u00f3 este mi\u00e9rcoles un video en el que se muestran los distintos trabajos que se realizan sobre la esquina de avenida Chacabuco y Suiza (continuaci\u00f3n de Moreno), asegurando que all\u00ed \u201cla construcci\u00f3n del Centro Oncol\u00f3gico de Corrientes contin\u00faa avanzando\u201d y que el mismo \u201cgarantizar\u00e1 una atenci\u00f3n de calidad para todos\u201d.<\/p>\n<div class=\"container-spot\" data-tipo=\"tipo_todo\" data-pos=\"NEW_P1_cuerpo\">\n<div id=\"pppSlot7\" class=\" lazyloaded\" data-gpt=\"\/22675780113\/nota\/new_p1_cuerpo\" data-size=\"[[728, 90]]\" data-gpt-mobile=\"\/22675780113\/nota\/new_p1_cuerpo\" data-size-mobile=\"[[320, 100],[300, 250],[300, 100],[300, 50]]\" data-expand=\"300\"><\/div>\n<\/div>\n<p>Asimismo, sostuvo que \u201ccon tecnolog\u00eda de punta, ser\u00e1 el m\u00e1s moderno de la regi\u00f3n\u201d, y que de esta forma \u201cseguimos transformando el sistema de salud de la provincia\u201d.<\/p>\n<p>El mandatario provincial visit\u00f3 varias veces el progreso de esta obra de grandes dimensiones desde que inici\u00f3 en marzo del a\u00f1o pasado,\u00a0<strong>con una superficie cubierta de 4.500 m2 aproximadamente, en un predio del Estado Provincial de unos 20.000 m2 aproximadamente.<\/strong><\/p>\n<div class=\"container-spot\" data-tipo=\"tipo_todo\" data-pos=\"NEW_P2_cuerpo\">\n<div id=\"pppSlot8\" class=\" lazyloaded\" data-gpt=\"\/22675780113\/nota\/new_p2_cuerpo\" data-size=\"[[728, 90]]\" data-gpt-mobile=\"\/22675780113\/nota\/new_p2_cuerpo\" data-size-mobile=\"[[320, 100],[320, 50],[300, 600],[300, 250],[300, 100],[300, 50]]\" data-expand=\"300\"><\/div>\n<\/div>\n<p>&nbsp;<\/p>\n<div class=\"fixed-container direction-center\"><img decoding=\"async\" class=\"i-amphtml-fill-content i-amphtml-replaced-content\" title=\"Vald\u00e9s: \u201cEl Centro Oncol\u00f3gico de Corrientes garantizar\u00e1 una atenci\u00f3n de calidad para todos\u201d-\" src=\"https:\/\/pxcdn.ellitoral.com.ar\/litoral\/102024\/1727895930802.jpg?cw=446\" alt=\"Vald\u00e9s: \u201cEl Centro Oncol\u00f3gico de Corrientes garantizar\u00e1 una atenci\u00f3n de calidad para todos\u201d\" \/><\/div>\n<p>&nbsp;<\/p>\n<p>Est\u00e1 concebido como un centro integral con especialidad en oncolog\u00eda, de extensi\u00f3n regional, dedicado exclusivamente a desarrollar acciones de prevenci\u00f3n, diagn\u00f3stico, tratamiento y seguimiento del paciente oncol\u00f3gico, con tecnolog\u00eda de \u00faltima generaci\u00f3n, actualmente inexistente en toda Sudam\u00e9rica.<\/p>\n<div class=\"container-spot\" data-tipo=\"tipo_todo\" data-pos=\"NEW_P3_cuerpo\">\n<div id=\"pppSlot9\" class=\" lazyloaded\" data-gpt=\"\/22675780113\/nota\/new_p3_cuerpo\" data-size=\"[[728, 90]]\" data-gpt-mobile=\"\/22675780113\/nota\/new_p3_cuerpo\" data-size-mobile=\"[[320, 100],[320, 50],[300, 250],[300, 100],[300, 50]]\" data-expand=\"300\"><\/div>\n<\/div>\n<p>El Centro contar\u00e1 con una\u00a0<strong>Admisi\u00f3n General, Consultas Externas, un \u00e1rea de Diagn\u00f3stico Por Im\u00e1genes (RNM-TC) y otro de Tratamiento de Radioterapia (LINAC-BRAQUITERAPIA)<\/strong>\u00a0con sus respectivas \u00e1reas de apoyo. Tambi\u00e9n tendr\u00e1 un Sector de Medicina Nuclear (PET-CT\/SPEC-CT) y \u00e1reas de apoyo respectivas, sector de Mamograf\u00edas y Rayos X, sector administrativo y \u00e1reas de Personal y de Servicios Generales. El edificio en marcha contar\u00e1 con \u00e1reas de acceso t\u00e9cnico, sectores administrativos, sectores para equipamientos correspondientes a las instalaciones el\u00e9ctricas, termomec\u00e1nicas, sanitarias, y equipos respectivos de Electromedicina.<\/p>\n<p>En una oportunidad anterior, Vald\u00e9s hab\u00eda destacado que \u201ceste centro nos posicionar\u00e1 a la vanguardia de la prevenci\u00f3n, diagn\u00f3stico y tratamiento del c\u00e1ncer, brindando servicios de alta calidad a la comunidad\u201d y destac\u00f3 que \u201cgracias a una fuerte inversi\u00f3n, la instituci\u00f3n contar\u00e1 con con equipamiento de \u00faltima generaci\u00f3n que mejorar\u00e1n significativamente la atenci\u00f3n oncol\u00f3gica y la calidad de vida de los pacientes\u201d.<\/p>\n","protected":false},"excerpt":{"rendered":"<p>El gobernador Gustavo Vald\u00e9s public\u00f3 este mi\u00e9rcoles un video en el que se muestran los distintos trabajos que se realizan sobre la esquina de avenida Chacabuco y Suiza (continuaci\u00f3n de Moreno), asegurando que all\u00ed \u201cla construcci\u00f3n del Centro Oncol\u00f3gico de Corrientes contin\u00faa avanzando\u201d y que el mismo \u201cgarantizar\u00e1 una atenci\u00f3n de calidad para todos\u201d. Asimismo, [&hellip;]<\/p>\n","protected":false},"author":2,"featured_media":21599,"comment_status":"closed","ping_status":"closed","sticky":false,"template":"","format":"standard","meta":{"footnotes":""},"categories":[72],"tags":[],"class_list":{"0":"post-21598","1":"post","2":"type-post","3":"status-publish","4":"format-standard","5":"has-post-thumbnail","7":"category-provinciales"},"_links":{"self":[{"href":"https:\/\/radiobitacora.com.ar\/web\/wp-json\/wp\/v2\/posts\/21598","targetHints":{"allow":["GET"]}}],"collection":[{"href":"https:\/\/radiobitacora.com.ar\/web\/wp-json\/wp\/v2\/posts"}],"about":[{"href":"https:\/\/radiobitacora.com.ar\/web\/wp-json\/wp\/v2\/types\/post"}],"author":[{"embeddable":true,"href":"https:\/\/radiobitacora.com.ar\/web\/wp-json\/wp\/v2\/users\/2"}],"replies":[{"embeddable":true,"href":"https:\/\/radiobitacora.com.ar\/web\/wp-json\/wp\/v2\/comments?post=21598"}],"version-history":[{"count":0,"href":"https:\/\/radiobitacora.com.ar\/web\/wp-json\/wp\/v2\/posts\/21598\/revisions"}],"wp:featuredmedia":[{"embeddable":true,"href":"https:\/\/radiobitacora.com.ar\/web\/wp-json\/wp\/v2\/media\/21599"}],"wp:attachment":[{"href":"https:\/\/radiobitacora.com.ar\/web\/wp-json\/wp\/v2\/media?parent=21598"}],"wp:term":[{"taxonomy":"category","embeddable":true,"href":"https:\/\/radiobitacora.com.ar\/web\/wp-json\/wp\/v2\/categories?post=21598"},{"taxonomy":"post_tag","embeddable":true,"href":"https:\/\/radiobitacora.com.ar\/web\/wp-json\/wp\/v2\/tags?post=21598"}],"curies":[{"name":"wp","href":"https:\/\/api.w.org\/{rel}","templated":true}]}}