{"id":21602,"date":"2024-10-03T08:35:42","date_gmt":"2024-10-03T11:35:42","guid":{"rendered":"https:\/\/radiobitacora.com.ar\/web\/?p=21602"},"modified":"2024-10-03T08:35:42","modified_gmt":"2024-10-03T11:35:42","slug":"ucr-agitada-duros-cruces-y-desafios-tras-el-fallo-en-el-camino-a-internas","status":"publish","type":"post","link":"https:\/\/radiobitacora.com.ar\/web\/2024\/10\/03\/ucr-agitada-duros-cruces-y-desafios-tras-el-fallo-en-el-camino-a-internas\/","title":{"rendered":"UCR agitada: duros cruces y desaf\u00edos tras el fallo en el camino a internas"},"content":{"rendered":"<p>Por el momento, la polvareda sigue densa en el aire y se espera baje un poco para ver con m\u00e1s claridad qu\u00e9 queda sobre el convulsionado terreno del radicalismo correntino. La cosa deton\u00f3 cuando la C\u00e1mara Electoral Nacional resolvi\u00f3 el martes \u00faltimo mantener lo actuado por la Convenci\u00f3n en cuanto al proceso de elecciones internas, pero dispuso la pr\u00f3rroga de los mandatos de las autoridades del Comit\u00e9 Central a cargo de Ricardo Colombi. La puja interna, a menos de un mes de la interna, se repotenci\u00f3 al 100%.<\/p>\n<p>Lo cierto es que apenas se conoci\u00f3 el fallo, desde el entorno de Gustavo Vald\u00e9s, a la postre hasta ahora el \u00fanico candidato a presidente de la UCR Corrientes, se dieron definiciones al respecto. Sobre todo, en ratificar que el proceso eleccionario no se altera con este dictamen que -adem\u00e1s- ser\u00e1 apelado a modo de recursos extraordinario a la Corte Suprema de Justicia.<\/p>\n<p>&#8220;Son los \u00faltimos manotazos los que no quieren votar&#8221;, dijo por su parte Vald\u00e9s a la prensa en la noche de ese mismo martes del fallo desde San Cosme.<\/p>\n<p>Por si fuera poco, 24 horas despu\u00e9s lanz\u00f3 otro par de frases picantes, pero ya desde el escenario de un acto partidario en Capital, en el populoso circuito 5to B.<\/p>\n<p>La primera, con mucho \u00e9nfasis: &#8220;Este partido nacional y popular no se esconde bajo los escritorios de los jueces&#8221;.<\/p>\n<div class=\"1334190-images-embed gallery slick-initialized slick-slider\" data-role=\"m_gallery\"><button class=\"slick-prev slick-arrow\" type=\"button\" aria-label=\"Previous\">Previous<\/button><\/p>\n<div class=\"slick-list draggable\">\n<div class=\"slick-track\">\n<div class=\"image slick-slide slick-current slick-active\" tabindex=\"0\" data-slick-index=\"0\" aria-hidden=\"false\">\n<figure><img decoding=\"async\" src=\"https:\/\/www.diarioepoca.com\/content\/bucket\/1\/1388081h720.jpg.webp\" alt=\"fd6.jpg\" \/><\/figure>\n<\/div>\n<div class=\"image slick-slide\" tabindex=\"-1\" data-slick-index=\"1\" aria-hidden=\"true\">\n<figure><img decoding=\"async\" src=\"https:\/\/www.diarioepoca.com\/content\/bucket\/2\/1388082h720.jpg.webp\" alt=\"fd6a.jpg\" \/><\/figure>\n<\/div>\n<div class=\"image slick-slide\" tabindex=\"-1\" data-slick-index=\"2\" aria-hidden=\"true\">\n<figure><img decoding=\"async\" src=\"https:\/\/www.diarioepoca.com\/content\/bucket\/3\/1388083h720.jpg.webp\" alt=\"fd6b.jpg\" \/><\/figure>\n<\/div>\n<div class=\"image slick-slide\" tabindex=\"-1\" data-slick-index=\"3\" aria-hidden=\"true\">\n<figure><img decoding=\"async\" src=\"https:\/\/www.diarioepoca.com\/content\/bucket\/4\/1388084h720.jpg.webp\" alt=\"fd6c.jpg\" \/><\/figure>\n<\/div>\n<div class=\"image slick-slide\" tabindex=\"-1\" data-slick-index=\"4\" aria-hidden=\"true\">\n<figure><img decoding=\"async\" src=\"https:\/\/www.diarioepoca.com\/content\/bucket\/5\/1388085h720.jpg.webp\" alt=\"fd6d.jpg\" \/><\/figure>\n<\/div>\n<div class=\"image slick-slide\" tabindex=\"-1\" data-slick-index=\"5\" aria-hidden=\"true\">\n<figure><img decoding=\"async\" src=\"https:\/\/www.diarioepoca.com\/content\/bucket\/6\/1388086h720.jpg.webp\" alt=\"fd6e.jpg\" \/><\/figure>\n<\/div>\n<\/div>\n<\/div>\n<p><button class=\"slick-next slick-arrow\" type=\"button\" aria-label=\"Next\">Next<\/button><\/div>\n<p>Luego, una segunda con un poco m\u00e1s de le\u00f1a: &#8220;Hay correligionarios que andan pidiendo a los jueces que escondan las urnas, como pasaba en otras \u00e9pocas&#8221;.<\/p>\n<p>El de la noche de este mi\u00e9rcoles fue otro discurso encendido, como hab\u00eda ocurrido una semana antes en el 4to circuito, pero sin la polvareda del fallo de c\u00e1mara.<\/p>\n<p>Esta vez fue m\u00e1s directo y hasta lanz\u00f3 una advertencia: &#8220;En los pr\u00f3ximos tiempos nos van a poner palos en la rueda porque hicimos la gesti\u00f3n m\u00e1s exitosa de la historia, modernizamos la capital, industrializamos la provincia y estamos asegurando el futuro de los j\u00f3venes con la educaci\u00f3n tecnol\u00f3gica y de calidad&#8221;, dijo.<\/p>\n<p>A la vez, asegur\u00f3: &#8220;Nosotros vamos a modernizar a la UCR; en tres meses crecimos como partido porque tenemos 25.000 nuevos afiliados. Y esto fue posible porque todos los correligionarios no bajaron los brazos, queremos construir un partido vigoroso&#8221;.<\/p>\n<p>Adem\u00e1s, sostuvo: &#8220;Ya hay confirmaci\u00f3n en la Justicia de que vamos a votar el 27 de octubre a quienes ser\u00e1n nuestras autoridades partidarias, en los comit\u00e9s y desde ah\u00ed vamos a construir nuestra estrategia electoral para el a\u00f1o que viene, para seguir gobernando y continuar el progreso de la sociedad correntina toda. Vamos a convocar a construir el frente electoral que nos gobierne los pr\u00f3ximos 20 a\u00f1os&#8221;, subray\u00f3 en el final.<\/p>\n<h2>Abogado de Colombi<\/h2>\n<p>Armando Aquino Britos, asesor letrado de Ricardo Colombi, se refiri\u00f3 al fallo de la C\u00e1mara Nacional Electoral respecto a la situaci\u00f3n interna del partido. En este sentido, indic\u00f3 que la realizaci\u00f3n de las elecciones internas est\u00e1 sujeta a la decisi\u00f3n del presidente y la mesa directiva de la UCR.<\/p>\n<p>El abogado explic\u00f3 que &#8220;as\u00ed como se prorrogaron las autoridades de otras instituciones partidarias como es la Convenci\u00f3n, tambi\u00e9n debe ser prorrogado el mandato del doctor Colombi y de las autoridades del comit\u00e9&#8221;, dijo este mi\u00e9rcoles por radio Sudamericana.<\/p>\n<p>En cuanto al cronograma electoral de la UCR, que est\u00e1 previsto se realice este 27 de octubre, Aquino Britos afirm\u00f3: &#8220;La parte resolutiva no dice absolutamente nada, eso es materia de resoluci\u00f3n de los \u00f3rganos partidarios&#8221;.<\/p>\n<h2>Voces radicales<\/h2>\n<p>&#8220;Me da pena la actitud del doctor Colombi. La Justicia pudo haberle dado la raz\u00f3n, pero debe entender que el afiliado radical ya decidi\u00f3 otra cosa&#8221;, sostuvo Sergio Flinta, senador provincial y uno de los referentes del radicalismo local.<\/p>\n<p>&#8220;El fallo, de ninguna manera suspende, propone o anula la convocatoria de elecciones internas ni mucho menos el programa electoral interno. Eso est\u00e1 vigente, porque tenemos fecha para presentar las propuestas de los distintos candidatos a nuestra asamblea partidaria&#8221;, asegur\u00f3 Flinta.<\/p>\n<p>Asimismo, reconoci\u00f3: &#8220;No hablo con Colombi desde hace mucho. Y eso creo que est\u00e1 muy claro. Compartimos banca en el Senado, pero no tenemos di\u00e1logo&#8221;, indic\u00f3 en declaraciones a Radio Dos.<\/p>\n<p>&#8220;Lo \u00fanico que establece este fallo es recomponer al Comit\u00e9 Central hasta la fecha de las elecciones&#8221;, se\u00f1al\u00f3 por su parte Oscar Mart\u00ednez, apoderado del partido a nivel provincial.<\/p>\n<p>&#8220;La UCR se puso la camiseta para ser el partido m\u00e1s importante de la alianza gobernante&#8221;, resalto en tanto Marcos Amarilla, dirigente radical y actual presidente del Concejo capitalino.<\/p>\n<p>&#8220;Me parece que Gustavo Vald\u00e9s es el presidente del futuro y Ricardo Colombi es el presidente del pasado&#8221;, sintetiz\u00f3 con bastante picante Noel Breard, senador provincial y referente radical de Corrientes.<\/p>\n","protected":false},"excerpt":{"rendered":"<p>Por el momento, la polvareda sigue densa en el aire y se espera baje un poco para ver con m\u00e1s claridad qu\u00e9 queda sobre el convulsionado terreno del radicalismo correntino. La cosa deton\u00f3 cuando la C\u00e1mara Electoral Nacional resolvi\u00f3 el martes \u00faltimo mantener lo actuado por la Convenci\u00f3n en cuanto al proceso de elecciones internas, [&hellip;]<\/p>\n","protected":false},"author":2,"featured_media":21603,"comment_status":"closed","ping_status":"closed","sticky":false,"template":"","format":"standard","meta":{"footnotes":""},"categories":[79],"tags":[],"class_list":{"0":"post-21602","1":"post","2":"type-post","3":"status-publish","4":"format-standard","5":"has-post-thumbnail","7":"category-politica"},"_links":{"self":[{"href":"https:\/\/radiobitacora.com.ar\/web\/wp-json\/wp\/v2\/posts\/21602","targetHints":{"allow":["GET"]}}],"collection":[{"href":"https:\/\/radiobitacora.com.ar\/web\/wp-json\/wp\/v2\/posts"}],"about":[{"href":"https:\/\/radiobitacora.com.ar\/web\/wp-json\/wp\/v2\/types\/post"}],"author":[{"embeddable":true,"href":"https:\/\/radiobitacora.com.ar\/web\/wp-json\/wp\/v2\/users\/2"}],"replies":[{"embeddable":true,"href":"https:\/\/radiobitacora.com.ar\/web\/wp-json\/wp\/v2\/comments?post=21602"}],"version-history":[{"count":0,"href":"https:\/\/radiobitacora.com.ar\/web\/wp-json\/wp\/v2\/posts\/21602\/revisions"}],"wp:featuredmedia":[{"embeddable":true,"href":"https:\/\/radiobitacora.com.ar\/web\/wp-json\/wp\/v2\/media\/21603"}],"wp:attachment":[{"href":"https:\/\/radiobitacora.com.ar\/web\/wp-json\/wp\/v2\/media?parent=21602"}],"wp:term":[{"taxonomy":"category","embeddable":true,"href":"https:\/\/radiobitacora.com.ar\/web\/wp-json\/wp\/v2\/categories?post=21602"},{"taxonomy":"post_tag","embeddable":true,"href":"https:\/\/radiobitacora.com.ar\/web\/wp-json\/wp\/v2\/tags?post=21602"}],"curies":[{"name":"wp","href":"https:\/\/api.w.org\/{rel}","templated":true}]}}