{"id":21613,"date":"2024-10-04T17:37:23","date_gmt":"2024-10-04T20:37:23","guid":{"rendered":"https:\/\/radiobitacora.com.ar\/web\/?p=21613"},"modified":"2024-10-04T17:37:23","modified_gmt":"2024-10-04T20:37:23","slug":"un-sector-minoritario-no-quiere-votar-la-justicia-federal-confirmo-el-proceso-electoral-de-la-ucr-correntina","status":"publish","type":"post","link":"https:\/\/radiobitacora.com.ar\/web\/2024\/10\/04\/un-sector-minoritario-no-quiere-votar-la-justicia-federal-confirmo-el-proceso-electoral-de-la-ucr-correntina\/","title":{"rendered":"UN SECTOR MINORITARIO \u201cNO QUIERE VOTAR\u201d: LA JUSTICIA FEDERAL CONFIRM\u00d3 EL PROCESO ELECTORAL DE LA UCR CORRENTINA"},"content":{"rendered":"<p>En la mencionada Convenci\u00f3n, habi\u00e9ndose vencido plazos de mandatos, se reuni\u00f3 en dicha fecha en club San Mart\u00edn de la ciudad de Corrientes y por casi unanimidad defini\u00f3 prorrogar los mandatos de convencionales y del presidente de la Convenci\u00f3n, Henry Fick, quedando en sus manos el proceso electoral interno para renovar autoridades partidarias. Fue en la ocasi\u00f3n que se defini\u00f3 la fecha del 27 de octubre de 2024 para elegir nuevo presidente del Comit\u00e9 Central y dem\u00e1s autoridades distritales de toda la provincia.<\/p>\n<p>En aquella ocasi\u00f3n, habiendo votado en contra de m\u00e1s de un centenar de convencionales, Cristian Berger, Ida del Rosario Provasi, Edgardo Alegre, Julio Cesar Acosta Cyntia Ram\u00edrez y Miguel Rey pidieron la nulidad de dicha Convenci\u00f3n ante el Juzgado Federal 1 de Corrientes, argumentando\u00a0 supuestas violaciones a la Carta Org\u00e1nica de la UCR.<\/p>\n<p>Y este jueves 2 de octubre, recibieron la respectiva respuesta firmada por el juez federal Juan Carlos Vallejos y el secretario electoral Juan Jos\u00e9 Ferreyra. \u201cResuelvo rechazar la acci\u00f3n de nulidad promovida por los peticionantes\u201d, expresa la resoluci\u00f3n N\u00ba 330\/2024 de dicho juzgado, fundamentando que \u201cla jurisprudencia de la C\u00e1mara Nacional Electoral establece la menor intromisi\u00f3n posible en la vida interna de los partidos, salvo graves y flagrantes violaciones a las leyes\u201d.<\/p>\n<p>\u201cNo quieren votar\u201d, juzg\u00f3, por su parte, el ministro de Seguridad, Alfredo Vallejos, quien el 19 de abril fue elegido por la Convenci\u00f3n de la UCR como nuevo apoderado del partido.<\/p>\n<p><strong>Vald\u00e9s en Las Mil<img loading=\"lazy\" decoding=\"async\" class=\"size-medium wp-image-68436 alignright entered lazyloaded\" src=\"https:\/\/883radiociudad.gob.ar\/wp-content\/uploads\/2024\/10\/WhatsApp-Image-2024-10-03-at-11.41.05-300x200.jpeg.webp\" sizes=\"auto, (max-width: 300px) 100vw, 300px\" srcset=\"https:\/\/883radiociudad.gob.ar\/wp-content\/uploads\/2024\/10\/WhatsApp-Image-2024-10-03-at-11.41.05-300x200.jpeg.webp 300w, https:\/\/883radiociudad.gob.ar\/wp-content\/uploads\/2024\/10\/WhatsApp-Image-2024-10-03-at-11.41.05-1024x682.jpeg.webp 1024w, https:\/\/883radiociudad.gob.ar\/wp-content\/uploads\/2024\/10\/WhatsApp-Image-2024-10-03-at-11.41.05-768x512.jpeg.webp 768w, https:\/\/883radiociudad.gob.ar\/wp-content\/uploads\/2024\/10\/WhatsApp-Image-2024-10-03-at-11.41.05-1536x1023.jpeg.webp 1536w, https:\/\/883radiociudad.gob.ar\/wp-content\/uploads\/2024\/10\/WhatsApp-Image-2024-10-03-at-11.41.05.jpeg.webp 1600w\" alt=\"\" width=\"300\" height=\"200\" data-lazy-srcset=\"https:\/\/883radiociudad.gob.ar\/wp-content\/uploads\/2024\/10\/WhatsApp-Image-2024-10-03-at-11.41.05-300x200.jpeg.webp 300w, https:\/\/883radiociudad.gob.ar\/wp-content\/uploads\/2024\/10\/WhatsApp-Image-2024-10-03-at-11.41.05-1024x682.jpeg.webp 1024w, https:\/\/883radiociudad.gob.ar\/wp-content\/uploads\/2024\/10\/WhatsApp-Image-2024-10-03-at-11.41.05-768x512.jpeg.webp 768w, https:\/\/883radiociudad.gob.ar\/wp-content\/uploads\/2024\/10\/WhatsApp-Image-2024-10-03-at-11.41.05-1536x1023.jpeg.webp 1536w, https:\/\/883radiociudad.gob.ar\/wp-content\/uploads\/2024\/10\/WhatsApp-Image-2024-10-03-at-11.41.05.jpeg.webp 1600w\" data-lazy-sizes=\"(max-width: 300px) 100vw, 300px\" data-lazy-src=\"https:\/\/883radiociudad.gob.ar\/wp-content\/uploads\/2024\/10\/WhatsApp-Image-2024-10-03-at-11.41.05-300x200.jpeg.webp\" data-lazy-src-webp=\"https:\/\/883radiociudad.gob.ar\/wp-content\/uploads\/2024\/10\/WhatsApp-Image-2024-10-03-at-11.41.05-300x200.jpeg.webp\" data-lazy-srcset-webp=\"https:\/\/883radiociudad.gob.ar\/wp-content\/uploads\/2024\/10\/WhatsApp-Image-2024-10-03-at-11.41.05-300x200.jpeg.webp 300w, https:\/\/883radiociudad.gob.ar\/wp-content\/uploads\/2024\/10\/WhatsApp-Image-2024-10-03-at-11.41.05-1024x682.jpeg.webp 1024w, https:\/\/883radiociudad.gob.ar\/wp-content\/uploads\/2024\/10\/WhatsApp-Image-2024-10-03-at-11.41.05-768x512.jpeg.webp 768w, https:\/\/883radiociudad.gob.ar\/wp-content\/uploads\/2024\/10\/WhatsApp-Image-2024-10-03-at-11.41.05-1536x1023.jpeg.webp 1536w, https:\/\/883radiociudad.gob.ar\/wp-content\/uploads\/2024\/10\/WhatsApp-Image-2024-10-03-at-11.41.05.jpeg.webp 1600w\" data-ll-status=\"loaded\" \/><\/strong><\/p>\n<p>El gobernador Gustavo Vald\u00e9s y aspirante a conducir la UCR provincial, encabez\u00f3 un acto partidario este mi\u00e9rcoles en el club de b\u00e1squet ubicado en Cosqu\u00edn y La Paz del barrio Mil Viviendas, donde se refiri\u00f3 a esta cuesti\u00f3n y recibi\u00f3 el apoyo de una multitud militante.<\/p>\n<p>\u201cHay algunos correligionarios que le andan pidiendo a los jueces que escondan las urnas, nosotros somos un partido democr\u00e1tico y vamos a votar\u201d, espet\u00f3 ante una multitud que asisti\u00f3 para apoyar su candidatura a presidente del Comit\u00e9 Central. Luego asegur\u00f3 que \u201cya hay confirmaci\u00f3n en la Justicia de que vamos a votar el 27 de octubre, (para saber) qui\u00e9nes ser\u00e1n nuestras autoridades partidarias, en cada comit\u00e9 y desde ah\u00ed vamos a construir nuestra estrategia electoral para el a\u00f1o que viene seguir gobernando y continuar el progreso de la sociedad correntina toda\u201d.<\/p>\n<p>En este marco, advirti\u00f3 que \u201cen los pr\u00f3ximos tiempos nos van a poner palos en la rueda, porque hicimos la gesti\u00f3n m\u00e1s exitosa de la historia, modernizamos la Capital, industrializamos la provincia y estamos asegurando el futuro de los j\u00f3venes con educaci\u00f3n tecnol\u00f3gica y de calidad\u201d.<\/p>\n<p>\u201cYo llevo en mi ADN el radicalismo, milito en este partido hace casi 40 a\u00f1os\u201d, dijo Vald\u00e9s en este discurso y asegur\u00f3 que \u201cnosotros vamos a tener un partido distinto que le abra la puerta al militante que trae la inquietud de su barrio para mejorarlo\u201d, agregando que \u201cvamos a modernizar a la UCR, en tres meses crecimos como partido porque tenemos 25 mil nuevos afiliados\u201d.<\/p>\n<p>Y areng\u00f3: \u201cQueremos construir un partido vigoroso y vamos a construir nuestra estrategia electoral para el a\u00f1o que viene seguir gobernando para continuar el progreso de la sociedad correntina toda, porque vamos a convocar a construir el frente electoral que nos gobierne los pr\u00f3ximos 20 a\u00f1os\u201d.<\/p>\n<p>Por su parte, el intendente Eduardo Tassano, en su discurso de la ocasi\u00f3n, dijo que \u201ctodos estos a\u00f1os, el gobierno de Vald\u00e9s no tiene parang\u00f3n en toda la regi\u00f3n para comparar el gran crecimiento de nuestra ciudad Capital\u201d.\u00a0 Y agreg\u00f3: \u201cTenemos que seguir trabajando para que el 27 de octubre Gustavo Vald\u00e9s sea presidente del Comit\u00e9 Central de la UCR\u201d.<\/p>\n<p>Mientras que Henry Fick, afirm\u00f3 que \u201cpor mandato de la Convenci\u00f3n Provincial venimos conduciendo el proceso electoral con mucho esfuerzo. Tuvimos una afiliaci\u00f3n hist\u00f3rica con 25 mil fichas presentadas, el 60 por ciento mujeres y el 40 por ciento j\u00f3venes. Hoy tenemos m\u00e1s de 85 mil afiliados\u201d.<\/p>\n<p>Tambi\u00e9n fueron oradores de este acto, la diputada provincial Andrea Giotta, se\u00f1alando que \u201cqueremos un partido cada vez m\u00e1s unido, m\u00e1s democr\u00e1tico, abierto, que nos incluya a todos. Queremos que Gustavo Vald\u00e9s sea nuestro presidente de la UCR\u201d y la concejal Lilian Cano, expresando que \u201cla Juventud Radical est\u00e1 trabajando unida en toda la provincia, seguimos apostando a una renovaci\u00f3n en nuestro partido y esa renovaci\u00f3n es Gustavo Vald\u00e9s, presidente de la UCR\u201d.<\/p>\n<p>Cabe resaltar que acompa\u00f1aron sobre el escenario de este acto a Vald\u00e9s: adem\u00e1s de los mencionados, el rector de la UNNE, Omar Larroza, y los dirigentes radicales, entre funcionarios y legisladores, Miguel Olivieri, Claudio Polich, Walter Ch\u00e1vez, H\u00e9ctor Torres, Di\u00f3genes Gonz\u00e1lez, Sonia Quintana, Ver\u00f3nica Esp\u00edndola, Sergio Flinta, Alfredo Vallejos, Noel Breard, Norberto Ast, Marcos Amarilla, Ad\u00e1n Gaya, Mariel Gabur y Ricardo Cardozo.<\/p>\n","protected":false},"excerpt":{"rendered":"<p>En la mencionada Convenci\u00f3n, habi\u00e9ndose vencido plazos de mandatos, se reuni\u00f3 en dicha fecha en club San Mart\u00edn de la ciudad de Corrientes y por casi unanimidad defini\u00f3 prorrogar los mandatos de convencionales y del presidente de la Convenci\u00f3n, Henry Fick, quedando en sus manos el proceso electoral interno para renovar autoridades partidarias. Fue en [&hellip;]<\/p>\n","protected":false},"author":2,"featured_media":21614,"comment_status":"closed","ping_status":"closed","sticky":false,"template":"","format":"standard","meta":{"footnotes":""},"categories":[79],"tags":[],"class_list":{"0":"post-21613","1":"post","2":"type-post","3":"status-publish","4":"format-standard","5":"has-post-thumbnail","7":"category-politica"},"_links":{"self":[{"href":"https:\/\/radiobitacora.com.ar\/web\/wp-json\/wp\/v2\/posts\/21613","targetHints":{"allow":["GET"]}}],"collection":[{"href":"https:\/\/radiobitacora.com.ar\/web\/wp-json\/wp\/v2\/posts"}],"about":[{"href":"https:\/\/radiobitacora.com.ar\/web\/wp-json\/wp\/v2\/types\/post"}],"author":[{"embeddable":true,"href":"https:\/\/radiobitacora.com.ar\/web\/wp-json\/wp\/v2\/users\/2"}],"replies":[{"embeddable":true,"href":"https:\/\/radiobitacora.com.ar\/web\/wp-json\/wp\/v2\/comments?post=21613"}],"version-history":[{"count":0,"href":"https:\/\/radiobitacora.com.ar\/web\/wp-json\/wp\/v2\/posts\/21613\/revisions"}],"wp:featuredmedia":[{"embeddable":true,"href":"https:\/\/radiobitacora.com.ar\/web\/wp-json\/wp\/v2\/media\/21614"}],"wp:attachment":[{"href":"https:\/\/radiobitacora.com.ar\/web\/wp-json\/wp\/v2\/media?parent=21613"}],"wp:term":[{"taxonomy":"category","embeddable":true,"href":"https:\/\/radiobitacora.com.ar\/web\/wp-json\/wp\/v2\/categories?post=21613"},{"taxonomy":"post_tag","embeddable":true,"href":"https:\/\/radiobitacora.com.ar\/web\/wp-json\/wp\/v2\/tags?post=21613"}],"curies":[{"name":"wp","href":"https:\/\/api.w.org\/{rel}","templated":true}]}}