{"id":21616,"date":"2024-10-04T17:40:37","date_gmt":"2024-10-04T20:40:37","guid":{"rendered":"https:\/\/radiobitacora.com.ar\/web\/?p=21616"},"modified":"2024-10-04T17:40:37","modified_gmt":"2024-10-04T20:40:37","slug":"casco-destaca-la-inauguracion-de-pavimento-de-calle-alemania-y-las-actividades-del-mes-de-la-plena-inclusion","status":"publish","type":"post","link":"https:\/\/radiobitacora.com.ar\/web\/2024\/10\/04\/casco-destaca-la-inauguracion-de-pavimento-de-calle-alemania-y-las-actividades-del-mes-de-la-plena-inclusion\/","title":{"rendered":"CASCO DESTACA LA INAUGURACI\u00d3N DE PAVIMENTO DE CALLE ALEMANIA Y LAS ACTIVIDADES DEL MES DE LA PLENA INCLUSI\u00d3N"},"content":{"rendered":"<p>Desde la Direcci\u00f3n de Consejo Vecinales, se ha trabajado en colaboraci\u00f3n estrecha con el Plenario Vecinal para coordinar las actividades del mes de octubre, dedicadas a la inclusi\u00f3n plena. \u201cSiempre atentos a las actividades que estamos llevando a cabo en la Direcci\u00f3n de Consejo Vecinales, por supuesto en conjunto con el Consejo Plenario Vecinal, que es el \u00e1rea con la que trabajamos en forma conjunta\u201d, comenz\u00f3 explicando Jos\u00e9 Casco.<\/p>\n<p>El funcionario destac\u00f3 la importancia de este mes en la Plaza Mitre, un espacio central donde se desarrollar\u00e1n distintas actividades culturales y recreativas. \u201cMa\u00f1ana es el inicio socialmente presentado de todo lo que es este mes de la plena inclusi\u00f3n. Habr\u00e1 distintas actividades, incluyendo un festival donde participar\u00e1n el Instituto de Danza y los chicos de la Coordinaci\u00f3n de Discapacidad\u201d, mencion\u00f3 Casco, quien destac\u00f3 que esta es una oportunidad para que toda la comunidad se sume y participe.<\/p>\n<p>Uno de los puntos importantes que resalt\u00f3 Casco fue el rol que tendr\u00e1 el Consejo Vecinal durante estos eventos, especialmente en lo que refiere a la atenci\u00f3n de los asistentes. \u201cNosotros estaremos con algo fundamental, que es el refrigerio para los protagonistas\u201d, coment\u00f3. En este sentido, explic\u00f3 que cada a\u00f1o se encargan de proveer jugo fresco, agua con hielo y golosinas, asegurando que los participantes puedan disfrutar de la jornada bajo condiciones c\u00f3modas. \u201cCuando hace calor, siempre tenemos una alta demanda del refrigerio. Nos encanta estar presentes y trabajar con estos chicos\u201d, agreg\u00f3 con entusiasmo.<\/p>\n<p><strong>INAUGURACI\u00d3N DE PAVIMENTO EN CALLE ALEMANIA<img loading=\"lazy\" decoding=\"async\" class=\"size-medium wp-image-68450 alignright entered lazyloaded\" src=\"https:\/\/883radiociudad.gob.ar\/wp-content\/uploads\/2024\/10\/nota-casco-3-300x200.jpeg.webp\" sizes=\"auto, (max-width: 300px) 100vw, 300px\" srcset=\"https:\/\/883radiociudad.gob.ar\/wp-content\/uploads\/2024\/10\/nota-casco-3-300x200.jpeg.webp 300w, https:\/\/883radiociudad.gob.ar\/wp-content\/uploads\/2024\/10\/nota-casco-3.jpeg.webp 720w\" alt=\"\" width=\"300\" height=\"200\" data-lazy-srcset=\"https:\/\/883radiociudad.gob.ar\/wp-content\/uploads\/2024\/10\/nota-casco-3-300x200.jpeg.webp 300w, https:\/\/883radiociudad.gob.ar\/wp-content\/uploads\/2024\/10\/nota-casco-3.jpeg.webp 720w\" data-lazy-sizes=\"(max-width: 300px) 100vw, 300px\" data-lazy-src=\"https:\/\/883radiociudad.gob.ar\/wp-content\/uploads\/2024\/10\/nota-casco-3-300x200.jpeg.webp\" data-lazy-src-webp=\"https:\/\/883radiociudad.gob.ar\/wp-content\/uploads\/2024\/10\/nota-casco-3-300x200.jpeg.webp\" data-lazy-srcset-webp=\"https:\/\/883radiociudad.gob.ar\/wp-content\/uploads\/2024\/10\/nota-casco-3-300x200.jpeg.webp 300w, https:\/\/883radiociudad.gob.ar\/wp-content\/uploads\/2024\/10\/nota-casco-3.jpeg.webp 720w\" data-ll-status=\"loaded\" \/>\u00a0<\/strong><\/p>\n<p>Casco tambi\u00e9n aprovech\u00f3 la oportunidad para hablar sobre el avance de las obras p\u00fablicas en la ciudad, haciendo hincapi\u00e9 en la inauguraci\u00f3n del pavimento en calle Alemania, frente a la Estaci\u00f3n de los Ni\u00f1os. Esta obra, que se inaugura hoy jueves 3 de octubre, representa un nuevo paso en la mejora de la infraestructura urbana en Goya.<\/p>\n<p>\u201cEste es un paseo donde muchas familias se abocan para pasar un fin de semana\u201d, coment\u00f3 Casco, refiri\u00e9ndose a la Estaci\u00f3n de los Ni\u00f1os como un espacio recreativo que ha sido apropiado por los vecinos. \u201cHoy se va a inaugurar este pavimento que embellece a\u00fan m\u00e1s el adoquinado de la zona, y es algo que ha sido posible gracias a los recursos propios del municipio\u201d, subray\u00f3.<\/p>\n<p>El funcionario no dud\u00f3 en destacar la eficiente administraci\u00f3n del intendente Mariano Hormaechea, quien ha sabido gestionar los recursos para llevar adelante estas obras. \u201cEsta es una obra m\u00e1s que muestra c\u00f3mo se invierten bien los impuestos de los vecinos. Tambi\u00e9n est\u00e1 administrada la plata del estacionamiento medido, que aunque fue cuestionado al principio, hoy se ve reflejada en estas mejoras\u201d, explic\u00f3. Seg\u00fan Casco, el estacionamiento medido ha transformado la forma en que los ciudadanos interact\u00faan con el centro de la ciudad. \u201cAntes ven\u00edamos al centro y no hab\u00eda lugar para estacionar, hoy el vecino puede estacionar donde necesita, pero tiene que pagar su lugar. Como en todo lugar, la comodidad tiene un costo\u201d, aclar\u00f3, defendiendo la implementaci\u00f3n del sistema.<\/p>\n<p><strong>LAS REUNIONES ZONALES<\/strong><strong><img loading=\"lazy\" decoding=\"async\" class=\"size-medium wp-image-68449 alignleft entered lazyloaded\" src=\"https:\/\/883radiociudad.gob.ar\/wp-content\/uploads\/2024\/10\/nota-casco-1-1-209x300.jpeg.webp\" sizes=\"auto, (max-width: 209px) 100vw, 209px\" srcset=\"https:\/\/883radiociudad.gob.ar\/wp-content\/uploads\/2024\/10\/nota-casco-1-1-209x300.jpeg.webp 209w, https:\/\/883radiociudad.gob.ar\/wp-content\/uploads\/2024\/10\/nota-casco-1-1.jpeg.webp 666w\" alt=\"\" width=\"209\" height=\"300\" data-lazy-srcset=\"https:\/\/883radiociudad.gob.ar\/wp-content\/uploads\/2024\/10\/nota-casco-1-1-209x300.jpeg.webp 209w, https:\/\/883radiociudad.gob.ar\/wp-content\/uploads\/2024\/10\/nota-casco-1-1.jpeg.webp 666w\" data-lazy-sizes=\"(max-width: 209px) 100vw, 209px\" data-lazy-src=\"https:\/\/883radiociudad.gob.ar\/wp-content\/uploads\/2024\/10\/nota-casco-1-1-209x300.jpeg.webp\" data-lazy-src-webp=\"https:\/\/883radiociudad.gob.ar\/wp-content\/uploads\/2024\/10\/nota-casco-1-1-209x300.jpeg.webp\" data-lazy-srcset-webp=\"https:\/\/883radiociudad.gob.ar\/wp-content\/uploads\/2024\/10\/nota-casco-1-1-209x300.jpeg.webp 209w, https:\/\/883radiociudad.gob.ar\/wp-content\/uploads\/2024\/10\/nota-casco-1-1.jpeg.webp 666w\" data-ll-status=\"loaded\" \/><\/strong><\/p>\n<p>M\u00e1s all\u00e1 de las obras y los eventos, Casco puso en valor el papel de los presidentes barriales y las reuniones zonales que se llevan a cabo semanalmente. Estas reuniones permiten a los l\u00edderes vecinales plantear sus inquietudes y coordinar acciones de manera directa con el Intendente Mariano Hormaechea y con las autoridades municipales.<\/p>\n<p>\u201cEstamos llevando a cabo reuniones zonales con los presidentes barriales o sus referentes. Esto nos permite tener un di\u00e1logo m\u00e1s cercano y resolver dudas, sobre todo para los presidentes nuevos que tienen muchas preguntas\u201d, explic\u00f3 Casco. Aunque en las \u00faltimas semanas algunas reuniones se han pospuesto debido a la agenda del intendente, Casco asegur\u00f3 que estas reuniones son fundamentales para mejorar la gesti\u00f3n y la comunicaci\u00f3n entre los barrios y el municipio.<\/p>\n<p>\u201cA veces no podemos hacer una audiencia individual con cada uno, por eso estas reuniones son muy productivas. Es distinto a reunirnos con 50 o 60 presidentes al mismo tiempo, donde algunos tienen muchas ganas de hablar y no siempre hay tiempo suficiente\u201d, coment\u00f3. Este formato m\u00e1s reducido permite un debate m\u00e1s profundo sobre las realidades espec\u00edficas de cada zona, algo que Casco considera esencial.<\/p>\n<p>El funcionario tambi\u00e9n detall\u00f3 c\u00f3mo las diferentes zonas de Goya tienen necesidades variadas, lo que hace que la interacci\u00f3n en estas reuniones sea a\u00fan m\u00e1s importante. \u201cPor ejemplo, en la zona centro hay barrios como San Cayetano, Rotonda, Medalla Milagrosa, Palau, Inmaculada o Santa Catalina, que tienen diferentes realidades en cuanto a infraestructura. Algunos tienen calles de tierra, mientras que otros tienen asfalto. Es necesario que todas estas voces sean escuchadas\u201d, dijo.<\/p>\n<p>Jos\u00e9 Casco dej\u00f3 claro que el trabajo del Consejo Vecinal no se limita a una tarea administrativa, sino que busca fortalecer el v\u00ednculo entre los vecinos y las autoridades. \u201cNuestro objetivo es que todos los presidentes barriales est\u00e9n bien preparados y sepan c\u00f3mo gestionar las necesidades de su comunidad\u201d, se\u00f1al\u00f3. Adem\u00e1s, destac\u00f3 que la coordinaci\u00f3n con el intendente y su equipo permiten dar respuestas concretas a las inquietudes de los vecinos.<\/p>\n<p>\u201cEsto es muy lindo, el intendente escucha a todos y devuelve respuestas. Sabemos que no siempre es posible tener una audiencia individual con cada vecino, pero estas reuniones zonales permiten una interacci\u00f3n directa y productiva\u201d, afirm\u00f3 Casco, quien reiter\u00f3 la importancia de la participaci\u00f3n ciudadana para seguir construyendo una mejor ciudad.<\/p>\n","protected":false},"excerpt":{"rendered":"<p>Desde la Direcci\u00f3n de Consejo Vecinales, se ha trabajado en colaboraci\u00f3n estrecha con el Plenario Vecinal para coordinar las actividades del mes de octubre, dedicadas a la inclusi\u00f3n plena. \u201cSiempre atentos a las actividades que estamos llevando a cabo en la Direcci\u00f3n de Consejo Vecinales, por supuesto en conjunto con el Consejo Plenario Vecinal, que [&hellip;]<\/p>\n","protected":false},"author":2,"featured_media":21617,"comment_status":"closed","ping_status":"closed","sticky":false,"template":"","format":"standard","meta":{"footnotes":""},"categories":[56],"tags":[],"class_list":{"0":"post-21616","1":"post","2":"type-post","3":"status-publish","4":"format-standard","5":"has-post-thumbnail","7":"category-locales"},"_links":{"self":[{"href":"https:\/\/radiobitacora.com.ar\/web\/wp-json\/wp\/v2\/posts\/21616","targetHints":{"allow":["GET"]}}],"collection":[{"href":"https:\/\/radiobitacora.com.ar\/web\/wp-json\/wp\/v2\/posts"}],"about":[{"href":"https:\/\/radiobitacora.com.ar\/web\/wp-json\/wp\/v2\/types\/post"}],"author":[{"embeddable":true,"href":"https:\/\/radiobitacora.com.ar\/web\/wp-json\/wp\/v2\/users\/2"}],"replies":[{"embeddable":true,"href":"https:\/\/radiobitacora.com.ar\/web\/wp-json\/wp\/v2\/comments?post=21616"}],"version-history":[{"count":0,"href":"https:\/\/radiobitacora.com.ar\/web\/wp-json\/wp\/v2\/posts\/21616\/revisions"}],"wp:featuredmedia":[{"embeddable":true,"href":"https:\/\/radiobitacora.com.ar\/web\/wp-json\/wp\/v2\/media\/21617"}],"wp:attachment":[{"href":"https:\/\/radiobitacora.com.ar\/web\/wp-json\/wp\/v2\/media?parent=21616"}],"wp:term":[{"taxonomy":"category","embeddable":true,"href":"https:\/\/radiobitacora.com.ar\/web\/wp-json\/wp\/v2\/categories?post=21616"},{"taxonomy":"post_tag","embeddable":true,"href":"https:\/\/radiobitacora.com.ar\/web\/wp-json\/wp\/v2\/tags?post=21616"}],"curies":[{"name":"wp","href":"https:\/\/api.w.org\/{rel}","templated":true}]}}