{"id":21630,"date":"2024-10-04T17:57:32","date_gmt":"2024-10-04T20:57:32","guid":{"rendered":"https:\/\/radiobitacora.com.ar\/web\/?p=21630"},"modified":"2024-10-04T17:57:32","modified_gmt":"2024-10-04T20:57:32","slug":"dolar-libre-en-caida-que-dice-el-mercado-sobre-la-baja-de-las-cotizaciones-paralelas-y-hasta-donde-pueden-llegar","status":"publish","type":"post","link":"https:\/\/radiobitacora.com.ar\/web\/2024\/10\/04\/dolar-libre-en-caida-que-dice-el-mercado-sobre-la-baja-de-las-cotizaciones-paralelas-y-hasta-donde-pueden-llegar\/","title":{"rendered":"D\u00f3lar libre en ca\u00edda: qu\u00e9 dice el mercado sobre la baja de las cotizaciones paralelas y hasta d\u00f3nde pueden llegar"},"content":{"rendered":"<p class=\"paragraph\" data-mrf-recirculation=\"Links inline\">Las diferentes cotizaciones del\u00a0<b>d\u00f3lar paralelo<\/b>\u00a0<a href=\"https:\/\/www.infobae.com\/economia\/2024\/10\/04\/dolar-hoy-en-vivo-a-cuanto-abre-este-viernes-4-de-octubre-y-cual-es-el-precio-minuto-a-minuto\/\" target=\"_blank\" rel=\"noopener noreferrer\" data-mrf-link=\"https:\/\/www.infobae.com\/economia\/2024\/10\/04\/dolar-hoy-en-vivo-a-cuanto-abre-este-viernes-4-de-octubre-y-cual-es-el-precio-minuto-a-minuto\/\">profundizaron esta semana su tendencia a la baja<\/a>, con brechas respecto al oficial en m\u00ednimos de los \u00faltimos cinco meses. El precio de\u00a0<b>d\u00f3lar libre<\/b> retrocedi\u00f3 hoy $10 para perforar los $1.200, barrera psicol\u00f3gica que no atravesaba desde finales de mayo pasado, en la misma l\u00ednea con lo que sucedi\u00f3 con el llamado MEP o bolsa.<\/p>\n<p class=\"paragraph\" data-mrf-recirculation=\"Links inline\">El consultor financiero\u00a0<b>Federico Dom\u00ednguez<\/b>\u00a0consider\u00f3 que la baja de los d\u00f3lares paralelos responde a la decisi\u00f3n del gobierno de cortar la emisi\u00f3n monetaria. \u201cPor otro lado, la se\u00f1al del BCRA de que compra en el MULC y vende en los mercados financieros ayud\u00f3 al cierre de la\u00a0<b>brecha cambiaria<\/b>. Tambi\u00e9n influy\u00f3 la baja de tasas en Estados Unidos, que fortalece las monedas de los pa\u00edses emergentes e impuls\u00f3 un poco el precio de los commodities. A nivel local, mejores datos sobre la econom\u00eda y algunas se\u00f1ales de crecimiento refuerzan la confianza en el programa de Milei\u201d, sostuvo el economista.<\/p>\n<p class=\"paragraph\" data-mrf-recirculation=\"Links inline\">\u201cLos d\u00f3lares financieros pueden seguir bajando hasta converger con el crawling peg. Es lo que est\u00e1 buscando el Gobierno. Con super\u00e1vit fiscal, cero emisi\u00f3n e ingreso de d\u00f3lares por super\u00e1vit comercial e inversiones, es un objetivo alcanzable y central en el programa antiinflacionario\u201d, a\u00f1adi\u00f3 Dom\u00ednguez.<\/p>\n<div class=\"container-chart\">\n<div class=\"container-chart__data\" data-series=\"no-data\">\n<div class=\"container-chart__data-info\"><a class=\"box-info-title cc-link\" href=\"https:\/\/www.infobae.com\/economia\/divisas\/dolar-libre\/\" target=\"_blank\" rel=\"noopener noreferrer\">D\u00f3lar Libre<\/a><\/p>\n<div class=\"box-info-content-values cc-ctn\">\n<div class=\"box-info-sub-content cc-sub\"><span class=\"box-info-value\">Compra<\/span><span class=\"cc-val \">$ 1,175<\/span><\/div>\n<div class=\"box-info-sub-content cc-sub\"><span class=\"box-info-value\">Venta<\/span><span class=\"cc-val \">$ 1,195<\/span><\/div>\n<\/div>\n<div class=\"box-info-content-percent\">\n<div class=\"cc-percent-outlined cc-per\"><span class=\"cc-per-outlined-text\">Variaci\u00f3n 24hs<\/span>0,83%<\/div>\n<\/div>\n<\/div>\n<div class=\"container-chart__data-filters\">\n<div class=\"ctn-button\"><button class=\" container-chart__data-btn-filter chart-button-top \" type=\"button\" data-ric=\"ARSB=24 Hs\">24 Hs<\/button><button class=\"selected container-chart__data-btn-filter chart-button-top \" type=\"button\" data-ric=\"ARSB=5 D\u00edas\">5 D\u00edas<\/button><button class=\" container-chart__data-btn-filter chart-button-top \" type=\"button\" data-ric=\"ARSB=Mes\">Mes<\/button><button class=\" container-chart__data-btn-filter chart-button-bottom \" type=\"button\" data-ric=\"ARSB=6 Meses\">6 Meses<\/button><button class=\" container-chart__data-btn-filter chart-button-bottom \" type=\"button\" data-ric=\"ARSB=A\u00f1o\">A\u00f1o<\/button><\/div>\n<\/div>\n<\/div>\n<div class=\"container-chart__chart\"><\/div>\n<\/div>\n<p class=\"paragraph\" data-mrf-recirculation=\"Links inline\">Para\u00a0<b>Gabriel Caama\u00f1o<\/b>, economista de la consultora Ledesma, el factor m\u00e1s determinante en la din\u00e1mica de los d\u00f3lares paralelos es el blanqueo, con dep\u00f3sitos que llegaron a m\u00e1ximos desde las PASO de 2019.<\/p>\n<p class=\"paragraph\" data-mrf-recirculation=\"Links inline\">\u201cTen\u00e9s todos los d\u00f3lares que ingresaron al blanqueo que se est\u00e1n invirtiendo en activos locales, eso le da m\u00e1s soporte a las cotizaciones en d\u00f3lares de los bonos y eso hace que caigan las paridades cambiarias impl\u00edcitas que forman el contado con liquidaci\u00f3n y el d\u00f3lar MEP. La baja est\u00e1 ah\u00ed, el d\u00f3lar blue es un mercado peque\u00f1o al que arrastran los d\u00f3lares financieros\u201d, dijo Caama\u00f1o.<\/p>\n<p class=\"paragraph\" data-mrf-recirculation=\"Links inline\">\u201cCon m\u00e1s recorrido ya, est\u00e1 tambi\u00e9n el esquema de intervenci\u00f3n de la Fase 2 del programa econ\u00f3mico. La administraci\u00f3n nacional desde julio en adelante empez\u00f3 a intervenir en los d\u00f3lares financieros con las divisas que compra el BCRA y con eso dej\u00f3 un mensaje muy claro de que no va a permitir que la brecha se vaya muy arriba, lo que hizo que todo el mercado se volcara a hacer tasa en pesos. Eso y medidas acertadas que dan confianza est\u00e1n anclando las expectativas\u201d, agreg\u00f3 el especialista.<\/p>\n<p class=\"paragraph\" data-mrf-recirculation=\"Links inline\">\u201cSi a eso le sum\u00e1s que a nivel internacional el contexto tambi\u00e9n ayuda, la semana pasada el dollar index toc\u00f3 m\u00ednimos del a\u00f1o, y detalles como que el Banco Central est\u00e1 volviendo a comprar reservas te agregan m\u00e1s impulso hacia abajo para los d\u00f3lares paralelos\u201d, concluy\u00f3.<\/p>\n<div class=\" visual__image\"><picture><source srcset=\"https:\/\/www.infobae.com\/resizer\/v2\/TJPUWNOCDRHDND7LJRSETHHD7U.jpg?auth=38d4d645d93f27fb0187503c032c31f5f3b098f64f75c7d3b767ae45d23da433&amp;smart=true&amp;width=992&amp;height=661&amp;quality=85\" media=\"(min-width: 1000px)\" \/><source srcset=\"https:\/\/www.infobae.com\/resizer\/v2\/TJPUWNOCDRHDND7LJRSETHHD7U.jpg?auth=38d4d645d93f27fb0187503c032c31f5f3b098f64f75c7d3b767ae45d23da433&amp;smart=true&amp;width=768&amp;height=512&amp;quality=85\" media=\"(min-width: 768px)\" \/><source srcset=\"https:\/\/www.infobae.com\/resizer\/v2\/TJPUWNOCDRHDND7LJRSETHHD7U.jpg?auth=38d4d645d93f27fb0187503c032c31f5f3b098f64f75c7d3b767ae45d23da433&amp;smart=true&amp;width=577&amp;height=385&amp;quality=85\" media=\"(min-width: 580px)\" \/><source srcset=\"https:\/\/www.infobae.com\/resizer\/v2\/TJPUWNOCDRHDND7LJRSETHHD7U.jpg?auth=38d4d645d93f27fb0187503c032c31f5f3b098f64f75c7d3b767ae45d23da433&amp;smart=true&amp;width=420&amp;height=280&amp;quality=85\" media=\"(min-width: 350px)\" \/><source srcset=\"https:\/\/www.infobae.com\/resizer\/v2\/TJPUWNOCDRHDND7LJRSETHHD7U.jpg?auth=38d4d645d93f27fb0187503c032c31f5f3b098f64f75c7d3b767ae45d23da433&amp;smart=true&amp;width=350&amp;height=233&amp;quality=85\" media=\"(min-width: 80px)\" \/><img loading=\"lazy\" decoding=\"async\" class=\"global-image\" src=\"https:\/\/www.infobae.com\/resizer\/v2\/TJPUWNOCDRHDND7LJRSETHHD7U.jpg?auth=38d4d645d93f27fb0187503c032c31f5f3b098f64f75c7d3b767ae45d23da433&amp;smart=true&amp;width=350&amp;height=233&amp;quality=85\" alt=\"Las cotizaciones financieras del d\u00f3lar tambi\u00e9n caen (Bloomberg)\" width=\"5944\" height=\"3961\" \/><\/picture>Las cotizaciones financieras del d\u00f3lar tambi\u00e9n caen (Bloomberg)<\/div>\n<p class=\"paragraph\" data-mrf-recirculation=\"Links inline\">Para el operador de PR Corredores de Cambio,\u00a0<b>Gustavo Quintana<\/b>, las cotizaciones se est\u00e1n acomodando a un escenario en el que la restricci\u00f3n monetaria impacta, porque la falta de pesos es notoria en el mercado marginal.<\/p>\n<p class=\"paragraph\" data-mrf-recirculation=\"Links inline\">\u201cHay poca demanda y mayor oferta. Los precios responden a esa realidad con bajas que los colocan en niveles no anticipados por los analistas. Los d\u00f3lares financieros tambi\u00e9n se acomodan a un escenario en el que confluyen varios factores. Los exportadores mantienen un buen nivel de ingresos, no habitual para esta parte del a\u00f1o, y por efecto del blend, alimentan la oferta en esos segmentos. Los d\u00f3lares que ingresaron al sistema como consecuencia del blanqueo est\u00e1n haciendo lo suyo tambi\u00e9n y por \u00faltimo, por lo menos por ahora, ha desaparecido la tensi\u00f3n cambiaria que aliment\u00f3 subas en meses anteriores\u201d, explic\u00f3 Quintana.<\/p>\n<p class=\"paragraph\" data-mrf-recirculation=\"Links inline\">En ese sentido, Juan Pedro Mazza, estratega de renta fija en Cohen, dijo que los precios en los activos del mercado reflejan que en este contexto \u201cla inflaci\u00f3n continuar\u00eda cayendo de forma gradual, mientras que la tasa de inter\u00e9s se elevar\u00eda ligeramente \u2013es posible que debido a un aumento en la demanda de pesos\u2013. Con una econom\u00eda m\u00e1s ordenada pero con cepo, la brecha cambiaria persistir\u00eda, aunque en niveles m\u00e1s bajos que los actuales\u201d.<\/p>\n<p class=\"paragraph\" data-mrf-recirculation=\"Links inline\">\u201cDesde hace largas semanas lujos como el blanqueo y el carry-trade, as\u00ed como las obligaciones tributarias, que estuvieron contribuyendo al descenso de los d\u00f3lares financieros\u201d, dijo el economista\u00a0<b>Gustavo Ber<\/b>.<\/p>\n<p class=\"paragraph\" data-mrf-recirculation=\"Links inline\">\u201cCreo que se estar\u00edan sumando, adem\u00e1s de los flujos que siguen al mando, las habituales necesidades de pesos de comienzos de mes\u201d, agreg\u00f3 Ber.<\/p>\n<p class=\"paragraph\" data-mrf-recirculation=\"Links inline\">La\u00a0<b>cotizaci\u00f3n libre del d\u00f3lar<\/b>\u00a0retrocedi\u00f3 10 pesos este mediod\u00eda para perforar los $1.200 por unidad, una barrera psicol\u00f3gica que no atravesaba desde fines de mayo pasado. Ahora se opera a $1.195 para la venta y $1.175 para la compra-<\/p>\n<p class=\"paragraph\" data-mrf-recirculation=\"Links inline\">En lo que va de la semana que termina hoy, el retroceso del billete es de $50 o un 4 por ciento. En el a\u00f1o, mientras tanto, gana $170 o 16%, un avance \u00ednfimo en comparaci\u00f3n con un ritmo de avance del nivel general de precios del 94,8% con datos hasta agosto.<\/p>\n<div class=\"headline-wrapper\">\n<h2 class=\"header headline-class-h2\">Subas para bonos y acciones<\/h2>\n<\/div>\n<p class=\"paragraph\" data-mrf-recirculation=\"Links inline\">El mercado financiero argentino comenz\u00f3 el viernes con alzas selectivas en acciones y bonos, impulsadas por movimientos especulativos en medio de presiones pol\u00edticas y desaf\u00edos econ\u00f3micos bajo el gobierno de\u00a0<b>Javier Milei<\/b>.<\/p>\n<p class=\"paragraph\" data-mrf-recirculation=\"Links inline\">El \u00edndice\u00a0<b>S&amp;P Merval\u00a0<\/b>subi\u00f3 un 0,32%, continuando con la tendencia positiva del d\u00eda anterior. El<b>\u00a0riesgo pa\u00eds<\/b>, medido por JP Morgan, descendi\u00f3 a 1.258 puntos, reflejando una leve mejora en la percepci\u00f3n de la deuda argentina.<\/p>\n<p class=\"paragraph\" data-mrf-recirculation=\"Links inline\">Los\u00a0<b>bonos\u00a0<\/b>mostraron firmeza, apoyados por expectativas de una menor inflaci\u00f3n y avances en la pol\u00edtica fiscal. Mientras tanto, el peso mayorista se mantuvo estable en 972 por d\u00f3lar, gracias a la intervenci\u00f3n del Banco Central. Sin embargo, los recortes de gasto y las tensiones pol\u00edticas siguen pesando sobre el clima social y econ\u00f3mico.<\/p>\n","protected":false},"excerpt":{"rendered":"<p>Las diferentes cotizaciones del\u00a0d\u00f3lar paralelo\u00a0profundizaron esta semana su tendencia a la baja, con brechas respecto al oficial en m\u00ednimos de los \u00faltimos cinco meses. El precio de\u00a0d\u00f3lar libre retrocedi\u00f3 hoy $10 para perforar los $1.200, barrera psicol\u00f3gica que no atravesaba desde finales de mayo pasado, en la misma l\u00ednea con lo que sucedi\u00f3 con el [&hellip;]<\/p>\n","protected":false},"author":2,"featured_media":21631,"comment_status":"closed","ping_status":"closed","sticky":false,"template":"","format":"standard","meta":{"footnotes":""},"categories":[65],"tags":[],"class_list":{"0":"post-21630","1":"post","2":"type-post","3":"status-publish","4":"format-standard","5":"has-post-thumbnail","7":"category-economia"},"_links":{"self":[{"href":"https:\/\/radiobitacora.com.ar\/web\/wp-json\/wp\/v2\/posts\/21630","targetHints":{"allow":["GET"]}}],"collection":[{"href":"https:\/\/radiobitacora.com.ar\/web\/wp-json\/wp\/v2\/posts"}],"about":[{"href":"https:\/\/radiobitacora.com.ar\/web\/wp-json\/wp\/v2\/types\/post"}],"author":[{"embeddable":true,"href":"https:\/\/radiobitacora.com.ar\/web\/wp-json\/wp\/v2\/users\/2"}],"replies":[{"embeddable":true,"href":"https:\/\/radiobitacora.com.ar\/web\/wp-json\/wp\/v2\/comments?post=21630"}],"version-history":[{"count":0,"href":"https:\/\/radiobitacora.com.ar\/web\/wp-json\/wp\/v2\/posts\/21630\/revisions"}],"wp:featuredmedia":[{"embeddable":true,"href":"https:\/\/radiobitacora.com.ar\/web\/wp-json\/wp\/v2\/media\/21631"}],"wp:attachment":[{"href":"https:\/\/radiobitacora.com.ar\/web\/wp-json\/wp\/v2\/media?parent=21630"}],"wp:term":[{"taxonomy":"category","embeddable":true,"href":"https:\/\/radiobitacora.com.ar\/web\/wp-json\/wp\/v2\/categories?post=21630"},{"taxonomy":"post_tag","embeddable":true,"href":"https:\/\/radiobitacora.com.ar\/web\/wp-json\/wp\/v2\/tags?post=21630"}],"curies":[{"name":"wp","href":"https:\/\/api.w.org\/{rel}","templated":true}]}}