{"id":21638,"date":"2024-10-04T18:09:43","date_gmt":"2024-10-04T21:09:43","guid":{"rendered":"https:\/\/radiobitacora.com.ar\/web\/?p=21638"},"modified":"2024-10-04T18:09:43","modified_gmt":"2024-10-04T21:09:43","slug":"el-gobierno-busca-eliminar-las-paso-no-sirven-para-nada","status":"publish","type":"post","link":"https:\/\/radiobitacora.com.ar\/web\/2024\/10\/04\/el-gobierno-busca-eliminar-las-paso-no-sirven-para-nada\/","title":{"rendered":"El Gobierno busca eliminar las PASO: &#8220;No sirven para nada&#8221;"},"content":{"rendered":"<p>El gobierno de Javier Milei busca la\u00a0<strong>eliminaci\u00f3n de las PASO<\/strong>. Luego de\u00a0<a href=\"https:\/\/www.baenegocios.com\/politica\/Que-es-la-Boleta-Unica-la-nueva-dinamica-que-debuta-en-las-elecciones-legislativas-2025-20241002-0017.html\" target=\"_blank\" rel=\"noopener\">aprobar el uso de la<strong>\u00a0Boleta \u00danica\u00a0de Papel<\/strong><\/a>\u00a0de cara a las Elecciones legislativas que se disputar\u00e1n el a\u00f1o que viene, todo apunta a que el siguiente paso ser\u00e1 para las Primarias, Abiertas, Simult\u00e1neas y Obligatorias.<\/p>\n<div id=\"lx_645403\" class=\"__lxG__multi __lxG__multi_lx_645403 __lxG__geo_ar __lxG__size_fixed __lxG__display_prevented __lxG__rendered_none\" data-cnt=\"1\" data-original-id=\"642328\" data-base-original-id=\"642326\"><\/div>\n<p>En tema, el jefe de Gabinete, Guillermo Francos, descalific\u00f3 este viernes al sistema implementado por el kirchnerismo en 2009\u00a0 y asegur\u00f3 que<strong>\u00a0&#8220;no sirvieron para nada\u201d<\/strong>.<\/p>\n<p>\u201cTenemos que dise\u00f1ar un sistema porque<strong>\u00a0las PASO no sirvieron para nada<\/strong>\u201d, remarc\u00f3 el funcionario, quien tambi\u00e9n apunt\u00f3 a que representan\u00a0<strong>\u201cun costo enorme para el Estado\u201d\u00a0<\/strong>y\u00a0<strong>\u201cuna molestia generalizada para los ciudadanos\u201d.<\/strong><\/p>\n<div>\n<figure class=\"image\"><img decoding=\"async\" title=\"\" src=\"https:\/\/www.baenegocios.com\/export\/sites\/cronica\/img\/2023\/11\/19\/boca_de_urna_x1x_1_crop1700420368544.jpg_366287663.jpg\" alt=\"\" hspace=\"5\" vspace=\"5\" data-height=\"419\" data-size=\"w:2000,h:1125\" data-width=\"745\" \/><figcaption>Para Francos, las\u00a0<a href=\"https:\/\/www.baenegocios.com\/tags\/PASO\">PASO<\/a>\u00a0&#8220;no sirvieron para nada&#8221;, adem\u00e1s de generar grandes costos estatales<\/figcaption><\/figure>\n<\/div>\n<p>En di\u00e1logo con Radio Continental, Francos consider\u00f3 que\u00a0&#8220;los problemas internos de los partidos los tienen que resolver los partidos, no el Estado nacional ni el conjunto de todos los ciudadanos&#8221;.<\/p>\n<div id=\"lx_645403\" class=\"__lxG__multi __lxG__multi_lx_645403 __lxG__geo_ar __lxG__size_fixed __lxG__display_prevented __lxG__rendered_none\" data-cnt=\"2\" data-original-id=\"642328\" data-base-original-id=\"642326\"><\/div>\n<p>El jefe de Gabinete englob\u00f3 todas estas tem\u00e1ticas dentro de la<strong>\u00a0reforma electoral<\/strong>\u00a0que tienen como fin transformar y modernizar el Estado argentino, y afirm\u00f3 que\u00a0&#8220;es lo que queremos hacer tambi\u00e9n con la econom\u00eda del pa\u00eds&#8221;.<\/p>\n<h2>Francos sobre el veto al presupuesto universitario<\/h2>\n<p>Luego de la\u00a0<strong>Marcha Federal Universitaria<\/strong>, y de la oficializaci\u00f3n del\u00a0<a href=\"https:\/\/www.baenegocios.com\/politica\/Presupuesto-universitario-cual-es-el-plan-B-del-Gobierno-si-se-rechaza-el-veto-20241004-0009.html\" target=\"_blank\" rel=\"noopener\">veto a la ley de Presupuesto Universitario<\/a>, el funcionario asegur\u00f3 que &#8220;es\u00a0<strong>un tema que se esgrime desde un sector de la oposici\u00f3n pol\u00edtica<\/strong>, como se vio en la manifestaci\u00f3n&#8221;.<\/p>\n<div>\n<figure class=\"image\"><img decoding=\"async\" title=\"Guillermo Francos recibe a la c\u00fapula de la CGT (Foto archivo).\" src=\"https:\/\/www.baenegocios.com\/export\/sites\/cronica\/img\/2024\/09\/23\/guillermo-francos_-1-.png_487969262.png\" alt=\"Guillermo Francos recibe a la c\u00fapula de la CGT (Foto archivo).\" hspace=\"5\" vspace=\"5\" data-height=\"504\" data-size=\"w:1541,h:1043\" data-width=\"745\" \/><figcaption>Francos apunt\u00f3 a la &#8220;intencionalidad pol\u00edtica opositora&#8221;, que tuvo para marcha para \u00e9l\u00a0<\/figcaption><\/figure>\n<\/div>\n<p>Para Francos, la marcha<strong>\u00a0&#8220;demostraba claramente la intencionalidad pol\u00edtica opositora&#8221;<\/strong>, y &#8220;pocos se refirieron al impacto o el significado que ten\u00eda la ley en las cuentas p\u00fablicas cuando del equilibrio fiscal dependen la econom\u00eda y el futuro del pa\u00eds\u201d.<\/p>\n<div id=\"lx_645403\" class=\"__lxG__multi __lxG__multi_lx_645403 __lxG__geo_ar __lxG__size_fixed __lxG__display_prevented __lxG__rendered_none\" data-cnt=\"3\" data-original-id=\"642328\" data-base-original-id=\"642326\"><\/div>\n<p>En esa l\u00ednea, el jefe de Gabinete afirm\u00f3 que &#8220;<strong>todos vamos a estar de acuerdo en sostener la educaci\u00f3n p\u00fablica<\/strong>, aunque si analizamos su desarrollo, desde Sarmiento hasta ahora, Argentina no se ha demostrado eficiente en eso y no por falta de inversi\u00f3n ni de recursos sino por ser ineficientes&#8221;.<\/p>\n<p>&#8220;Hay que ver si tenemos las universidades que tenemos, c\u00f3mo se invierten los fondos, qu\u00e9 dicen las auditor\u00edas\u201d, concluy\u00f3.<\/p>\n","protected":false},"excerpt":{"rendered":"<p>El gobierno de Javier Milei busca la\u00a0eliminaci\u00f3n de las PASO. Luego de\u00a0aprobar el uso de la\u00a0Boleta \u00danica\u00a0de Papel\u00a0de cara a las Elecciones legislativas que se disputar\u00e1n el a\u00f1o que viene, todo apunta a que el siguiente paso ser\u00e1 para las Primarias, Abiertas, Simult\u00e1neas y Obligatorias. En tema, el jefe de Gabinete, Guillermo Francos, descalific\u00f3 este [&hellip;]<\/p>\n","protected":false},"author":2,"featured_media":21640,"comment_status":"closed","ping_status":"closed","sticky":false,"template":"","format":"standard","meta":{"footnotes":""},"categories":[79],"tags":[],"class_list":{"0":"post-21638","1":"post","2":"type-post","3":"status-publish","4":"format-standard","5":"has-post-thumbnail","7":"category-politica"},"_links":{"self":[{"href":"https:\/\/radiobitacora.com.ar\/web\/wp-json\/wp\/v2\/posts\/21638","targetHints":{"allow":["GET"]}}],"collection":[{"href":"https:\/\/radiobitacora.com.ar\/web\/wp-json\/wp\/v2\/posts"}],"about":[{"href":"https:\/\/radiobitacora.com.ar\/web\/wp-json\/wp\/v2\/types\/post"}],"author":[{"embeddable":true,"href":"https:\/\/radiobitacora.com.ar\/web\/wp-json\/wp\/v2\/users\/2"}],"replies":[{"embeddable":true,"href":"https:\/\/radiobitacora.com.ar\/web\/wp-json\/wp\/v2\/comments?post=21638"}],"version-history":[{"count":0,"href":"https:\/\/radiobitacora.com.ar\/web\/wp-json\/wp\/v2\/posts\/21638\/revisions"}],"wp:featuredmedia":[{"embeddable":true,"href":"https:\/\/radiobitacora.com.ar\/web\/wp-json\/wp\/v2\/media\/21640"}],"wp:attachment":[{"href":"https:\/\/radiobitacora.com.ar\/web\/wp-json\/wp\/v2\/media?parent=21638"}],"wp:term":[{"taxonomy":"category","embeddable":true,"href":"https:\/\/radiobitacora.com.ar\/web\/wp-json\/wp\/v2\/categories?post=21638"},{"taxonomy":"post_tag","embeddable":true,"href":"https:\/\/radiobitacora.com.ar\/web\/wp-json\/wp\/v2\/tags?post=21638"}],"curies":[{"name":"wp","href":"https:\/\/api.w.org\/{rel}","templated":true}]}}