{"id":21661,"date":"2024-10-08T07:40:12","date_gmt":"2024-10-08T10:40:12","guid":{"rendered":"https:\/\/radiobitacora.com.ar\/web\/?p=21661"},"modified":"2024-10-08T07:40:12","modified_gmt":"2024-10-08T10:40:12","slug":"dia-de-la-virgen-del-rosario-las-comunidades-rurales-peregrinaron-a-la-casa-de-la-madre","status":"publish","type":"post","link":"https:\/\/radiobitacora.com.ar\/web\/2024\/10\/08\/dia-de-la-virgen-del-rosario-las-comunidades-rurales-peregrinaron-a-la-casa-de-la-madre\/","title":{"rendered":"D\u00eda de la Virgen del Rosario: Las Comunidades Rurales Peregrinaron a la casa de la Madre"},"content":{"rendered":"<p class=\"rtejustify\">Como todos los a\u00f1os las comunidades rurales organizadas en dos secciones norte y sur, desde temprano partieron de sus lugares de origen para juntos llegar a dar gracias por el trabajo, la producci\u00f3n, la familia al templo catedralicio celebrando la misa de acci\u00f3n de gracias.<\/p>\n<p class=\"rtejustify\">Una nota particular resignifica esta tradici\u00f3n impuesta por las comunidades del Departamento Goya, gran parte de esa peregrinaci\u00f3n lo hicieron bajo llovizna y lluvia, tomando como la se\u00f1al de bendici\u00f3n por parte de Dios.<\/p>\n<p class=\"rtejustify\">Una animada procesi\u00f3n de fieles con sus carteles e im\u00e1genes de sus Santos Patronos, acompa\u00f1ados de agrupaciones tradicionalistas arribaron a media ma\u00f1ana a la Iglesia Catedral, para celebrar el oficio religioso, donde pusieron sus intenciones, agradecimientos, los fritos de la cosecha, reafirmando y renovando la Fe en la Madre de Jes\u00fas, en Mar\u00eda en la advocaci\u00f3n de la Virgen del Rosario.<\/p>\n<p class=\"rtejustify\">Vale mencionar que para acompa\u00f1ar a los peregrinos se cont\u00f3 con un dispositivo de seguridad brindado por la Direcci\u00f3n de Tr\u00e1nsito de la Municipalidad de Goya y M\u00f3viles de la Polic\u00eda de la Provincia.<\/p>\n<p class=\"rtejustify\">\n<p class=\"rtejustify\">Antes a las 9 horas se desarroll\u00f3 la Misa de los Ni\u00f1os, a las 15 horas la destinada a los enfermos mostrando el espacio y lugar para toda la comunidad.<\/p>\n","protected":false},"excerpt":{"rendered":"<p>Como todos los a\u00f1os las comunidades rurales organizadas en dos secciones norte y sur, desde temprano partieron de sus lugares de origen para juntos llegar a dar gracias por el trabajo, la producci\u00f3n, la familia al templo catedralicio celebrando la misa de acci\u00f3n de gracias. Una nota particular resignifica esta tradici\u00f3n impuesta por las comunidades [&hellip;]<\/p>\n","protected":false},"author":2,"featured_media":21662,"comment_status":"closed","ping_status":"closed","sticky":false,"template":"","format":"standard","meta":{"footnotes":""},"categories":[56],"tags":[],"class_list":{"0":"post-21661","1":"post","2":"type-post","3":"status-publish","4":"format-standard","5":"has-post-thumbnail","7":"category-locales"},"_links":{"self":[{"href":"https:\/\/radiobitacora.com.ar\/web\/wp-json\/wp\/v2\/posts\/21661","targetHints":{"allow":["GET"]}}],"collection":[{"href":"https:\/\/radiobitacora.com.ar\/web\/wp-json\/wp\/v2\/posts"}],"about":[{"href":"https:\/\/radiobitacora.com.ar\/web\/wp-json\/wp\/v2\/types\/post"}],"author":[{"embeddable":true,"href":"https:\/\/radiobitacora.com.ar\/web\/wp-json\/wp\/v2\/users\/2"}],"replies":[{"embeddable":true,"href":"https:\/\/radiobitacora.com.ar\/web\/wp-json\/wp\/v2\/comments?post=21661"}],"version-history":[{"count":0,"href":"https:\/\/radiobitacora.com.ar\/web\/wp-json\/wp\/v2\/posts\/21661\/revisions"}],"wp:featuredmedia":[{"embeddable":true,"href":"https:\/\/radiobitacora.com.ar\/web\/wp-json\/wp\/v2\/media\/21662"}],"wp:attachment":[{"href":"https:\/\/radiobitacora.com.ar\/web\/wp-json\/wp\/v2\/media?parent=21661"}],"wp:term":[{"taxonomy":"category","embeddable":true,"href":"https:\/\/radiobitacora.com.ar\/web\/wp-json\/wp\/v2\/categories?post=21661"},{"taxonomy":"post_tag","embeddable":true,"href":"https:\/\/radiobitacora.com.ar\/web\/wp-json\/wp\/v2\/tags?post=21661"}],"curies":[{"name":"wp","href":"https:\/\/api.w.org\/{rel}","templated":true}]}}