{"id":21668,"date":"2024-10-08T07:46:14","date_gmt":"2024-10-08T10:46:14","guid":{"rendered":"https:\/\/radiobitacora.com.ar\/web\/?p=21668"},"modified":"2024-10-08T07:46:14","modified_gmt":"2024-10-08T10:46:14","slug":"en-la-catedral-los-fieles-honraron-a-nuestra-senora-del-rosario","status":"publish","type":"post","link":"https:\/\/radiobitacora.com.ar\/web\/2024\/10\/08\/en-la-catedral-los-fieles-honraron-a-nuestra-senora-del-rosario\/","title":{"rendered":"En la Catedral, los fieles honraron a Nuestra Se\u00f1ora del Rosario"},"content":{"rendered":"<p>La Iglesia Catedral de Corrientes honr\u00f3 ayer a su Patrona, Nuestra Se\u00f1ora del Rosario. La comunidad acompa\u00f1\u00f3 la jornada festiva bajo el lema &#8220;Junto a Mar\u00eda del Rosario, sirvamos con esperanza&#8221;.<\/p>\n<p>Fue un d\u00eda intenso para quienes asisten a ese hist\u00f3rico templo, ya que desde los primeros minutos de la jornada hubo oraciones, conmemoraciones, misas matinales y luego entrada la tarde-noche, el arzobispo Andr\u00e9s Stanovnik encabez\u00f3 el oficio central.<\/p>\n<p>Finalmente, hubo una procesi\u00f3n por calles c\u00e9ntricas y al cierre de esta edici\u00f3n estaba previsto que se desarrolle una cantata a la Virgen.<\/p>\n<p>Durante la homil\u00eda, monse\u00f1or Stanovnik brind\u00f3 estos principales conceptos que se difunden a p\u00e1rrafos seguidos (&#8230;).<\/p>\n<h2>Donde hay madre, hay ternura<\/h2>\n<p>Hoy nuestra mirada se dirige a Mar\u00eda bajo el hermoso t\u00edtulo de Nuestra Se\u00f1ora del Rosario. Experimentar su cercan\u00eda, nos recuerda nuestra vocaci\u00f3n, nos anima a salir de nosotros mismos y ponernos al servicio de los otros.<\/p>\n<p>Tambi\u00e9n nosotros, en este A\u00f1o Vocacional de nuestra comunidad diocesana, nos ponemos delante de ella, invocamos el don de la paz hoy en comuni\u00f3n con el Santo Padre y con toda la Iglesia, y con Mar\u00eda del Rosario abrimos nuestro coraz\u00f3n a la Palabra de Dios.<\/p>\n<p>Tanto la primera lectura de los Hechos de los Ap\u00f3stoles (cf. 1,12-14), como en el Evangelio (Lc 1,26-38), nos presentan dos ambientes recogidos, \u00edntimos y expectantes. Los hechos de los Ap\u00f3stoles relatan qu\u00e9 sucedi\u00f3 los d\u00edas siguientes a la muerte y resurrecci\u00f3n de Jes\u00fas: &#8220;Los disc\u00edpulos perseveraban en oraci\u00f3n junto con algunas mujeres, con Mar\u00eda la madre de Jes\u00fas, y sus hermanos&#8221;. Podemos imaginar la intensidad de ese encuentro.<\/p>\n<p>Tambi\u00e9n el Evangelio pone delante de nuestros ojos una escena intensa y reservada que provoc\u00f3 el \u00c1ngel Gabriel al visitar a Mar\u00eda y anunciarle la predilecci\u00f3n de Dios por ella. Podemos imaginar la perplejidad y el gozo que invadi\u00f3 el coraz\u00f3n de esa joven y la conmoci\u00f3n que produce su respuesta: &#8220;Ac\u00e1 est\u00e1 la servidora del Se\u00f1or, que se haga en m\u00ed lo que t\u00fa dices&#8221;. Un hermoso cuadro vocacional que inspira el llamado de todos los bautizados.<\/p>\n<p>El afecto materno que vemos en Mar\u00eda junto a los ap\u00f3stoles y su disposici\u00f3n inmediata en responder al deseo de Dios, nos ofrecen un doble y profundo mensaje.<\/p>\n<p>Ante todo, Mar\u00eda est\u00e1 acompa\u00f1ando con su presencia maternal a la Iglesia y hoy aqu\u00ed nuestra asamblea reunida para celebrar una bella advocaci\u00f3n: Nuestra Se\u00f1ora del Rosario, que le da identidad a nuestra comunidad parroquial y a los or\u00edgenes de nuestra ciudad y sus entornos. Ella estuvo, est\u00e1 y estar\u00e1 con nosotros.<\/p>\n<p>Y la otra parte del mensaje que nos deja la Virgen es su inmediata y positiva respuesta al proyecto de Dios para su vida. Entonces, su presencia entre nosotros nos impulsa a que estemos dispuestos a hacer la voluntad de Dios tal lo estuvo ella, aun en aquellos momentos en los que nos toque abrazar la cruz y perseverar en el bien hasta el final. As\u00ed ella inspira con su ejemplo y su presencia nuestra respuesta vocacional cristiana.<\/p>\n<p>Es propio de Mar\u00eda, la Madre de Dios, generar hijos para su pueblo. Ella, como buena Madre, al reunirnos bajo su manto, nos advierte de la amenaza de perder la memoria y del peligro de desconocernos como hermanos. A ella le suplicamos que nos cuide a todos, nos d\u00e9 sabidur\u00eda para no caer en la tentaci\u00f3n de enfrentarnos unos contra otros, y nos ense\u00f1e a socorrer a los m\u00e1s d\u00e9biles y excluidos, para que no les falte los bienes necesarios para vivir dignamente (&#8230;).<\/p>\n<h2>Ca\u00e1 Cat\u00ed tambi\u00e9n estuvo de fiesta<\/h2>\n<div class=\"center medium m_image\">\n<figure><picture><source srcset=\"https:\/\/www.diarioepoca.com\/content\/bucket\/3\/1388963w380h180c.jpg.webp\" type=\"image\/webp\" media=\"(min-width: 640px)\" \/><source srcset=\"https:\/\/www.diarioepoca.com\/content\/bucket\/3\/1388963w440h209c.jpg.webp\" type=\"image\/webp\" media=\"(min-width: 300px)\" \/><source srcset=\"https:\/\/www.diarioepoca.com\/content\/bucket\/3\/1388963w380h180c.jpg\" media=\"(min-width: 300px)\" \/><img loading=\"lazy\" decoding=\"async\" class=\"pic\" src=\"https:\/\/www.diarioepoca.com\/content\/bucket\/3\/1388963w380h180c.jpg.webp\" alt=\"\" width=\"380\" height=\"180\" \/><\/picture><\/figure>\n<\/div>\n<p>La localidad de Ca\u00e1 Cat\u00ed celebr\u00f3 ayer el D\u00eda Lit\u00fargico de Nuestra Se\u00f1ora del Rosario, que este a\u00f1o se realiz\u00f3, bajo el lema &#8220;Mar\u00eda mujer orante y servidora&#8221;. En este marco, el arzobispo coadjutor, Jos\u00e9 Adolfo Larregain, celebr\u00f3 la misa central acompa\u00f1ado por el p\u00e1rroco de la localidad, Eduardo Romero.<\/p>\n<p>La comunidad de esa ciudad, como habitual, en gran n\u00famero particip\u00f3 de los oficios religiosos y se vivi\u00f3 una jornada de intensa actividad, alegr\u00eda y acervo cultural-religioso.<\/p>\n<p>El vicegobernador, Pedro Braillard Poccard, encabez\u00f3 la comitiva pol\u00edtica junto al intendente, Jorge Omar Meza. Al hacer uso de la palabra, Braillard Poccard sostuvo que &#8220;Ca\u00e1 Cat\u00ed es una comunidad que supo articular lo que son las tradiciones, nuestro pasado, con futuro con lo moderno&#8221;.<\/p>\n<p>De igual modo, el presidente nato del Senado provincial a\u00f1adi\u00f3 que la localidad cuenta con un fuerte componente intelectual destacando que, &#8220;aqu\u00ed se realiza la Feria del Libro, m\u00e1s importante de la provincia y una de las m\u00e1s destacadas del pa\u00eds&#8221;.<\/p>\n<p>Luego continu\u00f3: &#8220;Hay una caracter\u00edstica central en este tipo de fiestas, nuclea a gente de distintos lugares, hace que muchas personas que est\u00e1n en otras partes del pa\u00eds, que por alg\u00fan motivo tuvieron que irse, vengan, compartan y se reencuentren con sus familiares&#8221;.<\/p>\n<p>Destacaron adem\u00e1s que a nivel pol\u00edtico tambi\u00e9n dio el presente el diputado nacional Manuel Aguirre y autoridades de otras comunas<\/p>\n","protected":false},"excerpt":{"rendered":"<p>La Iglesia Catedral de Corrientes honr\u00f3 ayer a su Patrona, Nuestra Se\u00f1ora del Rosario. La comunidad acompa\u00f1\u00f3 la jornada festiva bajo el lema &#8220;Junto a Mar\u00eda del Rosario, sirvamos con esperanza&#8221;. Fue un d\u00eda intenso para quienes asisten a ese hist\u00f3rico templo, ya que desde los primeros minutos de la jornada hubo oraciones, conmemoraciones, misas [&hellip;]<\/p>\n","protected":false},"author":2,"featured_media":21669,"comment_status":"closed","ping_status":"closed","sticky":false,"template":"","format":"standard","meta":{"footnotes":""},"categories":[86],"tags":[],"class_list":{"0":"post-21668","1":"post","2":"type-post","3":"status-publish","4":"format-standard","5":"has-post-thumbnail","7":"category-sociedad"},"_links":{"self":[{"href":"https:\/\/radiobitacora.com.ar\/web\/wp-json\/wp\/v2\/posts\/21668","targetHints":{"allow":["GET"]}}],"collection":[{"href":"https:\/\/radiobitacora.com.ar\/web\/wp-json\/wp\/v2\/posts"}],"about":[{"href":"https:\/\/radiobitacora.com.ar\/web\/wp-json\/wp\/v2\/types\/post"}],"author":[{"embeddable":true,"href":"https:\/\/radiobitacora.com.ar\/web\/wp-json\/wp\/v2\/users\/2"}],"replies":[{"embeddable":true,"href":"https:\/\/radiobitacora.com.ar\/web\/wp-json\/wp\/v2\/comments?post=21668"}],"version-history":[{"count":0,"href":"https:\/\/radiobitacora.com.ar\/web\/wp-json\/wp\/v2\/posts\/21668\/revisions"}],"wp:featuredmedia":[{"embeddable":true,"href":"https:\/\/radiobitacora.com.ar\/web\/wp-json\/wp\/v2\/media\/21669"}],"wp:attachment":[{"href":"https:\/\/radiobitacora.com.ar\/web\/wp-json\/wp\/v2\/media?parent=21668"}],"wp:term":[{"taxonomy":"category","embeddable":true,"href":"https:\/\/radiobitacora.com.ar\/web\/wp-json\/wp\/v2\/categories?post=21668"},{"taxonomy":"post_tag","embeddable":true,"href":"https:\/\/radiobitacora.com.ar\/web\/wp-json\/wp\/v2\/tags?post=21668"}],"curies":[{"name":"wp","href":"https:\/\/api.w.org\/{rel}","templated":true}]}}