{"id":21697,"date":"2024-10-09T07:46:13","date_gmt":"2024-10-09T10:46:13","guid":{"rendered":"https:\/\/radiobitacora.com.ar\/web\/?p=21697"},"modified":"2024-10-09T07:46:13","modified_gmt":"2024-10-09T10:46:13","slug":"valdes-sobre-un-aumento-salarial-estamos-ajustando-para-no-desentonar-y-tratar-de-dar-lo-mas-posible","status":"publish","type":"post","link":"https:\/\/radiobitacora.com.ar\/web\/2024\/10\/09\/valdes-sobre-un-aumento-salarial-estamos-ajustando-para-no-desentonar-y-tratar-de-dar-lo-mas-posible\/","title":{"rendered":"Vald\u00e9s, sobre un aumento salarial: &#8220;Estamos ajustando para no desentonar y tratar de dar lo m\u00e1s posible&#8221;"},"content":{"rendered":"<p>El gobernador de Corrientes, Gustavo Vald\u00e9s, afirm\u00f3 este martes que &#8220;en breve&#8221; se dar\u00e1 a conocer el nuevo aumento salarial para los estatales activos y jubilados.<\/p>\n<div class=\"container-spot\" data-tipo=\"tipo_todo\" data-pos=\"NEW_P1_cuerpo\"><\/div>\n<p>El mandatario adelant\u00f3 que despu\u00e9s de &#8220;estar en el interior provincial, me voy a estar sentando con el ministro (de Hacienda y Finanzas, Marcelo Rivas Piasentini)&#8221; para definir el porcentaje de incremento salarial.<\/p>\n<p><strong>&#8220;Vamos a estar anunciando en poco tiempo m\u00e1s. El \u00edndice de inflaci\u00f3n dio aproximadamente un 4%, as\u00ed que estamos ajustando para no desentonar y dar lo m\u00e1s posible&#8221;<\/strong>, dijo el mandatario tras la entrega de viviendas en el barrio Santa Catalina.<\/p>\n<div class=\"container-spot\" data-tipo=\"tipo_todo\" data-pos=\"NEW_P2_cuerpo\"><\/div>\n<p>En ese sentido, el mandatario sostuvo que por el momento no se cerr\u00f3 el n\u00famero de incremento, pero que se &#8220;va a tratar de equiparar al \u00edndice inflacionario en lo que va del a\u00f1o&#8221;.<\/p>\n<p>El \u00faltimo aumento fue anunciado en julio pasado\u00a0<a class=\"link\" href=\"https:\/\/www.ellitoral.com.ar\/actualidad\/2024-7-25-9-34-0-el-gobernador-valdes-anuncio-un-aumento-salarial-del-15\" target=\"_blank\" rel=\"noopener\"><strong>con un 15% en promedio.<\/strong>\u00a0<\/a><\/p>\n<div class=\"container-spot\" data-tipo=\"tipo_todo\" data-pos=\"NEW_P3_cuerpo\"><\/div>\n<p><strong>ENTREGA DE VIVIENDAS<\/strong><\/p>\n<p>El gobernador de Corrientes,\u00a0Gustavo Vald\u00e9s, encabez\u00f3 este martes la entrega\u00a0de 164 viviendas, en el barrio Santa Catalina de la ciudad de Corrientes, a sus respectivos adjudicatarios de Invico.<\/p>\n<p>Mediante un acto que se realiz\u00f3 en dicho barrio, el mandatario correntino hizo la entrega de las llaves de las nuevas casas y destac\u00f3 que\u00a0 las obras deber\u00edan\u00a0&#8220;haber estado financiadas\u00a0por el Fondo Nacional de la Vivienda al 100 por ciento&#8221;.<\/p>\n<div class=\"container-spot\" data-tipo=\"tipo_todo\" data-pos=\"NEW_P4_cuerpo\"><\/div>\n<p>&#8220;Pero nosotros\u00a0nos hicimos cargo como Gobierno de la Provincia, para culminar las obras, porque sabemos que eso lo que implica para las familias poder tener una vivienda&#8221;, afirm\u00f3 el gobernador correntino.<\/p>\n","protected":false},"excerpt":{"rendered":"<p>El gobernador de Corrientes, Gustavo Vald\u00e9s, afirm\u00f3 este martes que &#8220;en breve&#8221; se dar\u00e1 a conocer el nuevo aumento salarial para los estatales activos y jubilados. El mandatario adelant\u00f3 que despu\u00e9s de &#8220;estar en el interior provincial, me voy a estar sentando con el ministro (de Hacienda y Finanzas, Marcelo Rivas Piasentini)&#8221; para definir el [&hellip;]<\/p>\n","protected":false},"author":2,"featured_media":21698,"comment_status":"closed","ping_status":"closed","sticky":false,"template":"","format":"standard","meta":{"footnotes":""},"categories":[79],"tags":[],"class_list":{"0":"post-21697","1":"post","2":"type-post","3":"status-publish","4":"format-standard","5":"has-post-thumbnail","7":"category-politica"},"_links":{"self":[{"href":"https:\/\/radiobitacora.com.ar\/web\/wp-json\/wp\/v2\/posts\/21697","targetHints":{"allow":["GET"]}}],"collection":[{"href":"https:\/\/radiobitacora.com.ar\/web\/wp-json\/wp\/v2\/posts"}],"about":[{"href":"https:\/\/radiobitacora.com.ar\/web\/wp-json\/wp\/v2\/types\/post"}],"author":[{"embeddable":true,"href":"https:\/\/radiobitacora.com.ar\/web\/wp-json\/wp\/v2\/users\/2"}],"replies":[{"embeddable":true,"href":"https:\/\/radiobitacora.com.ar\/web\/wp-json\/wp\/v2\/comments?post=21697"}],"version-history":[{"count":0,"href":"https:\/\/radiobitacora.com.ar\/web\/wp-json\/wp\/v2\/posts\/21697\/revisions"}],"wp:featuredmedia":[{"embeddable":true,"href":"https:\/\/radiobitacora.com.ar\/web\/wp-json\/wp\/v2\/media\/21698"}],"wp:attachment":[{"href":"https:\/\/radiobitacora.com.ar\/web\/wp-json\/wp\/v2\/media?parent=21697"}],"wp:term":[{"taxonomy":"category","embeddable":true,"href":"https:\/\/radiobitacora.com.ar\/web\/wp-json\/wp\/v2\/categories?post=21697"},{"taxonomy":"post_tag","embeddable":true,"href":"https:\/\/radiobitacora.com.ar\/web\/wp-json\/wp\/v2\/tags?post=21697"}],"curies":[{"name":"wp","href":"https:\/\/api.w.org\/{rel}","templated":true}]}}