{"id":21701,"date":"2024-10-09T07:52:31","date_gmt":"2024-10-09T10:52:31","guid":{"rendered":"https:\/\/radiobitacora.com.ar\/web\/?p=21701"},"modified":"2024-10-09T07:52:31","modified_gmt":"2024-10-09T10:52:31","slug":"marcha-atras-finalmente-no-cerraran-el-hospital-bonaparte","status":"publish","type":"post","link":"https:\/\/radiobitacora.com.ar\/web\/2024\/10\/09\/marcha-atras-finalmente-no-cerraran-el-hospital-bonaparte\/","title":{"rendered":"Marcha atr\u00e1s: finalmente no cerrar\u00e1n el hospital Bonaparte"},"content":{"rendered":"<p>La viceministra de Salud, Cecilia Loccisano, asegur\u00f3 que el Hospital Laura Bonaparte ingres\u00f3 a un \u201cproceso de reestructuraci\u00f3n\u201d que estar\u00e1 en manos de \u201cun equipo interdisciplinario\u201d formado por directivos del hospital, profesionales de ese centro nacional de referencia para la atenci\u00f3n de problemas de salud mental y adicciones y de funcionarios del propio ministerio encabezado por Mario Lugones.<br \/>\n\u201cAs\u00ed como est\u00e1 el hospital es inviable\u201d, destac\u00f3 Loccisano y revel\u00f3 que la decisi\u00f3n de los profundos cambios que se realizar\u00e1n surgen de una auditor\u00eda de abril de 2023 que realiz\u00f3 la Sindicatura General de la Naci\u00f3n (SIGEN) en la que revelaba que se \u201cincumpl\u00eda con la Ley de Salud Mental y el derecho de los pacientes\u201d.<br \/>\nLa funcionaria, que habl\u00f3 ante un grupo de periodistas, neg\u00f3 el cierre del Laura Bonaparte, una idea que hab\u00eda sido difundida por fuentes del propio Poder Ejecutivo la semana pasada y afirm\u00f3 que hay abierta una instancia de di\u00e1logo con los trabajadores que profundizaron las mediadas de fuerza \u201ccontra el cierre del Bonaparte\u201d, mantienen \u201cla permanencia\u201d dentro de las instalaciones, e impulsada por ATE, preparan \u201cuna movilizaci\u00f3n\u201d para este jueves 10 de octubre, D\u00eda Mundial de la Salud Mental.<br \/>\nPara ejemplificar el desmanejo, que seg\u00fan La Libertad Avanza ocurre en el Bonaparte, dijo que si se calcula la inversi\u00f3n diaria del nosocomio con la cantidad de pacientes que asisten -unos 20 internados de las 60 camas disponibles- y unas 200 o 300 consultas externas, el valor de cada una de ellas oscila entre los $100.000 y $120.000.<br \/>\nEntre las principales definiciones, la viceministra de Salud destac\u00f3: \u201cEn primer lugar el Ministerio de Salud no dispuso la interrupci\u00f3n del funcionamiento del Hospital de Salud Mental y Adicciones Laura Bonaparte\u201d.<br \/>\n\u201cLlegamos a esta decisi\u00f3n por varias cuestiones. La primera, un informe de la SIGEN que detect\u00f3 dos situaciones cr\u00edticas: uno tiene que ver con el incumplimiento de la Ley de Salud Mental y el otro con el incumplimiento de la Ley de Protecci\u00f3n de los Derechos de los Pacientes\u201d.<br \/>\nSobre estos dos puntos, la viceministra aclar\u00f3: \u201cEl primero est\u00e1 relacionado con el hallazgo de pacientes con tratamientos m\u00e9dicos prescritos sin intervenci\u00f3n m\u00e9dica. Por lo menos sin intervenci\u00f3n m\u00e9dica documentada. No se encuentra el profesional que prescribi\u00f3 el tratamiento\u201d.<br \/>\nLa segunda situaci\u00f3n revelada por el informe de la SIGEN, publicado en abril de 2024 y realizado en 2023, fue la violaci\u00f3n a los derechos del paciente. Sobre ese punto, la funcionaria explic\u00f3 que: \u201cNo se custodiaban los datos de los pacientes. Las historias cl\u00ednicas presentaban muchas deficiencias. Estaba relacionada con la falta de antecedentes de los pacientes y de los profesionales que tomaban las decisiones sobre esos pacientes. Faltaban firmas de los m\u00e9dicos o directamente no estaba el nombre del profesional\u201d.<br \/>\nPara Loccisano, en las dos observaciones de la SIGEN, estaba cuestionada tambi\u00e9n \u201cla calidad de atenci\u00f3n de los pacientes\u201d. Bajo la mira est\u00e1n otros hospitales cuyo funcionamiento habr\u00eda sido cuestionado por auditor\u00edas anteriores. Desde la cartera de Salud tambi\u00e9n se asegur\u00f3 que se detect\u00f3 \u201cuna alta ineficiencia en la utilizaci\u00f3n de los recursos p\u00fablicos\u201d. Sobre estos puntos, la viceministra puntualiz\u00f3:<\/p>\n<div class=\"container-spot\" data-tipo=\"tipo_todo\" data-pos=\"NEW_P1_cuerpo\"><\/div>\n<p>Sobre 60 camas de internaci\u00f3n, el promedio de uso de camas es inferior a 20.<\/p>\n","protected":false},"excerpt":{"rendered":"<p>La viceministra de Salud, Cecilia Loccisano, asegur\u00f3 que el Hospital Laura Bonaparte ingres\u00f3 a un \u201cproceso de reestructuraci\u00f3n\u201d que estar\u00e1 en manos de \u201cun equipo interdisciplinario\u201d formado por directivos del hospital, profesionales de ese centro nacional de referencia para la atenci\u00f3n de problemas de salud mental y adicciones y de funcionarios del propio ministerio encabezado [&hellip;]<\/p>\n","protected":false},"author":2,"featured_media":21702,"comment_status":"closed","ping_status":"closed","sticky":false,"template":"","format":"standard","meta":{"footnotes":""},"categories":[79],"tags":[],"class_list":{"0":"post-21701","1":"post","2":"type-post","3":"status-publish","4":"format-standard","5":"has-post-thumbnail","7":"category-politica"},"_links":{"self":[{"href":"https:\/\/radiobitacora.com.ar\/web\/wp-json\/wp\/v2\/posts\/21701","targetHints":{"allow":["GET"]}}],"collection":[{"href":"https:\/\/radiobitacora.com.ar\/web\/wp-json\/wp\/v2\/posts"}],"about":[{"href":"https:\/\/radiobitacora.com.ar\/web\/wp-json\/wp\/v2\/types\/post"}],"author":[{"embeddable":true,"href":"https:\/\/radiobitacora.com.ar\/web\/wp-json\/wp\/v2\/users\/2"}],"replies":[{"embeddable":true,"href":"https:\/\/radiobitacora.com.ar\/web\/wp-json\/wp\/v2\/comments?post=21701"}],"version-history":[{"count":0,"href":"https:\/\/radiobitacora.com.ar\/web\/wp-json\/wp\/v2\/posts\/21701\/revisions"}],"wp:featuredmedia":[{"embeddable":true,"href":"https:\/\/radiobitacora.com.ar\/web\/wp-json\/wp\/v2\/media\/21702"}],"wp:attachment":[{"href":"https:\/\/radiobitacora.com.ar\/web\/wp-json\/wp\/v2\/media?parent=21701"}],"wp:term":[{"taxonomy":"category","embeddable":true,"href":"https:\/\/radiobitacora.com.ar\/web\/wp-json\/wp\/v2\/categories?post=21701"},{"taxonomy":"post_tag","embeddable":true,"href":"https:\/\/radiobitacora.com.ar\/web\/wp-json\/wp\/v2\/tags?post=21701"}],"curies":[{"name":"wp","href":"https:\/\/api.w.org\/{rel}","templated":true}]}}