{"id":21725,"date":"2024-10-09T08:33:47","date_gmt":"2024-10-09T11:33:47","guid":{"rendered":"https:\/\/radiobitacora.com.ar\/web\/?p=21725"},"modified":"2024-10-09T08:33:47","modified_gmt":"2024-10-09T11:33:47","slug":"diputados-debatira-hoy-el-veto-de-milei-a-las-universidades-el-gobierno-esta-cerca-de-conseguir-los-votos-pero-el-resultado-es-incierto","status":"publish","type":"post","link":"https:\/\/radiobitacora.com.ar\/web\/2024\/10\/09\/diputados-debatira-hoy-el-veto-de-milei-a-las-universidades-el-gobierno-esta-cerca-de-conseguir-los-votos-pero-el-resultado-es-incierto\/","title":{"rendered":"Diputados debatir\u00e1 hoy el veto de Milei a las universidades: el Gobierno est\u00e1 cerca de conseguir los votos, pero el resultado es incierto"},"content":{"rendered":"<p class=\"paragraph\" data-mrf-recirculation=\"Links inline\">Exactamente una semana despu\u00e9s de la segunda Marcha Federal Universitaria, el Gobierno se enfrenta este mi\u00e9rcoles a la primera batalla legislativa para sostener el veto presidencial al proyecto de financiamiento de las casas de altos estudios,\u00a0<b>aunque advierte que la medida se va a judicializar si la oposici\u00f3n logra insistir con la iniciativa.<\/b><\/p>\n<p class=\"paragraph\" data-mrf-recirculation=\"Links inline\">Sin los n\u00fameros garantizados, el titular de la C\u00e1mara de Diputados,\u00a0<b>Mart\u00edn Menem<\/b>, continuaba hasta \u00faltimo momento con las negociaciones para tratar de conseguir el apoyo de los espacios dialoguistas que le permitir\u00edan al oficialismo ratificar la decisi\u00f3n de<b>\u00a0Javier Milei\u00a0<\/b>en la sesi\u00f3n que comenzar\u00e1 a las 11:00.<\/p>\n<p class=\"paragraph\" data-mrf-recirculation=\"Links inline\">Si bien gran parte de la actividad del d\u00eda previo se desarroll\u00f3 en el Congreso, en la Casa Rosada siguieron de cerca los acontecimientos, una vez m\u00e1s, y\u00a0<b>confiaban en alcanzar un triunfo sobre la base de varias ausencias y algunos respaldos de \u00faltimo minuto.<\/b><\/p>\n<p class=\"paragraph\" data-mrf-recirculation=\"Links inline\">Con\u00a0<b>Oscar Zago<\/b>\u00a0de viaje en Espa\u00f1a por cuestiones personales, La Libertad Avanza perdi\u00f3 un aliado clave, ya que el jefe del bloque del MID suele acompa\u00f1ar la posici\u00f3n del Poder Ejecutivo, aunque los otros dos integrantes de la bancada,<b>\u00a0Eduardo Falcone<\/b>\u00a0y<b>\u00a0Mar\u00eda Ib\u00e1\u00f1ez<\/b>, s\u00ed estar\u00e1n.<\/p>\n<p class=\"paragraph\" data-mrf-recirculation=\"Links inline\">Por su parte, la libertaria<b>\u00a0Lilia Lemoine<\/b>, que estuvo recorriendo Ucrania en medio de la guerra con Rusia, volver\u00eda a tiempo a Buenos Aires para dar su voto.<\/p>\n<p class=\"paragraph\" data-mrf-recirculation=\"Links inline\">Los\u00a0<b>n\u00fameros<\/b>\u00a0que se manejan en los despachos en\u00a0<b>Diputados<\/b>\u00a0muestran que hay\u00a0<b>entre 80 y 84 votos a favor del veto<\/b>,\u00a0<b>160 a 164 por la insistencia<\/b>\u00a0en la norma,\u00a0<b>4 ausentes y entre 11 y 13 en duda<\/b>. En este escenario,\u00a0<b>nadie puede asegurar si lograr\u00e1 imponer su postura\u00a0<\/b>hoy en el recinto y la incertidumbre reina en todos los bloques.<\/p>\n<div class=\" visual__image\"><picture><source srcset=\"https:\/\/www.infobae.com\/resizer\/v2\/5YJO5YPI3VAZNB3BT4XFHGDU7Y.jpeg?auth=38edae4dda1afd108c7ec26f01512c4ac185594a7e5ab1d267cab5e96ca1f809&amp;smart=true&amp;width=992&amp;height=661&amp;quality=85\" media=\"(min-width: 1000px)\" \/><source srcset=\"https:\/\/www.infobae.com\/resizer\/v2\/5YJO5YPI3VAZNB3BT4XFHGDU7Y.jpeg?auth=38edae4dda1afd108c7ec26f01512c4ac185594a7e5ab1d267cab5e96ca1f809&amp;smart=true&amp;width=768&amp;height=512&amp;quality=85\" media=\"(min-width: 768px)\" \/><source srcset=\"https:\/\/www.infobae.com\/resizer\/v2\/5YJO5YPI3VAZNB3BT4XFHGDU7Y.jpeg?auth=38edae4dda1afd108c7ec26f01512c4ac185594a7e5ab1d267cab5e96ca1f809&amp;smart=true&amp;width=577&amp;height=385&amp;quality=85\" media=\"(min-width: 580px)\" \/><source srcset=\"https:\/\/www.infobae.com\/resizer\/v2\/5YJO5YPI3VAZNB3BT4XFHGDU7Y.jpeg?auth=38edae4dda1afd108c7ec26f01512c4ac185594a7e5ab1d267cab5e96ca1f809&amp;smart=true&amp;width=420&amp;height=280&amp;quality=85\" media=\"(min-width: 350px)\" \/><source srcset=\"https:\/\/www.infobae.com\/resizer\/v2\/5YJO5YPI3VAZNB3BT4XFHGDU7Y.jpeg?auth=38edae4dda1afd108c7ec26f01512c4ac185594a7e5ab1d267cab5e96ca1f809&amp;smart=true&amp;width=350&amp;height=233&amp;quality=85\" media=\"(min-width: 80px)\" \/><img loading=\"lazy\" decoding=\"async\" class=\"global-image\" src=\"https:\/\/www.infobae.com\/resizer\/v2\/5YJO5YPI3VAZNB3BT4XFHGDU7Y.jpeg?auth=38edae4dda1afd108c7ec26f01512c4ac185594a7e5ab1d267cab5e96ca1f809&amp;smart=true&amp;width=350&amp;height=233&amp;quality=85\" alt=\"El bloque radical de Diputados \" width=\"1600\" height=\"1059\" \/><\/picture>El bloque radical de Diputados<\/div>\n<p class=\"paragraph\" data-mrf-recirculation=\"Links inline\">Seg\u00fan los datos que pudo recoger\u00a0<b>Infobae<\/b>, el bloque de 160 votos que buscar\u00e1 anular el veto de\u00a0<b>Milei<\/b>\u00a0est\u00e1 conformado por los 99 diputados de\u00a0<b>Uni\u00f3n por la Patria<\/b>\u00a0y 27 de los 33 parlamentarios que tiene la\u00a0<b>UCR<\/b>, ya que los diputados\u00a0<b>Luis Picat<\/b>,\u00a0<b>Jos\u00e9 Tournier<\/b>,\u00a0<b>Mart\u00edn Arjol<\/b>\u00a0y\u00a0<b>Mariano Campero<\/b>\u00a0\u2014cuatro de los que votaron a favor del veto por la movilidad jubilatoria\u2014 mantendr\u00e1n la misma postura y acompa\u00f1ar\u00e1n al Gobierno. Los dos restantes son\u00a0<b>Fernando Carbajal<\/b>, quien se ausentar\u00e1 con licencia, y\u00a0<b>Pablo Cervi<\/b>, que se abstendr\u00e1, lo que favorece el bloqueo del veto.<\/p>\n<p class=\"paragraph\" data-mrf-recirculation=\"Links inline\">A ese n\u00famero hay que sumarle el respaldo de\u00a0<b>Encuentro Federal<\/b>, que aportar\u00e1 14 de las 16 bancas que tiene \u2014<b>Ricardo L\u00f3pez Murphy<\/b>\u00a0estar\u00e1 ausente y\u00a0<b>Francisco Morcchio<\/b>\u00a0est\u00e1 en duda\u2014. En tanto, los bloques de la\u00a0<b>Coalici\u00f3n C\u00edvica<\/b>\u00a0(6), el\u00a0<b>Frente de Izquierda<\/b>\u00a0(5) y\u00a0<b>Por Santa Cruz<\/b>\u00a0(2) acompa\u00f1ar\u00e1n la insistencia en su totalidad, sumando 13 votos. Por el\u00a0<b>PRO<\/b>, habr\u00e1 dos a favor de la ley:\u00a0<b>\u00c1lvaro Gonz\u00e1lez<\/b>\u00a0y\u00a0<b>H\u00e9ctor Baldassi<\/b>.\u00a0<b>Innovaci\u00f3n Federal<\/b>\u00a0confirma a 5 de sus 8 diputados \u20143 de\u00a0<b>Salta<\/b>, 1 de\u00a0<b>R\u00edo Negro<\/b>\u00a0y 1 de\u00a0<b>Misiones<\/b>\u2014; el resto lo definir\u00e1 esta ma\u00f1ana.\u00a0<b>Lourdes Arrieta<\/b>\u00a0tambi\u00e9n acompa\u00f1ar\u00eda la insistencia. Sumados todos, el total da 160 diputados.<\/p>\n<p class=\"paragraph\" data-mrf-recirculation=\"Links inline\">Sin embargo, del otro lado del recinto proponen resistencia y votar\u00e1n para sostener el veto de\u00a0<b>Milei. La Libertad Avanza<\/b>\u00a0tiene 39 votos propios, el\u00a0<b>PRO<\/b>\u00a0aportar\u00eda 33 y se sumar\u00edan a este grupo uno de\u00a0<b>CREO<\/b>\u00a0\u2014<b>Paula Omodeo<\/b>\u2014, dos del\u00a0<b>MID<\/b>\u00a0\u2014(<b>Zago<\/b>\u00a0est\u00e1 de viaje)\u2014 y cuatro radicales (<b>Campero<\/b>,\u00a0<b>Arjol<\/b>,\u00a0<b>Tournier<\/b>\u00a0y\u00a0<b>Picat<\/b>). De esta manera, hay un piso de 80 votos para apoyar el veto presidencial.<\/p>\n<p class=\"paragraph\" data-mrf-recirculation=\"Links inline\">En este escenario,\u00a0<b>el grupo que apoya la insistencia necesita que el bloque que busca apuntalar el veto no supere los 84 votos<\/b>, aunque ayer parec\u00eda cada vez m\u00e1s probable que lo lograran con el correr de las horas.<\/p>\n<p class=\"paragraph\" data-mrf-recirculation=\"Links inline\">Existen entre 11 y 13 diputados en duda respecto de la decisi\u00f3n que tomar\u00e1n. En ese universo, hay 8 que concentran la mayor atenci\u00f3n. Estos son los tres del bloque\u00a0<b>Independencia<\/b>\u00a0(<b>Tucum\u00e1n<\/b>, que responden al gobernador\u00a0<b>Osvaldo Jaldo<\/b>), los dos de\u00a0<b>San Juan<\/b>, alineados con el gobernador\u00a0<b>Marcelo Orrego<\/b>, y los tres misioneros del bloque\u00a0<b>Encuentro Federal<\/b>, que tienen como jefe pol\u00edtico al gobernador de la provincia,\u00a0<b>Hugo Passalacqua<\/b>.<\/p>\n<div class=\" visual__image\"><picture><source srcset=\"https:\/\/www.infobae.com\/resizer\/v2\/PDD4M2B2BBHV5NFLYDU7Y7KRC4.jpg?auth=e85997810f07b3b1ede324337992c7f2cf432955157a197acc22e55252334b51&amp;smart=true&amp;width=992&amp;height=558&amp;quality=85\" media=\"(min-width: 1000px)\" \/><source srcset=\"https:\/\/www.infobae.com\/resizer\/v2\/PDD4M2B2BBHV5NFLYDU7Y7KRC4.jpg?auth=e85997810f07b3b1ede324337992c7f2cf432955157a197acc22e55252334b51&amp;smart=true&amp;width=768&amp;height=432&amp;quality=85\" media=\"(min-width: 768px)\" \/><source srcset=\"https:\/\/www.infobae.com\/resizer\/v2\/PDD4M2B2BBHV5NFLYDU7Y7KRC4.jpg?auth=e85997810f07b3b1ede324337992c7f2cf432955157a197acc22e55252334b51&amp;smart=true&amp;width=577&amp;height=325&amp;quality=85\" media=\"(min-width: 580px)\" \/><source srcset=\"https:\/\/www.infobae.com\/resizer\/v2\/PDD4M2B2BBHV5NFLYDU7Y7KRC4.jpg?auth=e85997810f07b3b1ede324337992c7f2cf432955157a197acc22e55252334b51&amp;smart=true&amp;width=420&amp;height=236&amp;quality=85\" media=\"(min-width: 350px)\" \/><source srcset=\"https:\/\/www.infobae.com\/resizer\/v2\/PDD4M2B2BBHV5NFLYDU7Y7KRC4.jpg?auth=e85997810f07b3b1ede324337992c7f2cf432955157a197acc22e55252334b51&amp;smart=true&amp;width=350&amp;height=197&amp;quality=85\" media=\"(min-width: 80px)\" \/><img loading=\"lazy\" decoding=\"async\" class=\"global-image\" src=\"https:\/\/www.infobae.com\/resizer\/v2\/PDD4M2B2BBHV5NFLYDU7Y7KRC4.jpg?auth=e85997810f07b3b1ede324337992c7f2cf432955157a197acc22e55252334b51&amp;smart=true&amp;width=350&amp;height=197&amp;quality=85\" alt=\"Diputados de la UCR se reunieron con Milei en la Casa Rosada en la previa a la sesi\u00f3n por la movilidad jubilatoria\" width=\"1920\" height=\"1080\" \/><\/picture>Diputados de la UCR se reunieron con Milei en la Casa Rosada en la previa a la sesi\u00f3n por la movilidad jubilatoria<\/div>\n<p class=\"paragraph\" data-mrf-recirculation=\"Links inline\">En este universo, los que buscan la insistencia de la ley y se muestran con peor \u00e1nimo, observan que\u00a0<b>los 3 tucumanos y los dos sanjuaninos ir\u00edan con La Libertad Avanza<\/b>. El resto se ir\u00eda a las abstenciones o ausencias sumando un total de 11 en esa decisi\u00f3n.<\/p>\n<p class=\"paragraph\" data-mrf-recirculation=\"Links inline\"><b>Si eso sucede<\/b>\u00a0hoy en el recinto,\u00a0<b>el veto del presidente Javier Milei estar\u00eda asegurado\u00a0<\/b>porque obtendr\u00eda 84 votos bloqueando cualquier posibilidad de que los que buscan la insistencia alcancen los dos tercios.<\/p>\n<p class=\"paragraph\" data-mrf-recirculation=\"Links inline\">En paralelo, el Gobierno continu\u00f3 hablando con los gremios universitarios, pero sin llegar a un acuerdo entre las partes, y un d\u00eda antes de la votaci\u00f3n anunci\u00f3 un aumento de la Garant\u00eda Salarial Docente, que es el sueldo m\u00ednimo que los profesionales cobran de bolsillo por cargo y luego de descontar los aportes obligatorios.<\/p>\n<p class=\"paragraph\" data-mrf-recirculation=\"Links inline\">El incremento ser\u00e1 retroactivo e implicar\u00e1 que desde el 1 de julio pasado el salario en cuesti\u00f3n tenga un piso de $420.000, lo cual se suma a la suba del 6,8% para personal docente y no docente de las Universidades Nacionales para octubre, que sigue por debajo del reclamo sindical.<\/p>\n<p class=\"paragraph\" data-mrf-recirculation=\"Links inline\">Si la C\u00e1mara de Diputados insiste con el proyecto, el veto pasar\u00e1 a ser discutido en el Senado, donde el Gobierno tiene un escenario a\u00fan m\u00e1s complicado y los representantes del oficialismo todav\u00eda no comenzaron a conversar sobre el asunto con los otros bloques.<\/p>\n<p class=\"paragraph\" data-mrf-recirculation=\"Links inline\">Hasta este martes, de hecho, la vicepresidenta\u00a0<b>Victoria Villarruel<\/b>\u00a0todav\u00eda se encontraba en Espa\u00f1a, donde particip\u00f3 de la Conferencia Internacional de las Naciones Unidas (ONU) sobre V\u00edctimas del Terrorismo y llev\u00f3 adelante una agenda propia.<\/p>\n<p class=\"paragraph\" data-mrf-recirculation=\"Links inline\">Por su parte, poco antes de partir para C\u00f3rdoba para disertar en un encuentro de empresarios, el jefe de Gabinete,\u00a0<b>Guillermo Francos<\/b>, recibi\u00f3 en su oficina de la Casa Rosada a los senadores del flamante bloque\u00a0<b>Provincias Unidas<\/b>, de v\u00ednculo fluido con gobernadores de distintas regiones del pa\u00eds.<\/p>\n<p class=\"paragraph\" data-mrf-recirculation=\"Links inline\">De la reuni\u00f3n participaron el salte\u00f1o\u00a0<b>Juan Carlos Romero<\/b>; la chubutense\u00a0<b>Edith Terenzi<\/b>; la cordobesa\u00a0<b>Alejandra Vigo<\/b>; el correntino\u00a0<b>Carlos \u201cCamau\u201d Esp\u00ednola<\/b>; el entrerriano\u00a0<b>Edgardo Kueider\u00a0<\/b>y la neuquina\u00a0<b>Lucila Crexell<\/b>, para analizar \u201cun acuerdo para un enfoque colaborativo entre el Poder Ejecutivo y el Legislativo\u201d.<\/p>\n<div class=\" visual__image\"><picture><source srcset=\"https:\/\/www.infobae.com\/resizer\/v2\/W3SPVFTJGVGW5EDLGF36QIJQ44.jpg?auth=3f6c384da00ff49af4c0b2ae3d0828985214626df1a6f0a1552b0280cee144d0&amp;smart=true&amp;width=992&amp;height=661&amp;quality=85\" media=\"(min-width: 1000px)\" \/><source srcset=\"https:\/\/www.infobae.com\/resizer\/v2\/W3SPVFTJGVGW5EDLGF36QIJQ44.jpg?auth=3f6c384da00ff49af4c0b2ae3d0828985214626df1a6f0a1552b0280cee144d0&amp;smart=true&amp;width=768&amp;height=512&amp;quality=85\" media=\"(min-width: 768px)\" \/><source srcset=\"https:\/\/www.infobae.com\/resizer\/v2\/W3SPVFTJGVGW5EDLGF36QIJQ44.jpg?auth=3f6c384da00ff49af4c0b2ae3d0828985214626df1a6f0a1552b0280cee144d0&amp;smart=true&amp;width=577&amp;height=385&amp;quality=85\" media=\"(min-width: 580px)\" \/><source srcset=\"https:\/\/www.infobae.com\/resizer\/v2\/W3SPVFTJGVGW5EDLGF36QIJQ44.jpg?auth=3f6c384da00ff49af4c0b2ae3d0828985214626df1a6f0a1552b0280cee144d0&amp;smart=true&amp;width=420&amp;height=280&amp;quality=85\" media=\"(min-width: 350px)\" \/><source srcset=\"https:\/\/www.infobae.com\/resizer\/v2\/W3SPVFTJGVGW5EDLGF36QIJQ44.jpg?auth=3f6c384da00ff49af4c0b2ae3d0828985214626df1a6f0a1552b0280cee144d0&amp;smart=true&amp;width=350&amp;height=233&amp;quality=85\" media=\"(min-width: 80px)\" \/><img loading=\"lazy\" decoding=\"async\" class=\"global-image\" src=\"https:\/\/www.infobae.com\/resizer\/v2\/W3SPVFTJGVGW5EDLGF36QIJQ44.jpg?auth=3f6c384da00ff49af4c0b2ae3d0828985214626df1a6f0a1552b0280cee144d0&amp;smart=true&amp;width=350&amp;height=233&amp;quality=85\" alt=\"La C\u00e1mara de Diputados debatir\u00e1 hoy la ley de financiamiento universitario (EFE)\" width=\"5800\" height=\"3867\" \/><\/picture>La C\u00e1mara de Diputados debatir\u00e1 hoy la ley de financiamiento universitario (EFE)<\/div>\n<p class=\"paragraph\" data-mrf-recirculation=\"Links inline\">Si bien, seg\u00fan aseguraron algunos de los dirigentes que estuvieron en el encuentro, no se habl\u00f3 sobre el veto al Financiamiento Universitario,\u00a0<b>fue un primer acercamiento entre el Gobierno y este espacio, de cara al posible debate del tema en la C\u00e1mara alta.<\/b><\/p>\n<p class=\"paragraph\" data-mrf-recirculation=\"Links inline\">Si ambos recintos deciden insistir con el proyecto impulsado por un sector del radicalismo y el kirchnerismo, las autoridades nacionales ya advirtieron que van a buscar mecanismos para no implementar el aumento:\u00a0<b>\u201cVamos a avanzar con diferentes acciones que, seguramente, termine en una judicializaci\u00f3n.\u00a0<\/b>Pero, dependiendo de c\u00f3mo se interprete la norma de financiamiento de la administraci\u00f3n p\u00fablica, uno puede ejecutar o no una ley\u201d, explic\u00f3 un funcionario del c\u00edrculo \u00edntimo de Milei.<\/p>\n<p class=\"paragraph\" data-mrf-recirculation=\"Links inline\">Seg\u00fan el art\u00edculo 38 la ley 24.156, de Administraci\u00f3n financiera y de los sistemas de control del sector p\u00fablico nacional, todo texto sancionado por el Congreso \u201cque autorice gastos no previstos en el Presupuesto General deber especificar las fuentes de los recursos a utilizar para su financiamiento\u201d.<\/p>\n<p class=\"paragraph\" data-mrf-recirculation=\"Links inline\">En esta normativa se van a basar las autoridades nacionales para asegurar que la iniciativa del radicalismo no cumple con los requisitos necesarios y, por lo tanto, no cumplir con la misma, aunque reconocen que eso podr\u00eda llevar a que se presenten diferentes denuncias.<\/p>\n","protected":false},"excerpt":{"rendered":"<p>Exactamente una semana despu\u00e9s de la segunda Marcha Federal Universitaria, el Gobierno se enfrenta este mi\u00e9rcoles a la primera batalla legislativa para sostener el veto presidencial al proyecto de financiamiento de las casas de altos estudios,\u00a0aunque advierte que la medida se va a judicializar si la oposici\u00f3n logra insistir con la iniciativa. Sin los n\u00fameros [&hellip;]<\/p>\n","protected":false},"author":2,"featured_media":21726,"comment_status":"closed","ping_status":"closed","sticky":false,"template":"","format":"standard","meta":{"footnotes":""},"categories":[79],"tags":[],"class_list":{"0":"post-21725","1":"post","2":"type-post","3":"status-publish","4":"format-standard","5":"has-post-thumbnail","7":"category-politica"},"_links":{"self":[{"href":"https:\/\/radiobitacora.com.ar\/web\/wp-json\/wp\/v2\/posts\/21725","targetHints":{"allow":["GET"]}}],"collection":[{"href":"https:\/\/radiobitacora.com.ar\/web\/wp-json\/wp\/v2\/posts"}],"about":[{"href":"https:\/\/radiobitacora.com.ar\/web\/wp-json\/wp\/v2\/types\/post"}],"author":[{"embeddable":true,"href":"https:\/\/radiobitacora.com.ar\/web\/wp-json\/wp\/v2\/users\/2"}],"replies":[{"embeddable":true,"href":"https:\/\/radiobitacora.com.ar\/web\/wp-json\/wp\/v2\/comments?post=21725"}],"version-history":[{"count":0,"href":"https:\/\/radiobitacora.com.ar\/web\/wp-json\/wp\/v2\/posts\/21725\/revisions"}],"wp:featuredmedia":[{"embeddable":true,"href":"https:\/\/radiobitacora.com.ar\/web\/wp-json\/wp\/v2\/media\/21726"}],"wp:attachment":[{"href":"https:\/\/radiobitacora.com.ar\/web\/wp-json\/wp\/v2\/media?parent=21725"}],"wp:term":[{"taxonomy":"category","embeddable":true,"href":"https:\/\/radiobitacora.com.ar\/web\/wp-json\/wp\/v2\/categories?post=21725"},{"taxonomy":"post_tag","embeddable":true,"href":"https:\/\/radiobitacora.com.ar\/web\/wp-json\/wp\/v2\/tags?post=21725"}],"curies":[{"name":"wp","href":"https:\/\/api.w.org\/{rel}","templated":true}]}}