{"id":21740,"date":"2024-10-10T07:41:45","date_gmt":"2024-10-10T10:41:45","guid":{"rendered":"https:\/\/radiobitacora.com.ar\/web\/?p=21740"},"modified":"2024-10-10T07:41:45","modified_gmt":"2024-10-10T10:41:45","slug":"veto-al-presupuesto-universitario-como-votaron-los-diputados-correntinos","status":"publish","type":"post","link":"https:\/\/radiobitacora.com.ar\/web\/2024\/10\/10\/veto-al-presupuesto-universitario-como-votaron-los-diputados-correntinos\/","title":{"rendered":"Veto al presupuesto universitario: c\u00f3mo votaron los diputados correntinos"},"content":{"rendered":"<p>La C\u00e1mara de Diputados de la Naci\u00f3n logr\u00f3 blindar el veto presidencial a la <strong>ley de financiamiento universitario y cont\u00f3 con la participaci\u00f3n de los siete legisladores correntinos.\u00a0<\/strong><\/p>\n<div class=\"link-nota-propia\">\n<div class=\"link-nota-propia__cuerpo\">\n<div class=\"nota-propia--desktop\">\n<article class=\"nota--linea\">\n<div class=\"nota__media\"><img decoding=\"async\" class=\"i-amphtml-fill-content i-amphtml-replaced-content\" title=\"Ley de financiamiento universitario: el oficialismo en Diputados logr\u00f3 mantener el veto \" src=\"https:\/\/pxcdn.ellitoral.com.ar\/litoral\/102024\/1728499235026.webp?cw=250&amp;ch=141&amp;extw=jpg\" alt=\"Ley de financiamiento universitario: el oficialismo en Diputados logr\u00f3 mantener el veto \" data-amp-auto-lightbox-disable=\"\" \/><\/div>\n<\/article>\n<\/div>\n<\/div>\n<\/div>\n<div class=\"container-spot\" data-tipo=\"tipo_todo\" data-pos=\"NEW_P1_cuerpo\"><\/div>\n<p>El Gobierno de Javier Milei logr\u00f3 derrumbar de manera\u00a0definitiva\u00a0la norma impulsada por la oposici\u00f3n que pretend\u00eda aumentar los salarios del personal universitario\u00a0por inflaci\u00f3n de forma retroactiva a enero.<\/p>\n<p>Tras varias semanas de tensiones con sus aliados y negociaciones fren\u00e9ticas con gremios y gobernadores,<strong>\u00a0los libertarios sumaron 85 votos en defensa del veto<\/strong>, mientras que la\u00a0<strong>oposici\u00f3n apenas pudo sumar 160<\/strong>\u00a0para insistir con el proyecto original. Dado que la C\u00e1mara de Diputados necesita dos tercios de los presentes para rechazar un veto presidencial, las ausencias y las abstenciones jugaron un papel clave.<\/p>\n<div class=\"container-spot\" data-tipo=\"tipo_todo\" data-pos=\"NEW_P2_cuerpo\"><\/div>\n<p><strong>A FAVOR DEL VETO<\/strong><\/p>\n<p>Los diputados correntinos\u00a0<strong>Lisandro Almir\u00f3n (La Libertad Avanza),\u00a0Federico Tournier (Uni\u00f3n C\u00edvica Radical-Encuentro Liberal) y Sof\u00eda Brambilla (PRO)<\/strong>\u00a0votaron a favor del veto a la ley de financiamiento universitario.<\/p>\n<p><strong>EN CONTRA DEL VETO<\/strong><\/p>\n<p>Por otra parte,\u00a0<strong>Christian Zulli (PJ), Nancy Sand (PJ), Jorge Romero (PJ) y\u00a0Manuel Aguirre (UCR)<\/strong>\u00a0votaron en contra de la decisi\u00f3n del gobierno de Javier Milei.<\/p>\n","protected":false},"excerpt":{"rendered":"<p>La C\u00e1mara de Diputados de la Naci\u00f3n logr\u00f3 blindar el veto presidencial a la ley de financiamiento universitario y cont\u00f3 con la participaci\u00f3n de los siete legisladores correntinos.\u00a0 El Gobierno de Javier Milei logr\u00f3 derrumbar de manera\u00a0definitiva\u00a0la norma impulsada por la oposici\u00f3n que pretend\u00eda aumentar los salarios del personal universitario\u00a0por inflaci\u00f3n de forma retroactiva a [&hellip;]<\/p>\n","protected":false},"author":2,"featured_media":21741,"comment_status":"closed","ping_status":"closed","sticky":false,"template":"","format":"standard","meta":{"footnotes":""},"categories":[79],"tags":[],"class_list":{"0":"post-21740","1":"post","2":"type-post","3":"status-publish","4":"format-standard","5":"has-post-thumbnail","7":"category-politica"},"_links":{"self":[{"href":"https:\/\/radiobitacora.com.ar\/web\/wp-json\/wp\/v2\/posts\/21740","targetHints":{"allow":["GET"]}}],"collection":[{"href":"https:\/\/radiobitacora.com.ar\/web\/wp-json\/wp\/v2\/posts"}],"about":[{"href":"https:\/\/radiobitacora.com.ar\/web\/wp-json\/wp\/v2\/types\/post"}],"author":[{"embeddable":true,"href":"https:\/\/radiobitacora.com.ar\/web\/wp-json\/wp\/v2\/users\/2"}],"replies":[{"embeddable":true,"href":"https:\/\/radiobitacora.com.ar\/web\/wp-json\/wp\/v2\/comments?post=21740"}],"version-history":[{"count":0,"href":"https:\/\/radiobitacora.com.ar\/web\/wp-json\/wp\/v2\/posts\/21740\/revisions"}],"wp:featuredmedia":[{"embeddable":true,"href":"https:\/\/radiobitacora.com.ar\/web\/wp-json\/wp\/v2\/media\/21741"}],"wp:attachment":[{"href":"https:\/\/radiobitacora.com.ar\/web\/wp-json\/wp\/v2\/media?parent=21740"}],"wp:term":[{"taxonomy":"category","embeddable":true,"href":"https:\/\/radiobitacora.com.ar\/web\/wp-json\/wp\/v2\/categories?post=21740"},{"taxonomy":"post_tag","embeddable":true,"href":"https:\/\/radiobitacora.com.ar\/web\/wp-json\/wp\/v2\/tags?post=21740"}],"curies":[{"name":"wp","href":"https:\/\/api.w.org\/{rel}","templated":true}]}}