{"id":21744,"date":"2024-10-10T07:51:09","date_gmt":"2024-10-10T10:51:09","guid":{"rendered":"https:\/\/radiobitacora.com.ar\/web\/?p=21744"},"modified":"2024-10-10T07:51:09","modified_gmt":"2024-10-10T10:51:09","slug":"mas-diputados-correntinos-votaron-el-rechazo-al-veto-pero-quedo-firme","status":"publish","type":"post","link":"https:\/\/radiobitacora.com.ar\/web\/2024\/10\/10\/mas-diputados-correntinos-votaron-el-rechazo-al-veto-pero-quedo-firme\/","title":{"rendered":"M\u00e1s diputados correntinos votaron el rechazo al veto, pero qued\u00f3 firme"},"content":{"rendered":"<p>Finalmente, el Gobierno de Javier Milei consigui\u00f3 este mi\u00e9rcoles otra victoria en el Congreso al blindar su veto a la ley de financiamiento universitario, que hab\u00eda sido aprobada por ambas c\u00e1maras.<\/p>\n<p>Desde el oficialismo aseguraron que el rechazo a la norma que actualizaba los salarios docentes y no docentes por inflaci\u00f3n -retroactivo a enero y hasta diciembre- fue necesario porque pon\u00eda en riesgo el equilibrio fiscal.<\/p>\n<p>As\u00ed, los libertarios sumaron 84 votos en defensa del veto, mientras que la oposici\u00f3n apenas pudo lograr 160 para insistir con el proyecto original. Y dado que la C\u00e1mara de Diputados necesita dos tercios de los presentes para rechazar un veto presidencial, las ausencias y las abstenciones jugaron un papel clave.<\/p>\n<p>De las siete bancas ocupadas por legisladores de Corrientes, cuatro votaron a favor del rechazo del veto de Milei. Los tres restantes acompa\u00f1aron la posici\u00f3n del oficialismo de ratificar el veto.<\/p>\n<p>A los tres diputados del PJ-Uni\u00f3n por la Patria, Nancy Sand, Jorge Antonio Romero y Christian Zulli, que rechazaron el veto, se le sum\u00f3 el radical Manuel Aguirre, quien est\u00e1 fuera de la \u00f3rbita de influencia del gobernador Gustavo Vald\u00e9s, por la interna de la UCR en Corrientes.<\/p>\n<div class=\"center medium m_image\">\n<figure><picture><source srcset=\"https:\/\/www.diarioepoca.com\/content\/bucket\/7\/1389357w380h350c.jpg.webp\" type=\"image\/webp\" media=\"(min-width: 640px)\" \/><source srcset=\"https:\/\/www.diarioepoca.com\/content\/bucket\/7\/1389357w440h405c.jpg.webp\" type=\"image\/webp\" media=\"(min-width: 300px)\" \/><source srcset=\"https:\/\/www.diarioepoca.com\/content\/bucket\/7\/1389357w380h350c.jpg\" media=\"(min-width: 300px)\" \/><img loading=\"lazy\" decoding=\"async\" class=\"pic\" src=\"https:\/\/www.diarioepoca.com\/content\/bucket\/7\/1389357w380h350c.jpg.webp\" alt=\"\" width=\"380\" height=\"350\" \/><\/picture><\/figure>\n<\/div>\n<p>En tanto que votaron en la misma vereda que Lisandro Almir\u00f3n, el diputado de La Libertad Avanza, sus pares Sof\u00eda Brambilla, del PRO, y Federico Tournier, de ELI-Vamos Corrientes.<\/p>\n<p>Algunos de ellos se expresaron a trav\u00e9s de sus redes sociales. &#8220;Hoy vengo a ratificar mi compromiso con la educaci\u00f3n p\u00fablica y el financiamiento universitario por coherencia, convicci\u00f3n, representaci\u00f3n y decisi\u00f3n pol\u00edtica y ciudadana&#8221;, subi\u00f3 la peronista Nancy Sand, a minutos de iniciarse la sesi\u00f3n.<\/p>\n<p>&#8220;En Diputados se ratific\u00f3 el veto de Milei. Nosotros, los legisladores de UXP, seguiremos trabajando por una educaci\u00f3n p\u00fablica, gratuita, de calidad e inclusiva&#8221;, escribi\u00f3 ya apenas concluy\u00f3 el encuentro.<\/p>\n<p>Por su parte, Lisandro Almir\u00f3n poste\u00f3 cuando desembarc\u00f3 en el recinto: &#8220;Una vez m\u00e1s en la banca del Congreso defendiendo el veto del Presidente contra la inconstitucional arremetida al d\u00e9ficit cero. Auditar no es desfinanciar, es controlar que el dinero llegue a quienes debe llegar.<\/p>\n<p>Si quieren defender la universidad p\u00fablica, que sea haci\u00e9ndola transparente para la comunidad educativa, y que de esa manera no pueda volver a ser utilizada por un sector pol\u00edtico.<\/p>\n<div class=\"center medium m_image\">\n<figure><picture><source srcset=\"https:\/\/www.diarioepoca.com\/content\/bucket\/8\/1389358w380h350c.jpg.webp\" type=\"image\/webp\" media=\"(min-width: 640px)\" \/><source srcset=\"https:\/\/www.diarioepoca.com\/content\/bucket\/8\/1389358w440h405c.jpg.webp\" type=\"image\/webp\" media=\"(min-width: 300px)\" \/><source srcset=\"https:\/\/www.diarioepoca.com\/content\/bucket\/8\/1389358w380h350c.jpg\" media=\"(min-width: 300px)\" \/><img loading=\"lazy\" decoding=\"async\" class=\"pic\" src=\"https:\/\/www.diarioepoca.com\/content\/bucket\/8\/1389358w380h350c.jpg.webp\" alt=\"\" width=\"380\" height=\"350\" \/><\/picture><\/figure>\n<\/div>\n<p>C\u00f3mo dijo un presidente alguna vez: la plata alcanza cuando no se la roban&#8221;, subray\u00f3.<\/p>\n<p>Luego, al concluir la sesi\u00f3n, Almir\u00f3n escribi\u00f3 exultante: &#8220;Mantenemos el veto. La discusi\u00f3n sobre el origen de los fondos y la transparencia de su utilizaci\u00f3n es necesaria para un mejor funcionamiento de la educaci\u00f3n superior.<\/p>\n<p>Nos comprometemos a tener universidades dignas y limpias de pol\u00edticos que pretendan utilizarlas como cajas&#8221;, sostuvo.<\/p>\n<p>Si bien el Gobierno celebr\u00f3 el blindaje al veto, esta vez, sin embargo, dijeron que seguramente no invite nuevamente a los &#8220;h\u00e9roes&#8221; a cenar a Olivos como reconocimiento, a diferencia del caso de la recomposici\u00f3n de jubilaciones.<\/p>\n<p>Finalmente, en un siguiente posteo, Almir\u00f3n se solidariz\u00f3 con el militante libertario Fran Fijap: &#8220;Quien con la valent\u00eda de su juventud debi\u00f3 enfrentar toda la violencia y salvajismo del zurdaje argentino por querer cumplir su rol de informar sobre lo que ocurr\u00eda en las calles. Cobardes, salvajes, inconscientes. La izquierda solo destruye&#8221;, acus\u00f3.<\/p>\n<h2>Repudio del Consejo Interuniversitario Nacional y lamento del senador Vischi<\/h2>\n<div class=\"center medium m_image\">\n<figure><picture><source srcset=\"https:\/\/www.diarioepoca.com\/content\/bucket\/6\/1389356w380h278c.jpg.webp\" type=\"image\/webp\" media=\"(min-width: 640px)\" \/><source srcset=\"https:\/\/www.diarioepoca.com\/content\/bucket\/6\/1389356w440h322c.jpg.webp\" type=\"image\/webp\" media=\"(min-width: 300px)\" \/><source srcset=\"https:\/\/www.diarioepoca.com\/content\/bucket\/6\/1389356w380h278c.jpg\" media=\"(min-width: 300px)\" \/><img loading=\"lazy\" decoding=\"async\" class=\"pic\" src=\"https:\/\/www.diarioepoca.com\/content\/bucket\/6\/1389356w380h278c.jpg.webp\" alt=\"\" width=\"380\" height=\"278\" \/><\/picture><\/figure>\n<\/div>\n<p>Desde el Consejo Interuniversitario Nacional emitieron un comunicado en contra de los 84 legisladores que avalaron el veto del presidente Javier Milei a la norma que otorgaba garant\u00eda presupuestaria a las altas casas de estudio. &#8220;No bajaremos los brazos&#8221;, acentuaron.<\/p>\n<p>Tambi\u00e9n, por redes sociales se expres\u00f3 al respecto el senador nacional por Corrientes, Eduardo Vischi, presidente del bloque radical en la C\u00e1mara Alta.<\/p>\n<p>&#8220;Reafirmo mi compromiso inquebrantable con la defensa de la educaci\u00f3n p\u00fablica y de calidad. Lamento la confirmaci\u00f3n del veto presidencial que pone en grave riesgo el funcionamiento de nuestras universidades nacionales&#8221;, resalt\u00f3 Vischi. &#8220;Este veto es un golpe que afecta directamente el futuro de millones de j\u00f3venes argentinos&#8221;, acentu\u00f3.<\/p>\n","protected":false},"excerpt":{"rendered":"<p>Finalmente, el Gobierno de Javier Milei consigui\u00f3 este mi\u00e9rcoles otra victoria en el Congreso al blindar su veto a la ley de financiamiento universitario, que hab\u00eda sido aprobada por ambas c\u00e1maras. Desde el oficialismo aseguraron que el rechazo a la norma que actualizaba los salarios docentes y no docentes por inflaci\u00f3n -retroactivo a enero y [&hellip;]<\/p>\n","protected":false},"author":2,"featured_media":21745,"comment_status":"closed","ping_status":"closed","sticky":false,"template":"","format":"standard","meta":{"footnotes":""},"categories":[79],"tags":[],"class_list":{"0":"post-21744","1":"post","2":"type-post","3":"status-publish","4":"format-standard","5":"has-post-thumbnail","7":"category-politica"},"_links":{"self":[{"href":"https:\/\/radiobitacora.com.ar\/web\/wp-json\/wp\/v2\/posts\/21744","targetHints":{"allow":["GET"]}}],"collection":[{"href":"https:\/\/radiobitacora.com.ar\/web\/wp-json\/wp\/v2\/posts"}],"about":[{"href":"https:\/\/radiobitacora.com.ar\/web\/wp-json\/wp\/v2\/types\/post"}],"author":[{"embeddable":true,"href":"https:\/\/radiobitacora.com.ar\/web\/wp-json\/wp\/v2\/users\/2"}],"replies":[{"embeddable":true,"href":"https:\/\/radiobitacora.com.ar\/web\/wp-json\/wp\/v2\/comments?post=21744"}],"version-history":[{"count":0,"href":"https:\/\/radiobitacora.com.ar\/web\/wp-json\/wp\/v2\/posts\/21744\/revisions"}],"wp:featuredmedia":[{"embeddable":true,"href":"https:\/\/radiobitacora.com.ar\/web\/wp-json\/wp\/v2\/media\/21745"}],"wp:attachment":[{"href":"https:\/\/radiobitacora.com.ar\/web\/wp-json\/wp\/v2\/media?parent=21744"}],"wp:term":[{"taxonomy":"category","embeddable":true,"href":"https:\/\/radiobitacora.com.ar\/web\/wp-json\/wp\/v2\/categories?post=21744"},{"taxonomy":"post_tag","embeddable":true,"href":"https:\/\/radiobitacora.com.ar\/web\/wp-json\/wp\/v2\/tags?post=21744"}],"curies":[{"name":"wp","href":"https:\/\/api.w.org\/{rel}","templated":true}]}}