{"id":21786,"date":"2024-10-11T08:31:13","date_gmt":"2024-10-11T11:31:13","guid":{"rendered":"https:\/\/radiobitacora.com.ar\/web\/?p=21786"},"modified":"2024-10-11T08:31:13","modified_gmt":"2024-10-11T11:31:13","slug":"el-gobierno-busca-dejar-atras-la-discusion-publica-por-las-universidades-con-medidas-anticasta-y-el-foco-puesto-en-el-presupuesto","status":"publish","type":"post","link":"https:\/\/radiobitacora.com.ar\/web\/2024\/10\/11\/el-gobierno-busca-dejar-atras-la-discusion-publica-por-las-universidades-con-medidas-anticasta-y-el-foco-puesto-en-el-presupuesto\/","title":{"rendered":"El Gobierno busca dejar atr\u00e1s la discusi\u00f3n p\u00fablica por las universidades con medidas \u201canticasta\u201d y el foco puesto en el Presupuesto"},"content":{"rendered":"<p class=\"paragraph\" data-mrf-recirculation=\"Links inline\">Preocupado por los efectos en la\u00a0<b>opini\u00f3n p\u00fablica<\/b>\u00a0de la ratificaci\u00f3n del veto contra el financiamiento universitario,\u00a0<b>el Gobierno lanz\u00f3 un plan de contingencia<\/b>\u00a0para desviar la mirada de la agenda p\u00fablica de la educaci\u00f3n p\u00fablica. Javier Milei decidi\u00f3 ayer por la ma\u00f1ana, espont\u00e1neamente, antes de la reuni\u00f3n de Gabinete, recibir al\u00a0<i>influencer\u00a0<\/i>libertario agredido en la manifestaci\u00f3n frente al Congreso contra La Libertad Avanza y el PRO y visitar la pizzer\u00eda donde se refugi\u00f3 ayer.<\/p>\n<p class=\"paragraph\" data-mrf-recirculation=\"Links inline\">Con su equipo hab\u00eda preparado desde hace d\u00edas una medida \u201canticasta\u201d que pone contra la pared a los empleados p\u00fablicos. Y apur\u00f3 la organizaci\u00f3n de un acto, este s\u00e1bado, para poner en escena el cambio de nombre del ex CCK, s\u00edmbolo del kirchnerismo, por \u201cPalacio Libertad\u201d. Una decisi\u00f3n que hab\u00eda tomado hace meses y que, no casualmente, efectivizaron el jueves.<\/p>\n<div class=\"inline ad-wrapper\">\n<div class=\"dfpAd ad-inline\">\n<div id=\"infobae\/politica\/nota\/inline\" class=\"infobae\/politica\/nota\/inline arcad\">\n<div id=\"google_ads_iframe_\/1058609\/infobae\/politica\/nota\/inline_0__container__\"><\/div>\n<\/div>\n<\/div>\n<\/div>\n<p class=\"paragraph\" data-mrf-recirculation=\"Links inline\">Las medidas fueron dise\u00f1adas por Milei con ayuda de su asesor en comunicaci\u00f3n estrat\u00e9gica,\u00a0<b>Santiago Caputo<\/b>, y ejecutadas por el vocero, Manuel Adorni, con aval de\u00a0<b>Karina Milei<\/b>, en su inusualmente breve conferencia matinal. Antes, el jefe de Estado hab\u00eda tuiteado sobre la decisi\u00f3n de eliminar la leyenda \u201cCentro Cultural Kirchner\u201d de la fachada del edificio del ex Correo para reemplazarla por la nueva denominaci\u00f3n.\u00a0<b>Otra medida simb\u00f3lica para mantener vivo el relato libertario<\/b>, que luego se hizo efectiva en el Bolet\u00edn Oficial.<\/p>\n<p class=\"paragraph\" data-mrf-recirculation=\"Links inline\">De todas formas, los colaboradores del Presidente aseguran que su imagen se estabiliz\u00f3 durante las \u00faltimas tres semanas luego de la baja que el Gobierno admiti\u00f3 y por la que se inquiet\u00f3. Aseguran que hoy los n\u00fameros de aceptaci\u00f3n giran en torno a los 46 y los 50 puntos. Y est\u00e1n convencidos de que el conflicto por los fondos universitarios no profundiz\u00f3 la ca\u00edda.<b>\u00a0\u201cLa gente habla sobre eso, pero en el fondo, no les importa realmente\u201d<\/b>,<b>\u00a0<\/b>sostuvieron, con palabras m\u00e1s procaces, en la mesa chica del mandatario.<\/p>\n<div class=\" visual__image\"><picture><source srcset=\"https:\/\/www.infobae.com\/resizer\/v2\/NKX6RQIIAFEEZFFWPT727RIF4Y.jfif?auth=31be5623c6e8177031dbd92e3ca07c78c48f17c136014c4c80a53a1e3590af63&amp;smart=true&amp;width=992&amp;height=744&amp;quality=85\" media=\"(min-width: 1000px)\" \/><source srcset=\"https:\/\/www.infobae.com\/resizer\/v2\/NKX6RQIIAFEEZFFWPT727RIF4Y.jfif?auth=31be5623c6e8177031dbd92e3ca07c78c48f17c136014c4c80a53a1e3590af63&amp;smart=true&amp;width=768&amp;height=576&amp;quality=85\" media=\"(min-width: 768px)\" \/><source srcset=\"https:\/\/www.infobae.com\/resizer\/v2\/NKX6RQIIAFEEZFFWPT727RIF4Y.jfif?auth=31be5623c6e8177031dbd92e3ca07c78c48f17c136014c4c80a53a1e3590af63&amp;smart=true&amp;width=577&amp;height=433&amp;quality=85\" media=\"(min-width: 580px)\" \/><source srcset=\"https:\/\/www.infobae.com\/resizer\/v2\/NKX6RQIIAFEEZFFWPT727RIF4Y.jfif?auth=31be5623c6e8177031dbd92e3ca07c78c48f17c136014c4c80a53a1e3590af63&amp;smart=true&amp;width=420&amp;height=315&amp;quality=85\" media=\"(min-width: 350px)\" \/><source srcset=\"https:\/\/www.infobae.com\/resizer\/v2\/NKX6RQIIAFEEZFFWPT727RIF4Y.jfif?auth=31be5623c6e8177031dbd92e3ca07c78c48f17c136014c4c80a53a1e3590af63&amp;smart=true&amp;width=350&amp;height=263&amp;quality=85\" media=\"(min-width: 80px)\" \/><img loading=\"lazy\" decoding=\"async\" class=\"global-image\" src=\"https:\/\/www.infobae.com\/resizer\/v2\/NKX6RQIIAFEEZFFWPT727RIF4Y.jfif?auth=31be5623c6e8177031dbd92e3ca07c78c48f17c136014c4c80a53a1e3590af63&amp;smart=true&amp;width=350&amp;height=263&amp;quality=85\" alt=\"Tomaron por la fuerza la Universidad de La Matanza como protesta contra el veto presidencial\" width=\"1600\" height=\"1204\" \/><\/picture>Tomaron por la fuerza la Universidad de La Matanza como protesta contra el veto presidencial<\/div>\n<div class=\"inline_2_DSK ad-wrapper ad-desktop\">\n<div class=\"dfpAd ad-inline\">\n<div id=\"infobae\/politica\/nota\/inline_2_DSK\" class=\"infobae\/politica\/nota\/inline_2_DSK arcad\">\n<div id=\"google_ads_iframe_\/1058609\/infobae\/politica\/nota\/inline_2_DSK_0__container__\"><\/div>\n<\/div>\n<\/div>\n<\/div>\n<p class=\"paragraph\" data-mrf-recirculation=\"Links inline\">Mientras tanto, el ala pol\u00edtica de Milei se enfoca en conseguir los votos para el Presupuesto 2025, el debate que viene. El jueves por la ma\u00f1ana, el jefe de Gabinete, Guillermo Francos, y su segundo,\u00a0<b>Lisandro Catal\u00e1n,\u00a0<\/b>recibieron al gobernador catamarque\u00f1o peronista,\u00a0<b>Ra\u00fal Jalil.\u00a0<\/b>Y un d\u00eda antes hab\u00eda hecho lo propio con el neuquino Rolando Figueroa, quienes ayudaron a captar los votos para sostener el veto.<\/p>\n<p class=\"paragraph\" data-mrf-recirculation=\"Links inline\">Para conseguir lo que denominan \u201cuna nueva mayor\u00eda\u201d en el Congreso para lograr aprobar el Presupuesto, un alto funcionario revel\u00f3 que la semana que viene\u00a0<b>Jos\u00e9 Luis Espert\u00a0<\/b>convocar\u00e1 a un encuentro de la Comisi\u00f3n de Presupuesto y Hacienda. De todas formas,\u00a0<b>no ven plausible a\u00fan la obtenci\u00f3n de dictamen, y creen que s\u00f3lo podr\u00edan pasar al debate en el recinto en noviembre.<\/b><\/p>\n<p class=\"paragraph\" data-mrf-recirculation=\"Links inline\">Dan por sentado que arrancar\u00e1n con la base de 84 votos que obtuvieron para el veto al financiamiento universitario, y calculan que necesitar\u00e1n unos 40 m\u00e1s (la cifra depender\u00e1 del variable porcentaje de ausentes y abstenciones).\u00a0<b>El panorama est\u00e1 complicado, pero no dan por perdida la disputa.<\/b>\u00a0Creen que, en definitiva, podr\u00e1n apelar a<b>\u00a0los opositores que, sin ser dialoguistas, son considerados \u201cracionales\u201d.<\/b><\/p>\n<p class=\"paragraph\" data-mrf-recirculation=\"Links inline\">Apuntan a los partidos que, si bien no acompa\u00f1aron los vetos del Presidente contra los jubilados y la educaci\u00f3n p\u00fablica, hab\u00edan dado apoyo a la ley Bases y el paquete fiscal.\u00a0<b>\u201cNo vemos a tipos como Pichetto o De Loredo votando en contra de un Presupuesto\u201d,\u00a0<\/b>resumi\u00f3 un funcionario, en referencia a Encuentro Federal y la UCR.<\/p>\n<p class=\"paragraph\" data-mrf-recirculation=\"Links inline\">La ley de Presupuesto constituye una de las variables que afectan la gobernabilidad de cualquier gobierno. Y si bien el Presidente tiene la potestad de extenderlo, esta vez se tratar\u00eda de la \u201cextensi\u00f3n de la extensi\u00f3n\u201d, porque no hubo ley para este a\u00f1o. El sistema de erogaciones, si as\u00ed fuera, quedar\u00eda \u201catado con alambres\u201d, en una situaci\u00f3n por dem\u00e1s excepcional. \u201c<b>Nadie quiere eso, ni nosotros, ni ellos\u201d,\u00a0<\/b>dijeron en Balcarce 50. E insistieron en que est\u00e1n abiertos a escuchar propuestas para mejorar el financiamiento para las universidades de parte de la oposici\u00f3n, siempre con la condici\u00f3n de que se mantenga intacto el d\u00e9ficit y los fondos se obtengan recortando otras partidas.<\/p>\n<p class=\"paragraph\" data-mrf-recirculation=\"Links inline\">Sin embargo, no todos en la Casa Rosada est\u00e1n a favor de forzar un apoyo. Algunos, influyentes asesores, m\u00e1s duros se inclinan por dejar que el proyecto del Presidente naufrague.<b>\u00a0\u201cNos conviene m\u00e1s\u201d,\u00a0<\/b>dijeron, tajantes, en la mesa chica del Presidente, reacios a empezar una ronda de encuentros de contenci\u00f3n de figuras que, como Pichetto, les jugaron en contra en las \u00faltimas votaciones. Seg\u00fan dicen en el sector m\u00e1s duro del Gobierno, por una \u201ccuesti\u00f3n de egos\u201d y \u201cmalas compa\u00f1\u00edas\u201d.<\/p>\n","protected":false},"excerpt":{"rendered":"<p>Preocupado por los efectos en la\u00a0opini\u00f3n p\u00fablica\u00a0de la ratificaci\u00f3n del veto contra el financiamiento universitario,\u00a0el Gobierno lanz\u00f3 un plan de contingencia\u00a0para desviar la mirada de la agenda p\u00fablica de la educaci\u00f3n p\u00fablica. Javier Milei decidi\u00f3 ayer por la ma\u00f1ana, espont\u00e1neamente, antes de la reuni\u00f3n de Gabinete, recibir al\u00a0influencer\u00a0libertario agredido en la manifestaci\u00f3n frente al Congreso [&hellip;]<\/p>\n","protected":false},"author":2,"featured_media":21787,"comment_status":"closed","ping_status":"closed","sticky":false,"template":"","format":"standard","meta":{"footnotes":""},"categories":[79],"tags":[],"class_list":{"0":"post-21786","1":"post","2":"type-post","3":"status-publish","4":"format-standard","5":"has-post-thumbnail","7":"category-politica"},"_links":{"self":[{"href":"https:\/\/radiobitacora.com.ar\/web\/wp-json\/wp\/v2\/posts\/21786","targetHints":{"allow":["GET"]}}],"collection":[{"href":"https:\/\/radiobitacora.com.ar\/web\/wp-json\/wp\/v2\/posts"}],"about":[{"href":"https:\/\/radiobitacora.com.ar\/web\/wp-json\/wp\/v2\/types\/post"}],"author":[{"embeddable":true,"href":"https:\/\/radiobitacora.com.ar\/web\/wp-json\/wp\/v2\/users\/2"}],"replies":[{"embeddable":true,"href":"https:\/\/radiobitacora.com.ar\/web\/wp-json\/wp\/v2\/comments?post=21786"}],"version-history":[{"count":0,"href":"https:\/\/radiobitacora.com.ar\/web\/wp-json\/wp\/v2\/posts\/21786\/revisions"}],"wp:featuredmedia":[{"embeddable":true,"href":"https:\/\/radiobitacora.com.ar\/web\/wp-json\/wp\/v2\/media\/21787"}],"wp:attachment":[{"href":"https:\/\/radiobitacora.com.ar\/web\/wp-json\/wp\/v2\/media?parent=21786"}],"wp:term":[{"taxonomy":"category","embeddable":true,"href":"https:\/\/radiobitacora.com.ar\/web\/wp-json\/wp\/v2\/categories?post=21786"},{"taxonomy":"post_tag","embeddable":true,"href":"https:\/\/radiobitacora.com.ar\/web\/wp-json\/wp\/v2\/tags?post=21786"}],"curies":[{"name":"wp","href":"https:\/\/api.w.org\/{rel}","templated":true}]}}