{"id":21844,"date":"2024-10-14T08:55:33","date_gmt":"2024-10-14T11:55:33","guid":{"rendered":"https:\/\/radiobitacora.com.ar\/web\/?p=21844"},"modified":"2024-10-14T08:55:33","modified_gmt":"2024-10-14T11:55:33","slug":"profundo-pesar-por-el-fallecimiento-de-pedro-del-prado","status":"publish","type":"post","link":"https:\/\/radiobitacora.com.ar\/web\/2024\/10\/14\/profundo-pesar-por-el-fallecimiento-de-pedro-del-prado\/","title":{"rendered":"Profundo pesar por el fallecimiento de Pedro del Prado"},"content":{"rendered":"<p>Profundo pesar en el mundo chamamecero por el fallecimiento del integrante del grupo Amanday\u00e9, reconocido m\u00fasico y compositor, Pedro del Prado como era conocido art\u00edsticamente. En el 2018 hab\u00eda sido declarado ciudadano ilustre.<\/p>\n<p>En 2020 hab\u00eda sufrido un infarto y permaneci\u00f3 varios d\u00edas internados hasta su total recuperaci\u00f3n. El 9 de septiembre pasado, el libre\u00f1o sufri\u00f3 un preinfarto y fue internado de urgencia en el Instituto Cardiol\u00f3gico de Corrientes. En este \u00faltimo tiempo, permanec\u00eda internado en el hospital Vidal donde falleci\u00f3 en las \u00faltimas horas.<\/p>\n<p><strong>&#8220;Pedro del Prado&#8221;<\/strong>\u00a0naci\u00f3 en Paso de los Libres, Provincia de Corrientes el 24 de Diciembre de 1954.<\/p>\n<p>En su ni\u00f1ez se interes\u00f3 por la m\u00fasica por influencia de su padre, cantante aficcionado inici\u00e1ndose en la ejecuci\u00f3n de la guitarra a la edad de 9 a\u00f1os. En esta etapa se perfecciona con el maestro Pedro Parra.<\/p>\n<p>Sus primeras presentaciones las realiza en fiestas familiares y escolares y con tan solo 11 a\u00f1os de edad comienza a presentarse en pe\u00f1as y festivales de Paso de Los Libres y su zona de influencia y en audiciones radiales de &#8220;LT 12 Radio General Madariaga&#8221;.<\/p>\n<p>A finales de los 60 se radic\u00f3 con su familia en la capital de Corrientes donde contin\u00faa sus presentaciones como cantante y guitarrista en el circuito de pe\u00f1as universitarias y de folklore.<\/p>\n<p>En el a\u00f1o 1980 recibe la invitaci\u00f3n de Jorge Luis Boratti y Ra\u00fal Tissoco para reemplazar a Daniel Larrea y Eduardo Insaurralde en el &#8220;Grupo Vocal Nuevo D\u00eda&#8221;. Con esta formaci\u00f3n participa de un certamen de canciones organizado conjuntamente por el COMFER Y SADAIC resultando finalistas entre 1800 participantes, lo que la dio la oportunidad de realizar su primera grabaci\u00f3n profesional en el disco de los finalistas del certamen donde versionaron &#8220;Barquito de papel&#8221; autor\u00eda de Pocho Roch. Y junto al itate\u00f1o en el a\u00f1o 1982 participa de la grabaci\u00f3n del disco &#8220;Canciones al viento&#8221; editado por el sello &#8220;EPIC&#8221;.<\/p>\n<p>En el a\u00f1o 1982 se integra a la &#8220;Orquesta Folkl\u00f3rica Municipal&#8221; creada y dirigida por Don Herminio Gim\u00e9nez y posteriormente en el a\u00f1o 1985 se radica en Buenos Aires donde conoce al artista curuzucuate\u00f1o Mateo Villalba con quien comparte actuaciones y grabaciones por espacio de 5 a\u00f1os.<\/p>\n<p>De regreso a Corrientes en el a\u00f1o 1990 forma el &#8220;Grupo Mensaje&#8221; junto a Ra\u00fal Tissocco y la cancionista Liliana Laffitte con el que interpretan variados g\u00e9neros y en esta etapa recibe la invitaci\u00f3n de Ricardo y Hugo Sc\u00f3fano para sumarse al &#8220;Grupo Renacer&#8221; en el que permanece por espacio de 3 a\u00f1os participando de la grabaci\u00f3n del disco &#8220;Renacer&#8221; editado por el sello &#8220;EPSA MUSIC&#8221;.<\/p>\n<p>Las voces y guitarras del &#8220;Grupo Renacer&#8221; estaban conformadas por Del Prado, Hugo Flores y Hugo Sc\u00f3fano quienes en el a\u00f1o 1998 deciden abandonar la agrupaci\u00f3n para fundar el &#8220;Grupo Amandaye&#8221;, grupo que integra hasta la actualidad.<\/p>\n<p>La primer formaci\u00f3n se complet\u00f3 con Rodolfo Flores y Raulito Alonzo y en casi 20 a\u00f1os de carrera &#8220;Amandaye&#8221; se ha convertido en uno de los conjuntos de mayor trascendencia del g\u00e9nero, con presentaciones en los principales escenarios del pa\u00eds, pa\u00edses lim\u00edtrofes y una gira por ciudades de Estados Unidos.<\/p>\n<p>En materia de grabaciones<strong>\u00a0&#8220;Amandaye&#8221;<\/strong>\u00a0lleva grabados 3 discos, &#8220;Compartirnos&#8221; del a\u00f1o 1998; &#8220;Amandaye&#8221; del a\u00f1o 2003 y su m\u00e1s reciente trabajo &#8220;Pasi\u00f3n Correntina&#8221; editado en 2012 en el que particip\u00f3 el acordeonista chaque\u00f1o Lucas Monz\u00f3n.<\/p>\n<p>Pedro del Prado se ha destacado adem\u00e1s como un prol\u00edfico sesionista en m\u00e1s de 70 grabaciones de artistas como el mencionado Mateo Villalba, Ariel Petrocelli, Abelito Larrosa Cuevas, Mario y Alberto Bofill, Roberto Galarza, Miriam Asuad, Daniel Franich y Elio Roca, entre otros.<\/p>\n<p>Pedro del Prado se ha destacado adem\u00e1s como\u00a0un prol\u00edfico sesionista en m\u00e1s de 70 grabaciones de artistas como el mencionado Mateo Villalba, Ariel Petrocelli, Abelito Larrosa Cuevas, Mario y Alberto Bofill, Roberto Galarza, Miriam Asuad, Daniel Franich y Elio Roca, entre otros.<\/p>\n<p>En la faz autoral llevan la firma de Del Prado obras como &#8220;Navidad en el Camba Cua&#8221;, &#8220;Bajo la luna de abril&#8221;, &#8220;Amor de verano&#8221;, &#8220;Compartirnos&#8221;, &#8220;Para encontrar el ayer&#8221;, &#8220;Romance de piel morena&#8221;, &#8220;Tiempo de vigilia&#8221; y &#8220;Pombero&#8221;; por citar algunas.<\/p>\n<p>Pedro del Prado estuvo radicado en Corrientes, ciudad que lo ha declarado &#8220;Ciudadano Ilustre&#8221; en el a\u00f1o 2018.<\/p>\n<p>Con informaci\u00f3n de Fundaci\u00f3n Chamam\u00e9<\/p>\n","protected":false},"excerpt":{"rendered":"<p>Profundo pesar en el mundo chamamecero por el fallecimiento del integrante del grupo Amanday\u00e9, reconocido m\u00fasico y compositor, Pedro del Prado como era conocido art\u00edsticamente. En el 2018 hab\u00eda sido declarado ciudadano ilustre. En 2020 hab\u00eda sufrido un infarto y permaneci\u00f3 varios d\u00edas internados hasta su total recuperaci\u00f3n. El 9 de septiembre pasado, el libre\u00f1o [&hellip;]<\/p>\n","protected":false},"author":2,"featured_media":21845,"comment_status":"closed","ping_status":"closed","sticky":false,"template":"","format":"standard","meta":{"footnotes":""},"categories":[67],"tags":[],"class_list":{"0":"post-21844","1":"post","2":"type-post","3":"status-publish","4":"format-standard","5":"has-post-thumbnail","7":"category-espectaculo"},"_links":{"self":[{"href":"https:\/\/radiobitacora.com.ar\/web\/wp-json\/wp\/v2\/posts\/21844","targetHints":{"allow":["GET"]}}],"collection":[{"href":"https:\/\/radiobitacora.com.ar\/web\/wp-json\/wp\/v2\/posts"}],"about":[{"href":"https:\/\/radiobitacora.com.ar\/web\/wp-json\/wp\/v2\/types\/post"}],"author":[{"embeddable":true,"href":"https:\/\/radiobitacora.com.ar\/web\/wp-json\/wp\/v2\/users\/2"}],"replies":[{"embeddable":true,"href":"https:\/\/radiobitacora.com.ar\/web\/wp-json\/wp\/v2\/comments?post=21844"}],"version-history":[{"count":0,"href":"https:\/\/radiobitacora.com.ar\/web\/wp-json\/wp\/v2\/posts\/21844\/revisions"}],"wp:featuredmedia":[{"embeddable":true,"href":"https:\/\/radiobitacora.com.ar\/web\/wp-json\/wp\/v2\/media\/21845"}],"wp:attachment":[{"href":"https:\/\/radiobitacora.com.ar\/web\/wp-json\/wp\/v2\/media?parent=21844"}],"wp:term":[{"taxonomy":"category","embeddable":true,"href":"https:\/\/radiobitacora.com.ar\/web\/wp-json\/wp\/v2\/categories?post=21844"},{"taxonomy":"post_tag","embeddable":true,"href":"https:\/\/radiobitacora.com.ar\/web\/wp-json\/wp\/v2\/tags?post=21844"}],"curies":[{"name":"wp","href":"https:\/\/api.w.org\/{rel}","templated":true}]}}