{"id":21852,"date":"2024-10-14T09:04:25","date_gmt":"2024-10-14T12:04:25","guid":{"rendered":"https:\/\/radiobitacora.com.ar\/web\/?p=21852"},"modified":"2024-10-14T09:04:25","modified_gmt":"2024-10-14T12:04:25","slug":"durante-el-fin-de-semana-largo-se-movilizaron-14-millones-de-turistas","status":"publish","type":"post","link":"https:\/\/radiobitacora.com.ar\/web\/2024\/10\/14\/durante-el-fin-de-semana-largo-se-movilizaron-14-millones-de-turistas\/","title":{"rendered":"Durante el fin de semana largo se movilizaron 1,4 millones de turistas"},"content":{"rendered":"<p>El fin de semana largo por el feriado del D\u00eda del Respeto a la Diversidad Cultural tuvo un movimiento de 1,4 millones de turistas por el pa\u00eds y un gasto de $228.479 millones, de acuerdo a un relevamiento de la Confederaci\u00f3n Argentina de la Mediana Empresa (CAME).<br \/>\nLos turistas desembolsaron, en promedio, $67.518 diarios cada uno, y la estad\u00eda media fue de 2,4 d\u00edas. El reporte puntualiz\u00f3 que \u201cel visitante fue mucho m\u00e1s austero, not\u00e1ndose el menor poder adquisitivo\u201d, detallando que \u201cviaj\u00f3, pero prioriz\u00f3 las actividades gratuitas y redujo su demanda gastron\u00f3mica\u201d.<br \/>\nCon respecto al mismo fin de semana del a\u00f1o pasado, el informe precis\u00f3 que viajaron 7,1% menos de personas y el impacto econ\u00f3mico tuvo una baja real de 33,3%. Al respecto, desde CAME indicaron que \u201cesto se explica porque el feriado 2023 fue de cuatro d\u00edas, y el tipo de cambio en aquel momento volv\u00eda a Argentina m\u00e1s conveniente para el visitante internacional\u201d.<br \/>\nSostuvieron que \u201ceste a\u00f1o, la ausencia del programa Previaje fue compensada por el incremento en la oferta de torneos deportivos, culturales y un potente calendario de encuentros\u201d<br \/>\nEntre las ciudades m\u00e1s concurridas estuvieron: Mar del Plata, Caril\u00f3, Mar de las Pampas, Sierra de la Ventana, Villa General Belgrano, Esteros del Iber\u00e1, San Rafael, Salta, Bariloche, Puerto Madryn, El Calafate, Puerto Iguaz\u00fa y Federaci\u00f3n.<\/p>\n","protected":false},"excerpt":{"rendered":"<p>El fin de semana largo por el feriado del D\u00eda del Respeto a la Diversidad Cultural tuvo un movimiento de 1,4 millones de turistas por el pa\u00eds y un gasto de $228.479 millones, de acuerdo a un relevamiento de la Confederaci\u00f3n Argentina de la Mediana Empresa (CAME). Los turistas desembolsaron, en promedio, $67.518 diarios cada [&hellip;]<\/p>\n","protected":false},"author":2,"featured_media":21853,"comment_status":"closed","ping_status":"closed","sticky":false,"template":"","format":"standard","meta":{"footnotes":""},"categories":[73],"tags":[],"class_list":{"0":"post-21852","1":"post","2":"type-post","3":"status-publish","4":"format-standard","5":"has-post-thumbnail","7":"category-turismo"},"_links":{"self":[{"href":"https:\/\/radiobitacora.com.ar\/web\/wp-json\/wp\/v2\/posts\/21852","targetHints":{"allow":["GET"]}}],"collection":[{"href":"https:\/\/radiobitacora.com.ar\/web\/wp-json\/wp\/v2\/posts"}],"about":[{"href":"https:\/\/radiobitacora.com.ar\/web\/wp-json\/wp\/v2\/types\/post"}],"author":[{"embeddable":true,"href":"https:\/\/radiobitacora.com.ar\/web\/wp-json\/wp\/v2\/users\/2"}],"replies":[{"embeddable":true,"href":"https:\/\/radiobitacora.com.ar\/web\/wp-json\/wp\/v2\/comments?post=21852"}],"version-history":[{"count":0,"href":"https:\/\/radiobitacora.com.ar\/web\/wp-json\/wp\/v2\/posts\/21852\/revisions"}],"wp:featuredmedia":[{"embeddable":true,"href":"https:\/\/radiobitacora.com.ar\/web\/wp-json\/wp\/v2\/media\/21853"}],"wp:attachment":[{"href":"https:\/\/radiobitacora.com.ar\/web\/wp-json\/wp\/v2\/media?parent=21852"}],"wp:term":[{"taxonomy":"category","embeddable":true,"href":"https:\/\/radiobitacora.com.ar\/web\/wp-json\/wp\/v2\/categories?post=21852"},{"taxonomy":"post_tag","embeddable":true,"href":"https:\/\/radiobitacora.com.ar\/web\/wp-json\/wp\/v2\/tags?post=21852"}],"curies":[{"name":"wp","href":"https:\/\/api.w.org\/{rel}","templated":true}]}}