{"id":21860,"date":"2024-10-14T09:18:00","date_gmt":"2024-10-14T12:18:00","guid":{"rendered":"https:\/\/radiobitacora.com.ar\/web\/?p=21860"},"modified":"2024-10-14T09:18:00","modified_gmt":"2024-10-14T12:18:00","slug":"blanqueo-el-banco-central-habilitara-tarjetas-de-debito-en-dolares-para-titulares-de-cuentas-cera","status":"publish","type":"post","link":"https:\/\/radiobitacora.com.ar\/web\/2024\/10\/14\/blanqueo-el-banco-central-habilitara-tarjetas-de-debito-en-dolares-para-titulares-de-cuentas-cera\/","title":{"rendered":"Blanqueo: el Banco Central habilitar\u00e1 tarjetas de d\u00e9bito en d\u00f3lares para titulares de cuentas CERA"},"content":{"rendered":"<article class=\"article-body article-body--first-paragraph content-protected-false\" data-td-script-src=\"https:\/\/www.ambito.com\/td\/modulos\/encuestas\/js\/function-embeds-min-version-1728792435.js\">Pese a que a\u00fan no se defini\u00f3 una fecha exacta, el\u00a0<a href=\"https:\/\/www.ambito.com\/economia\/con-reservas-rojo-el-salto-la-emision-on-dolares-le-da-otra-rueda-auxilio-al-bcra-n6069313\" target=\"_blank\" rel=\"follow noopener\"><strong>Banco Central(BCRA)\u00a0<\/strong><\/a>confirm\u00f3 que se trabaja en las tarjetas de d\u00e9bito en d\u00f3lares. El presidente de la entidad,\u00a0<strong>Santiago Bausilli<\/strong>, asegur\u00f3 que ya se encuentran en coordinaci\u00f3n con bancos y emisores de tarjetas para implementarlas lo m\u00e1s pronto posible.<\/p>\n<\/article>\n<article class=\"article-body article-body--second-paragraph content-protected-false\">Hace casi un mes, el\u00a0<strong>Banco Central<\/strong>\u00a0emiti\u00f3 la Comunicaci\u00f3n \u201cA\u201d 8106, en la cual habilitaba a los titulares de las\u00a0<strong>cuentas especiales de regularizaci\u00f3n de activos (CERA)<\/strong>\u00a0a solicitar tarjetas de d\u00e9bito u otros medios de pago, incluso billeteras virtuales, para poder gastar los fondos exteriorizados. Este avance se enmarca dentro de una estrategia m\u00e1s amplia que tiene como objetivo<strong>\u00a0fomentar la competencia entre monedas en el pa\u00eds<\/strong>, un esquema que el Gobierno busca implementar a mediano plazo.<\/p>\n<\/article>\n<article class=\"article-body article-body--third-paragraph content-protected-false\">Seg\u00fan afirm\u00f3 el presidente del Banco Central, Santiago Bausili, los equipos trabajan para que esta opci\u00f3n est\u00e9 disponible cuanto antes.<strong>\u00a0\u201cEstamos coordinando y trabajando con las tarjetas, los adquirentes y los bancos para que est\u00e9n disponibles<\/strong>\u00a0lo antes posible. Normativamente est\u00e1 todo listo, la implementaci\u00f3n requiere sistemas y seguridad que se est\u00e1n desarrollando\u201d, se\u00f1al\u00f3 el funcionario a trav\u00e9s de sus redes sociales.<\/p>\n<\/article>\n<article class=\"article-body article-body--fourth-paragraph content-protected-false\">\n<div id=\"7992580-Libre-481156956_wrap\" class=\"embed_cont type_imagen\" contenteditable=\"false\">\n<div id=\"7992580-Libre-481156956_content\" class=\"embed_content\"><img decoding=\"async\" id=\"7992580-Libre-481156956_embed\" title=\"\" src=\"https:\/\/media.ambito.com\/p\/1afc45dd4f6ca1f1e77f18010386ac98\/adjuntos\/239\/imagenes\/041\/883\/0041883436\/730x0\/smart\/whatsapp-image-2024-10-14-at-74028-amjpeg.jpeg\" alt=\"\" width=\"730\" height=\"undefined\" data-td-src-property=\"https:\/\/media.ambito.com\/p\/1afc45dd4f6ca1f1e77f18010386ac98\/adjuntos\/239\/imagenes\/041\/883\/0041883436\/730x0\/smart\/whatsapp-image-2024-10-14-at-74028-amjpeg.jpeg\" \/><\/div>\n<\/div>\n<h2>Tarjeta de d\u00e9bito en d\u00f3lares: cu\u00e1l es el objetivo del Banco Central<\/h2>\n<p>Uno de los puntos claves, es que para aquellos que tengan cuentas en d\u00f3lares, el gasto de divisas se realizar\u00e1 directamente en esa moneda, sin necesidad de convertir el monto.<\/p>\n<\/article>\n<article class=\"article-body article-body--remaining-paragraph content-protected-false\">La disposici\u00f3n<strong>\u00a0marca una diferencia importante con el sistema actual, donde los bancos permiten realizar consumos en cualquier moneda; pero estos son convertidos a pesos al momento de realizar el cobro.<\/strong>\u00a0Algunas entidades bancarias ya ofrec\u00edan la opci\u00f3n de vincular una tarjeta de d\u00e9bito en pesos con una caja de ahorro en d\u00f3lares para quienes viajan al exterior, pero\u00a0<strong>la nueva medida busca optimizar este proceso para las cuentas CERA.<\/strong><\/p>\n<p>El desarrollo de un pl\u00e1stico espec\u00edfico para estas cuentas CERA\u00a0<strong>es uno de los aspectos m\u00e1s complejos de la implementaci\u00f3n.<\/strong><\/p>\n<p>Actualmente, los sistemas necesarios para emitir estas tarjetas a\u00fan no est\u00e1n completamente desarrollados, lo que requiere tiempo y ajustes t\u00e9cnicos. Adem\u00e1s, esta normativa plantea un reto adicional:<strong>\u00a0para que los consumidores opten por gastar en d\u00f3lares, deber\u00e1n existir comercios que\u00a0<\/strong>ofrezcan precios en esa moneda que resulten m\u00e1s convenientes que los precios en pesos.<\/p>\n<\/article>\n","protected":false},"excerpt":{"rendered":"<p>Pese a que a\u00fan no se defini\u00f3 una fecha exacta, el\u00a0Banco Central(BCRA)\u00a0confirm\u00f3 que se trabaja en las tarjetas de d\u00e9bito en d\u00f3lares. El presidente de la entidad,\u00a0Santiago Bausilli, asegur\u00f3 que ya se encuentran en coordinaci\u00f3n con bancos y emisores de tarjetas para implementarlas lo m\u00e1s pronto posible. Hace casi un mes, el\u00a0Banco Central\u00a0emiti\u00f3 la Comunicaci\u00f3n [&hellip;]<\/p>\n","protected":false},"author":2,"featured_media":21861,"comment_status":"closed","ping_status":"closed","sticky":false,"template":"","format":"standard","meta":{"footnotes":""},"categories":[65],"tags":[],"class_list":{"0":"post-21860","1":"post","2":"type-post","3":"status-publish","4":"format-standard","5":"has-post-thumbnail","7":"category-economia"},"_links":{"self":[{"href":"https:\/\/radiobitacora.com.ar\/web\/wp-json\/wp\/v2\/posts\/21860","targetHints":{"allow":["GET"]}}],"collection":[{"href":"https:\/\/radiobitacora.com.ar\/web\/wp-json\/wp\/v2\/posts"}],"about":[{"href":"https:\/\/radiobitacora.com.ar\/web\/wp-json\/wp\/v2\/types\/post"}],"author":[{"embeddable":true,"href":"https:\/\/radiobitacora.com.ar\/web\/wp-json\/wp\/v2\/users\/2"}],"replies":[{"embeddable":true,"href":"https:\/\/radiobitacora.com.ar\/web\/wp-json\/wp\/v2\/comments?post=21860"}],"version-history":[{"count":0,"href":"https:\/\/radiobitacora.com.ar\/web\/wp-json\/wp\/v2\/posts\/21860\/revisions"}],"wp:featuredmedia":[{"embeddable":true,"href":"https:\/\/radiobitacora.com.ar\/web\/wp-json\/wp\/v2\/media\/21861"}],"wp:attachment":[{"href":"https:\/\/radiobitacora.com.ar\/web\/wp-json\/wp\/v2\/media?parent=21860"}],"wp:term":[{"taxonomy":"category","embeddable":true,"href":"https:\/\/radiobitacora.com.ar\/web\/wp-json\/wp\/v2\/categories?post=21860"},{"taxonomy":"post_tag","embeddable":true,"href":"https:\/\/radiobitacora.com.ar\/web\/wp-json\/wp\/v2\/tags?post=21860"}],"curies":[{"name":"wp","href":"https:\/\/api.w.org\/{rel}","templated":true}]}}