{"id":21868,"date":"2024-10-14T09:37:39","date_gmt":"2024-10-14T12:37:39","guid":{"rendered":"https:\/\/radiobitacora.com.ar\/web\/?p=21868"},"modified":"2024-10-14T09:37:39","modified_gmt":"2024-10-14T12:37:39","slug":"fortalecido-tras-el-aval-al-veto-el-gobierno-comienza-la-discusion-por-la-ley-hojarasca-mientras-intenta-avanzar-con-el-presupuesto","status":"publish","type":"post","link":"https:\/\/radiobitacora.com.ar\/web\/2024\/10\/14\/fortalecido-tras-el-aval-al-veto-el-gobierno-comienza-la-discusion-por-la-ley-hojarasca-mientras-intenta-avanzar-con-el-presupuesto\/","title":{"rendered":"Fortalecido tras el aval al veto, el Gobierno comienza la discusi\u00f3n por la Ley Hojarasca, mientras intenta avanzar con el Presupuesto"},"content":{"rendered":"<article class=\"article\">\n<div class=\"body-article \">\n<p class=\"paragraph\" data-mrf-recirculation=\"Links inline\">En el medio de una agenda cargada de actividad parlamentaria, que se va intensificando con la presentaci\u00f3n de nuevos proyectos, el Gobierno tiene previsto inaugurar esta semana la mesa pol\u00edtica con los aliados legislativos para tratar de garantizarse el apoyo de otros bloques antes de que las discusiones lleguen al Congreso.<\/p>\n<p class=\"paragraph\" data-mrf-recirculation=\"Links inline\">Con el<b>\u00a0Presupuesto\u00a0<\/b>en pleno debate de comisiones y una de las iniciativas de<b>\u00a0Ficha Limpia<\/b>\u00a0lista para tratarse en el recinto, las autoridades nacionales anunciaron el env\u00edo de la esperada\u00a0<b>\u201cLey Hojarasca\u201d<\/b>, que plantea la eliminaci\u00f3n o reforma de decenas de normas vigentes y que datan de distintas \u00e9pocas.<\/p>\n<div class=\"inline ad-wrapper\">\n<div class=\"dfpAd ad-inline\">\n<div id=\"infobae\/politica\/nota\/inline\" class=\"infobae\/politica\/nota\/inline arcad hide up-show\" data-google-query-id=\"CPWQkrnwjYkDFdJs3QId7PwDLg\">\n<div id=\"google_ads_iframe_\/1058609\/infobae\/politica\/nota\/inline_0__container__\"><iframe loading=\"lazy\" id=\"google_ads_iframe_\/1058609\/infobae\/politica\/nota\/inline_0\" tabindex=\"0\" title=\"3rd party ad content\" src=\"https:\/\/01268f56f9c4c836b8b4cbd049717409.safeframe.googlesyndication.com\/safeframe\/1-0-40\/html\/container.html?upapi=true\" name=\"\" width=\"717\" height=\"60\" frameborder=\"0\" marginwidth=\"0\" marginheight=\"0\" scrolling=\"no\" sandbox=\"allow-forms allow-popups allow-popups-to-escape-sandbox allow-same-origin allow-scripts allow-top-navigation-by-user-activation\" data-is-safeframe=\"true\" aria-label=\"Advertisement\" data-google-container-id=\"4\" data-load-complete=\"true\" data-mce-fragment=\"1\"><\/iframe><\/p>\n<div class=\"upo-label\">AD<\/div>\n<\/div>\n<\/div>\n<\/div>\n<\/div>\n<p class=\"paragraph\" data-mrf-recirculation=\"Links inline\">Se trata de un texto en el que estuvo trabajando desde su llegada al Gabinete el ministro de Desregulaci\u00f3n y Transformaci\u00f3n del Estado,\u00a0<b>Federico Sturzenegger<\/b>, quien tambi\u00e9n fue el autor de gran parte de la Ley Bases original.<\/p>\n<p class=\"paragraph\" data-mrf-recirculation=\"Links inline\">De acuerdo con lo que anticip\u00f3 el propio funcionario en las redes sociales, a lo largo de los siguientes d\u00edas se ir\u00e1n explicando algunas de las medidas que se buscar\u00e1 derogar y que provienen de los gobiernos constitucionales de Isabel Per\u00f3n; Juan Domingo Per\u00f3n; N\u00e9stor Kirchner; Agust\u00edn Justo; Ra\u00fal Alfons\u00edn; Arturo Illia; Arturo Frondizi; Cristina Fern\u00e1ndez de Kirchner y H\u00e9ctor C\u00e1mpora.<\/p>\n<div class=\" visual__image\"><picture><source srcset=\"https:\/\/www.infobae.com\/resizer\/v2\/SGESLTP4ZZDLBPRKUD3D4KQKQQ.jpg?auth=46957c11d22adf4c0c882da84f7601484ee6acc987fafccbbe0e92fc774861d2&amp;smart=true&amp;width=992&amp;height=558&amp;quality=85\" media=\"(min-width: 1000px)\" \/><source srcset=\"https:\/\/www.infobae.com\/resizer\/v2\/SGESLTP4ZZDLBPRKUD3D4KQKQQ.jpg?auth=46957c11d22adf4c0c882da84f7601484ee6acc987fafccbbe0e92fc774861d2&amp;smart=true&amp;width=768&amp;height=432&amp;quality=85\" media=\"(min-width: 768px)\" \/><source srcset=\"https:\/\/www.infobae.com\/resizer\/v2\/SGESLTP4ZZDLBPRKUD3D4KQKQQ.jpg?auth=46957c11d22adf4c0c882da84f7601484ee6acc987fafccbbe0e92fc774861d2&amp;smart=true&amp;width=577&amp;height=325&amp;quality=85\" media=\"(min-width: 580px)\" \/><source srcset=\"https:\/\/www.infobae.com\/resizer\/v2\/SGESLTP4ZZDLBPRKUD3D4KQKQQ.jpg?auth=46957c11d22adf4c0c882da84f7601484ee6acc987fafccbbe0e92fc774861d2&amp;smart=true&amp;width=420&amp;height=236&amp;quality=85\" media=\"(min-width: 350px)\" \/><source srcset=\"https:\/\/www.infobae.com\/resizer\/v2\/SGESLTP4ZZDLBPRKUD3D4KQKQQ.jpg?auth=46957c11d22adf4c0c882da84f7601484ee6acc987fafccbbe0e92fc774861d2&amp;smart=true&amp;width=350&amp;height=197&amp;quality=85\" media=\"(min-width: 80px)\" \/><img loading=\"lazy\" decoding=\"async\" class=\"global-image\" src=\"https:\/\/www.infobae.com\/resizer\/v2\/SGESLTP4ZZDLBPRKUD3D4KQKQQ.jpg?auth=46957c11d22adf4c0c882da84f7601484ee6acc987fafccbbe0e92fc774861d2&amp;smart=true&amp;width=350&amp;height=197&amp;quality=85\" alt=\"Mart\u00edn Menem y Guillermo Francos, con la versi\u00f3n original de la Ley Bases\" width=\"1920\" height=\"1080\" \/><\/picture>Mart\u00edn Menem y Guillermo Francos, con la versi\u00f3n original de la Ley Bases<\/div>\n<div class=\"inline_2_DSK ad-wrapper ad-desktop\">\n<div class=\"dfpAd ad-inline\">\n<div id=\"infobae\/politica\/nota\/inline_2_DSK\" class=\"infobae\/politica\/nota\/inline_2_DSK arcad hide up-show\" data-google-query-id=\"CPTxprnwjYkDFTFPuAQd9ZQyBQ\">\n<div id=\"google_ads_iframe_\/1058609\/infobae\/politica\/nota\/inline_2_DSK_0__container__\"><iframe loading=\"lazy\" id=\"google_ads_iframe_\/1058609\/infobae\/politica\/nota\/inline_2_DSK_0\" tabindex=\"0\" title=\"3rd party ad content\" src=\"https:\/\/01268f56f9c4c836b8b4cbd049717409.safeframe.googlesyndication.com\/safeframe\/1-0-40\/html\/container.html?upapi=true\" name=\"\" width=\"717\" height=\"60\" frameborder=\"0\" marginwidth=\"0\" marginheight=\"0\" scrolling=\"no\" sandbox=\"allow-forms allow-popups allow-popups-to-escape-sandbox allow-same-origin allow-scripts allow-top-navigation-by-user-activation\" data-is-safeframe=\"true\" aria-label=\"Advertisement\" data-google-container-id=\"5\" data-load-complete=\"true\" data-mce-fragment=\"1\"><\/iframe><\/p>\n<div class=\"upo-label\">AD<\/div>\n<\/div>\n<\/div>\n<\/div>\n<\/div>\n<p class=\"paragraph\" data-mrf-recirculation=\"Links inline\">Otras normativas, en cambio, fueron aprobadas durante las dictaduras de Agust\u00edn Lanusse; Juan Carlos Ongan\u00eda; Jorge Rafael Videla; Reynaldo Bignone; Edelmiro Farrell; Jos\u00e9 Uriburu y Ra\u00fal Lastiri.<\/p>\n<p class=\"paragraph\" data-mrf-recirculation=\"Links inline\">Como un primer ejemplo, Sturzenegger comparti\u00f3 un gr\u00e1fico en el que mostr\u00f3 nueve de las leyes que intentar\u00e1 borrar, entre las cuales est\u00e1n la 14.034, que proh\u00edbe la defensa de los derechos humanos de argentinos en foros internacionales; la 20.120, que habilita al Estado a prohibir reuniones privadas entre ciudadanos; la 22.875, que le permite al Poder Ejecutivo exigirles a empresas privadas la relocaci\u00f3n, y la 22.964, sobre el confinamiento forzoso de enfermos de Lepra.<\/p>\n<p class=\"paragraph\" data-mrf-recirculation=\"Links inline\">Mientras esta iniciativa reci\u00e9n empieza a ser impulsada, en la Comisi\u00f3n de Presupuesto y Hacienda de la C\u00e1mara de Diputados, que encabeza\u00a0<b>Jos\u00e9 Luis Espert<\/b>, ya se convoc\u00f3 a una nueva reuni\u00f3n para el pr\u00f3ximo martes, para seguir analizando el proyecto que el propio presidente<b>\u00a0Javier Milei\u00a0<\/b>present\u00f3 semanas atr\u00e1s en el Congreso.<\/p>\n<p class=\"paragraph\" data-mrf-recirculation=\"Links inline\">Para esa jornada, est\u00e1 previsto que expongan, primero, la ministra de Seguridad,\u00a0<b>Patricia Bullrich<\/b>, y el director ejecutivo de la ANSeS,\u00a0<b>Mariano de los Heros<\/b>, despu\u00e9s, que se sumar\u00e1n a una lista de varios integrantes del Gabinete que fueron y seguir\u00e1n yendo al recinto para defender la f\u00f3rmula propuesta por el jefe de Estado.<\/p>\n<p class=\"paragraph\" data-mrf-recirculation=\"Links inline\">No obstante, en la c\u00fapula libertaria insisten en que, si bien tendr\u00edan, en principio, los n\u00fameros como para aprobar la rendici\u00f3n de gastos del 2025, tampoco les preocupa que el Congreso se la rechace, ya que eso les permitir\u00eda prorrogar una vez m\u00e1s la ley de noviembre del 2022 (que fue la \u00faltima que se sancion\u00f3, ya que Alberto Fern\u00e1ndez no discuti\u00f3 una nueva en el 2023, por estar en pleno a\u00f1o electoral).<\/p>\n<p class=\"paragraph\" data-mrf-recirculation=\"Links inline\">En Balcarce 50 reconocen que se trata de una negociaci\u00f3n muy extensa, que \u201cpodr\u00eda demorar entre tres y cuatro semanas m\u00e1s para alcanzar dictamen\u201d, lo cual depender\u00e1 tambi\u00e9n de si el resto de los espacios buscar\u00e1n o no incluir modificaciones en el financiamiento universitario previsto, tras el veto presidencial a la ley que establec\u00eda un aumento para los docentes.<\/p>\n<div class=\" visual__image\"><picture><source srcset=\"https:\/\/www.infobae.com\/resizer\/v2\/W3SPVFTJGVGW5EDLGF36QIJQ44.jpg?auth=3f6c384da00ff49af4c0b2ae3d0828985214626df1a6f0a1552b0280cee144d0&amp;smart=true&amp;width=992&amp;height=661&amp;quality=85\" media=\"(min-width: 1000px)\" \/><source srcset=\"https:\/\/www.infobae.com\/resizer\/v2\/W3SPVFTJGVGW5EDLGF36QIJQ44.jpg?auth=3f6c384da00ff49af4c0b2ae3d0828985214626df1a6f0a1552b0280cee144d0&amp;smart=true&amp;width=768&amp;height=512&amp;quality=85\" media=\"(min-width: 768px)\" \/><source srcset=\"https:\/\/www.infobae.com\/resizer\/v2\/W3SPVFTJGVGW5EDLGF36QIJQ44.jpg?auth=3f6c384da00ff49af4c0b2ae3d0828985214626df1a6f0a1552b0280cee144d0&amp;smart=true&amp;width=577&amp;height=385&amp;quality=85\" media=\"(min-width: 580px)\" \/><source srcset=\"https:\/\/www.infobae.com\/resizer\/v2\/W3SPVFTJGVGW5EDLGF36QIJQ44.jpg?auth=3f6c384da00ff49af4c0b2ae3d0828985214626df1a6f0a1552b0280cee144d0&amp;smart=true&amp;width=420&amp;height=280&amp;quality=85\" media=\"(min-width: 350px)\" \/><source srcset=\"https:\/\/www.infobae.com\/resizer\/v2\/W3SPVFTJGVGW5EDLGF36QIJQ44.jpg?auth=3f6c384da00ff49af4c0b2ae3d0828985214626df1a6f0a1552b0280cee144d0&amp;smart=true&amp;width=350&amp;height=233&amp;quality=85\" media=\"(min-width: 80px)\" \/><img loading=\"lazy\" decoding=\"async\" class=\"global-image\" src=\"https:\/\/www.infobae.com\/resizer\/v2\/W3SPVFTJGVGW5EDLGF36QIJQ44.jpg?auth=3f6c384da00ff49af4c0b2ae3d0828985214626df1a6f0a1552b0280cee144d0&amp;smart=true&amp;width=350&amp;height=233&amp;quality=85\" alt=\"El Gobierno se prepara para enfrentar una intensa agenda legislativa (EFE\/C\u00e1mara de Diputados de Argentina)\n\" width=\"5800\" height=\"3867\" \/><\/picture>El Gobierno se prepara para enfrentar una intensa agenda legislativa (EFE\/C\u00e1mara de Diputados de Argentina)<\/div>\n<p class=\"paragraph\" data-mrf-recirculation=\"Links inline\">\u201c<b>Si la oposici\u00f3n quiere sacar dinero de cualquiera de los gastos que no est\u00e1n indexados, para d\u00e1rselo a las universidades, nosotros no tenemos ning\u00fan problema.<\/b>\u00a0No habr\u00e1 plata para la obra p\u00fablica, para la seguridad o para la defensa, ser\u00e1 decisi\u00f3n de los diputados. La \u00fanica condici\u00f3n es que, al final, la cuenta siga dando cero (de d\u00e9ficit)\u201d, remarc\u00f3 una figura muy cercana a Milei.<\/p>\n<p class=\"paragraph\" data-mrf-recirculation=\"Links inline\">En este contexto, este lunes se realizar\u00e1 una nueva reuni\u00f3n de seguimiento legislativo en Casa Rosada, con los bloques aliados al oficialismo, principalmente el PRO, liderado por\u00a0<b>Cristian Ritondo<\/b>, y el MID, encabezado por\u00a0<b>Oscar Zago<\/b>, que esta vez no podr\u00e1 asistir por encontrarse fuera del pa\u00eds.<\/p>\n<p class=\"paragraph\" data-mrf-recirculation=\"Links inline\">Adem\u00e1s de Sturzenegger, est\u00e1 previsto que est\u00e9 en este encuentro el titular de la C\u00e1mara de Diputados,\u00a0<b>Mart\u00edn Menem<\/b>, mientras que algunos de los participantes esperan que tambi\u00e9n aparezcan la secretaria general de la Presidencia,\u00a0<b>Karina Milei<\/b>, o el influyente asesor<b>\u00a0Santiago Caputo<\/b>, principales figuras del Gobierno.<\/p>\n<p class=\"paragraph\" data-mrf-recirculation=\"Links inline\">De esa manera, el Poder Ejecutivo dar\u00eda por inaugurada la flamante \u201cmesa pol\u00edtica\u201d que se comenz\u00f3 a organizar a partir del reclamo de los sectores dialoguistas de incluir en las conversaciones que se dan en la Jefatura de Gabinete de\u00a0<b>Guillermo Francos<\/b>, a personas con mayor poder de decisi\u00f3n.<\/p>\n<div class=\"second-saved-buttons\">\n<div class=\"body-share-note\">\n<div class=\"share-note-txt\"><\/div>\n<\/div>\n<\/div>\n<\/div>\n<div class=\"feed-list-wrapper\" data-mrf-recirculation=\"Ultimas noticias\">\n<div class=\"col1\">\n<div class=\"deck\"><\/div>\n<\/div>\n<\/div>\n<\/article>\n","protected":false},"excerpt":{"rendered":"<p>En el medio de una agenda cargada de actividad parlamentaria, que se va intensificando con la presentaci\u00f3n de nuevos proyectos, el Gobierno tiene previsto inaugurar esta semana la mesa pol\u00edtica con los aliados legislativos para tratar de garantizarse el apoyo de otros bloques antes de que las discusiones lleguen al Congreso. Con el\u00a0Presupuesto\u00a0en pleno debate [&hellip;]<\/p>\n","protected":false},"author":2,"featured_media":21869,"comment_status":"closed","ping_status":"closed","sticky":false,"template":"","format":"standard","meta":{"footnotes":""},"categories":[79],"tags":[],"class_list":{"0":"post-21868","1":"post","2":"type-post","3":"status-publish","4":"format-standard","5":"has-post-thumbnail","7":"category-politica"},"_links":{"self":[{"href":"https:\/\/radiobitacora.com.ar\/web\/wp-json\/wp\/v2\/posts\/21868","targetHints":{"allow":["GET"]}}],"collection":[{"href":"https:\/\/radiobitacora.com.ar\/web\/wp-json\/wp\/v2\/posts"}],"about":[{"href":"https:\/\/radiobitacora.com.ar\/web\/wp-json\/wp\/v2\/types\/post"}],"author":[{"embeddable":true,"href":"https:\/\/radiobitacora.com.ar\/web\/wp-json\/wp\/v2\/users\/2"}],"replies":[{"embeddable":true,"href":"https:\/\/radiobitacora.com.ar\/web\/wp-json\/wp\/v2\/comments?post=21868"}],"version-history":[{"count":0,"href":"https:\/\/radiobitacora.com.ar\/web\/wp-json\/wp\/v2\/posts\/21868\/revisions"}],"wp:featuredmedia":[{"embeddable":true,"href":"https:\/\/radiobitacora.com.ar\/web\/wp-json\/wp\/v2\/media\/21869"}],"wp:attachment":[{"href":"https:\/\/radiobitacora.com.ar\/web\/wp-json\/wp\/v2\/media?parent=21868"}],"wp:term":[{"taxonomy":"category","embeddable":true,"href":"https:\/\/radiobitacora.com.ar\/web\/wp-json\/wp\/v2\/categories?post=21868"},{"taxonomy":"post_tag","embeddable":true,"href":"https:\/\/radiobitacora.com.ar\/web\/wp-json\/wp\/v2\/tags?post=21868"}],"curies":[{"name":"wp","href":"https:\/\/api.w.org\/{rel}","templated":true}]}}