{"id":21915,"date":"2024-10-15T08:47:47","date_gmt":"2024-10-15T11:47:47","guid":{"rendered":"https:\/\/radiobitacora.com.ar\/web\/?p=21915"},"modified":"2024-10-15T08:47:47","modified_gmt":"2024-10-15T11:47:47","slug":"arranca-el-juicio-contra-los-acusados-por-la-causa-conocida-como-generacion-zoe","status":"publish","type":"post","link":"https:\/\/radiobitacora.com.ar\/web\/2024\/10\/15\/arranca-el-juicio-contra-los-acusados-por-la-causa-conocida-como-generacion-zoe\/","title":{"rendered":"Arranca el juicio contra los acusados por la causa conocida como Generaci\u00f3n Zoe"},"content":{"rendered":"<p>El Poder Judicial de Corrientes inform\u00f3 que este mi\u00e9rcoles en el Tribunal de Juicio de Goya arrancar\u00e1 el primer juicio en todo el pa\u00eds, donde se juzgar\u00e1 el accionar de los integrantes de la asociaci\u00f3n conocida como \u201cGeneraci\u00f3n Zoe\u201d.<\/p>\n<div class=\"container-spot\" data-tipo=\"tipo_todo\" data-pos=\"NEW_P1_cuerpo\"><\/div>\n<p>En este marco, informaron que la audiencia\u00a0comenzar\u00e1 a las 8.30 en el Tribunal Juicio de Goya.<\/p>\n<p>Generaci\u00f3n Zoe es el nombre de la firma que habr\u00eda prometido ganancias extraordinarias, cursos de coaching ontol\u00f3gico y el cumplimiento de sue\u00f1os inalcanzables a cambio de inversiones que variaban de monto seg\u00fan cada ahorrista y sus posibilidades de invertir.<\/p>\n<div class=\"container-spot\" data-tipo=\"tipo_todo\" data-pos=\"NEW_P2_cuerpo\"><\/div>\n<p>Los acusados son Leonardo Nelson Cositorto (supuesto l\u00edder de la organizaci\u00f3n), Miguel \u00c1ngel Echegaray y Maximiliano Javier Batista, Lucas Dami\u00e1n Camelino, Nicol\u00e1s Ismael Medina y Javier Sebasti\u00e1n Medina.<\/p>\n<p>En la primera audiencia se abrir\u00e1 el debate y se escuchar\u00e1n los alegatos de apertura. Adem\u00e1s el Fiscal deber\u00e1 individualizar a los testigos que declarar\u00e1n el viernes 18 de octubre.<\/p>\n<div class=\"container-spot\" data-tipo=\"tipo_todo\" data-pos=\"NEW_P3_cuerpo\"><\/div>\n<p><strong>La primera audiencia<\/strong><\/p>\n<p>La primera audiencia se realizar\u00e1 el mi\u00e9rcoles 16 de octubre y se extender\u00e1n hasta el 11 de diciembre. Durante este tiempo se esperan que declaren 166 testigos entre los de la fiscal\u00eda, de la querella y de la defensa.<\/p>\n<p><strong>El Tribunal y la Fiscal\u00eda<\/strong><\/p>\n<p>El Tribunal que lo juzgar\u00e1 est\u00e1 formado por el doctor Ricardo Carbajal como presidente y los doctores Jorge Carbone y Julio Duarte como vocales. La Oficina Judicial se encarga de la parte organizativa y administrativa.<\/p>\n<div class=\"container-spot\" data-tipo=\"tipo_todo\" data-pos=\"NEW_P4_cuerpo\"><\/div>\n<p>Los fiscales que intervendr\u00e1n son los doctores Rub\u00e9n Barry y Juan Carlos Castillo, los abogados querellante son los doctores Pablo Andr\u00e9s Fleitas y Alejandra Soledad Fleitas.<\/p>\n<p><strong>La Defensa<\/strong><\/p>\n<p>Todos los defensores son P\u00fablicos. Intervendr\u00e1n tres que tendr\u00e1n a su cargo la representaci\u00f3n de diferentes imputados.<\/p>\n<div class=\"container-spot\" data-tipo=\"tipo_todo\" data-pos=\"NEW_P5_cuerpo\"><\/div>\n<p>El doctor Omar Antonio Rivero Olivera, defensor de Pobres y Ausentes, estar\u00e1 a cargo de la defensa del supuesto l\u00edder de \u201cGeneraci\u00f3n ZOE\u201d, Leonardo Nelson Cositorto.<\/p>\n<p>El doctor Fernando Andr\u00e9s Buffil, titular de la Unidad Coordinadora de la Defensa, representar\u00e1 a Miguel \u00c1ngel Echegaray y Lucas Dami\u00e1n Camelino.<\/p>\n<div class=\"container-spot\" data-tipo=\"tipo_todo\" data-pos=\"NEW_P6_cuerpo\"><\/div>\n<p>Y el doctor Joaqu\u00edn Jorge Sebasti\u00e1n Romero actuar\u00e1 en defensa de Maximiliano Javier Batista, Javier Sebasti\u00e1n Medina y Nicol\u00e1s Ismael Medina.<\/p>\n<p><strong>Cuarto Juez<\/strong><\/p>\n<p>Conforme lo que establece el art\u00edculo 308, \u00faltimo p\u00e1rrafo del C\u00f3digo Procesal Penal, al superar el juicio las 20 audiencias se designo un cuarto juez (sustituto) a la doctora Gertrudis Liliana M\u00e1rquez, integrante de la C\u00e1mara de Apelaciones en lo Civil, Comercial y Laboral de Goya.<\/p>\n<div class=\"container-spot\" data-tipo=\"tipo_todo\" data-pos=\"NEW_P7_cuerpo\"><\/div>\n<p><strong>Los delitos que se les imputa<\/strong><\/p>\n<p>A Leonardo Cositorto, Miguel \u00c1ngel Echegaray y Maximiliano Javier Batista se los juzgar\u00e1 por Asociaci\u00f3n ilicita en car\u00e1cter de organizadores y estafa en modalidad de delito continuado en concurso real en calidad de coautores.<\/p>\n<p>A Lucas Daniel Camelino, Nicol\u00e1s Ismael Medina y Javier Sebasti\u00e1n Medina se los juzgar\u00e1 por Asociaci\u00f3n Il\u00edcita en car\u00e1cter de miembros y estafa en modalidad de delito continuado en concurso real.<\/p>\n<div class=\"container-spot\" data-tipo=\"tipo_todo\" data-pos=\"NEW_P8_cuerpo\"><\/div>\n<p><strong>La prensa durante el Juicio<\/strong><\/p>\n<p>El presidente del Tribunal, doctor Ricardo Carbajal inform\u00f3 que se podr\u00e1 transmitir en vivo toda la primera parte del juicio, los alegatos finales y el veredicto.<\/p>\n<p>No se podr\u00e1 a transmitir la declaraci\u00f3n de los testigos, por ello los periodistas y el p\u00fablico en general que ingresen a la Sala de Debate deben hacerlo con los CELULARES APAGADOS y est\u00e1 prohibido grabar a los efectos de garantizar la producci\u00f3n probatoria con la menor contaminaci\u00f3n posible.<\/p>\n<p>Esto siempre lo hace el Tribunal para garantizar la ordenada realizaci\u00f3n y recepci\u00f3n de la prueba.<\/p>\n<p><strong>Los Testigos<\/strong><\/p>\n<p>Conforme lo diagram\u00f3 la Oficina Judicial de Goya, por d\u00eda declarar\u00e1n de 5 a 7 testigos, comenzar\u00e1n los de la Fiscal\u00eda, luego lo har\u00e1n los que tienen en com\u00fan la fiscal\u00eda y la querella, despu\u00e9s los de la Querella y por \u00faltimo los de la defensa.<\/p>\n<p>En total son 166 testigos, algunos compartidos entre la Fiscal\u00eda y la Querella.<\/p>\n<p>El Tribunal tiene como pauta procesal que los testigos declaren en forma presencial, no obstante si alguna de las partes solicita que lo hagan v\u00eda remota y la otra no se opone, el Tribunal lo aceptar\u00e1 quedando a cargo de quien la propone los riesgos inherentes a complicaciones derivadas de aqu\u00e9l modo excepcional y alternativo de producci\u00f3n de prueba.<\/p>\n<p><strong>Fecha y lugar de las audiencias<\/strong><\/p>\n<p>Las audiencias se realizar\u00e1n los d\u00edas 16, 18, 21, 23, 25, 28 y 30 de octubre.<\/p>\n<p>En noviembre las audiencias ser\u00e1n los d\u00edas 1, 4, 6, 8,, 11, 12, 13, 20, 22, 25, 27 y 28.<\/p>\n<p>Y en diciembre est\u00e1n fijadas para el 2, 4, 6, 9 y 11. Todas ser\u00e1n desde las 8.30 horas.<\/p>\n<p>Se concretar\u00e1n en la sala del Tribunal de Juicio de Goya, ubicado en Ej\u00e9rcito Argentino 550.<\/p>\n<p><strong>Cronograma del juicio<\/strong><\/p>\n<p>El mi\u00e9rcoles 16 de octubre a las 8.30 se concretar\u00e1 la primera audiencia donde se abrir\u00e1 el debate y se escuchar\u00e1n los alegatos de apertura. Adem\u00e1s el Fiscal deber\u00e1 individualizar a los testigos que declarar\u00e1n el viernes 18 de octubre.<\/p>\n<p>Se tiene previsto que el mi\u00e9rcoles 11 de diciembre se hagan los alegatos de cierre y se dicte el veredicto.<\/p>\n<p><strong>Traslado de los detenidos<\/strong><\/p>\n<p>Tres de los imputados se encuentran detenidos en C\u00f3rdoba porque adem\u00e1s de la causa de Goya tienen distintos procesos en varios puntos del pa\u00eds, pero \u00e9ste, en Corrientes, ser\u00e1 el primero que se concreta a la luz de un nuevo C\u00f3digo Procesal Penal que imprime celeridad e inmediatez en los procesos.<\/p>\n<p>Por lo tanto los imputados, Leonardo Nelson Cositorto, Maximiliano Javier Batista y Miguel \u00c1ngel Echegaray que se encuentran detenidos en C\u00f3rdoba con prisi\u00f3n preventiva ser\u00e1n alojados durante el juicio en la Unidad Penal N\u00b08 o en el establecimiento penal que el Servicio Penitenciario Provincial determine hasta la finalizaci\u00f3n del debate.<\/p>\n","protected":false},"excerpt":{"rendered":"<p>El Poder Judicial de Corrientes inform\u00f3 que este mi\u00e9rcoles en el Tribunal de Juicio de Goya arrancar\u00e1 el primer juicio en todo el pa\u00eds, donde se juzgar\u00e1 el accionar de los integrantes de la asociaci\u00f3n conocida como \u201cGeneraci\u00f3n Zoe\u201d. En este marco, informaron que la audiencia\u00a0comenzar\u00e1 a las 8.30 en el Tribunal Juicio de Goya. [&hellip;]<\/p>\n","protected":false},"author":2,"featured_media":21916,"comment_status":"closed","ping_status":"closed","sticky":false,"template":"","format":"standard","meta":{"footnotes":""},"categories":[72],"tags":[],"class_list":{"0":"post-21915","1":"post","2":"type-post","3":"status-publish","4":"format-standard","5":"has-post-thumbnail","7":"category-provinciales"},"_links":{"self":[{"href":"https:\/\/radiobitacora.com.ar\/web\/wp-json\/wp\/v2\/posts\/21915","targetHints":{"allow":["GET"]}}],"collection":[{"href":"https:\/\/radiobitacora.com.ar\/web\/wp-json\/wp\/v2\/posts"}],"about":[{"href":"https:\/\/radiobitacora.com.ar\/web\/wp-json\/wp\/v2\/types\/post"}],"author":[{"embeddable":true,"href":"https:\/\/radiobitacora.com.ar\/web\/wp-json\/wp\/v2\/users\/2"}],"replies":[{"embeddable":true,"href":"https:\/\/radiobitacora.com.ar\/web\/wp-json\/wp\/v2\/comments?post=21915"}],"version-history":[{"count":0,"href":"https:\/\/radiobitacora.com.ar\/web\/wp-json\/wp\/v2\/posts\/21915\/revisions"}],"wp:featuredmedia":[{"embeddable":true,"href":"https:\/\/radiobitacora.com.ar\/web\/wp-json\/wp\/v2\/media\/21916"}],"wp:attachment":[{"href":"https:\/\/radiobitacora.com.ar\/web\/wp-json\/wp\/v2\/media?parent=21915"}],"wp:term":[{"taxonomy":"category","embeddable":true,"href":"https:\/\/radiobitacora.com.ar\/web\/wp-json\/wp\/v2\/categories?post=21915"},{"taxonomy":"post_tag","embeddable":true,"href":"https:\/\/radiobitacora.com.ar\/web\/wp-json\/wp\/v2\/tags?post=21915"}],"curies":[{"name":"wp","href":"https:\/\/api.w.org\/{rel}","templated":true}]}}