{"id":21935,"date":"2024-10-15T09:15:56","date_gmt":"2024-10-15T12:15:56","guid":{"rendered":"https:\/\/radiobitacora.com.ar\/web\/?p=21935"},"modified":"2024-10-15T09:15:56","modified_gmt":"2024-10-15T12:15:56","slug":"el-gobierno-se-encamina-a-suspender-las-elecciones-anticipadas-en-la-afa-y-chiqui-tapia-debera-decidir-acatar-o-desobedecer","status":"publish","type":"post","link":"https:\/\/radiobitacora.com.ar\/web\/2024\/10\/15\/el-gobierno-se-encamina-a-suspender-las-elecciones-anticipadas-en-la-afa-y-chiqui-tapia-debera-decidir-acatar-o-desobedecer\/","title":{"rendered":"El Gobierno se encamina a suspender las elecciones anticipadas en la AFA y Chiqui Tapia deber\u00e1 decidir: acatar o desobedecer"},"content":{"rendered":"<p class=\"paragraph\" data-mrf-recirculation=\"Links inline\">La guerra abierta entre el gobierno de Javier Milei y el presidente de la AFA, Claudio \u201cChiqui\u201d Tapia, tendr\u00e1 hoy una batalla clave y, quiz\u00e1s, decisiva para el futuro. Salvo un imponderable que no est\u00e1 en los c\u00e1lculos de nadie, las autoridades nacionales se encaminan a anunciar la suspensi\u00f3n de la asamblea convocada para el 17 de octubre en la que el mandam\u00e1s del f\u00fatbol argentino quer\u00eda ser proclamado re-reelecto. La decisi\u00f3n pondr\u00e1 al dirigente de Barracas ante un dilema de hierro:<b>\u00a0acatar o desobedecer a la autoridad de aplicaci\u00f3n<\/b>.<\/p>\n<p class=\"paragraph\" data-mrf-recirculation=\"Links inline\">La pelea de fondo no se agota en el rechazo de la Casa Rosada a la decisi\u00f3n de anticipar un a\u00f1o el proceso electoral para asegurarse la continuidad en el cargo hasta 2028. Tampoco en que Tapia le dio a la oposici\u00f3n un plazo de apenas 15 d\u00edas para presentar listas y avales. Ni siquiera a los v\u00ednculos pol\u00edticos inocultables del ex sindicalista con el peronismo. La raz\u00f3n profunda de la disputa tiene que ver con que el presidente de la Asociaci\u00f3n del F\u00fatbol Argentino lidera la resistencia a las Sociedades An\u00f3nimas Deportivas (SAD), un modelo que impulsa personalmente Milei para permitir el ingreso libre de capitales privados a los clubes.<\/p>\n<div class=\" visual__image\"><picture><source srcset=\"https:\/\/www.infobae.com\/resizer\/v2\/LCU64J5NIVGAXAYJDQSG2HR5WU.JPG?auth=a752a9681b0f936bb817a4e50901cd9ce6218ae85c2bd9190ab30d09ba5919db&amp;smart=true&amp;width=992&amp;height=614&amp;quality=85\" media=\"(min-width: 1000px)\" \/><source srcset=\"https:\/\/www.infobae.com\/resizer\/v2\/LCU64J5NIVGAXAYJDQSG2HR5WU.JPG?auth=a752a9681b0f936bb817a4e50901cd9ce6218ae85c2bd9190ab30d09ba5919db&amp;smart=true&amp;width=768&amp;height=475&amp;quality=85\" media=\"(min-width: 768px)\" \/><source srcset=\"https:\/\/www.infobae.com\/resizer\/v2\/LCU64J5NIVGAXAYJDQSG2HR5WU.JPG?auth=a752a9681b0f936bb817a4e50901cd9ce6218ae85c2bd9190ab30d09ba5919db&amp;smart=true&amp;width=577&amp;height=357&amp;quality=85\" media=\"(min-width: 580px)\" \/><source srcset=\"https:\/\/www.infobae.com\/resizer\/v2\/LCU64J5NIVGAXAYJDQSG2HR5WU.JPG?auth=a752a9681b0f936bb817a4e50901cd9ce6218ae85c2bd9190ab30d09ba5919db&amp;smart=true&amp;width=420&amp;height=260&amp;quality=85\" media=\"(min-width: 350px)\" \/><source srcset=\"https:\/\/www.infobae.com\/resizer\/v2\/LCU64J5NIVGAXAYJDQSG2HR5WU.JPG?auth=a752a9681b0f936bb817a4e50901cd9ce6218ae85c2bd9190ab30d09ba5919db&amp;smart=true&amp;width=350&amp;height=217&amp;quality=85\" media=\"(min-width: 80px)\" \/><img loading=\"lazy\" decoding=\"async\" class=\"global-image\" src=\"https:\/\/www.infobae.com\/resizer\/v2\/LCU64J5NIVGAXAYJDQSG2HR5WU.JPG?auth=a752a9681b0f936bb817a4e50901cd9ce6218ae85c2bd9190ab30d09ba5919db&amp;smart=true&amp;width=350&amp;height=217&amp;quality=85\" alt=\"El ministro C\u00faneo Libarona y Daniel Roque V\u00edtolo, titular de la IGJ \" width=\"769\" height=\"494\" \/><\/picture>El ministro C\u00faneo Libarona y Daniel Roque V\u00edtolo, titular de la IGJ<\/div>\n<div class=\"inline ad-wrapper\">\n<div class=\"dfpAd ad-inline\">\n<div id=\"infobae\/politica\/nota\/inline\" class=\"infobae\/politica\/nota\/inline arcad up-show\" data-google-query-id=\"CO7FioKukIkDFXNZuAQdyzs2Bw\">\n<div id=\"google_ads_iframe_\/1058609\/infobae\/politica\/nota\/inline_0__container__\"><iframe loading=\"lazy\" id=\"google_ads_iframe_\/1058609\/infobae\/politica\/nota\/inline_0\" tabindex=\"0\" title=\"3rd party ad content\" src=\"https:\/\/51fcb040cc73931e748546209e04b983.safeframe.googlesyndication.com\/safeframe\/1-0-40\/html\/container.html?upapi=true\" name=\"\" width=\"717\" height=\"60\" frameborder=\"0\" marginwidth=\"0\" marginheight=\"0\" scrolling=\"no\" sandbox=\"allow-forms allow-popups allow-popups-to-escape-sandbox allow-same-origin allow-scripts allow-top-navigation-by-user-activation\" data-is-safeframe=\"true\" aria-label=\"Advertisement\" data-google-container-id=\"8\" data-load-complete=\"true\" data-mce-fragment=\"1\"><\/iframe><\/p>\n<div class=\"upo-label\">AD<\/div>\n<\/div>\n<\/div>\n<\/div>\n<\/div>\n<p class=\"paragraph\" data-mrf-recirculation=\"Links inline\">El indicio sobre cu\u00e1l ser\u00e1 la decisi\u00f3n que tomar\u00e1 el Poder Ejecutivo ante el pedido de suspensi\u00f3n de la asamblea que present\u00f3 el Club Talleres de C\u00f3rdoba en la Inspecci\u00f3n General de Justicia (IGJ) lo dio el ministro Mariano C\u00faneo Libarona, de quien depende ese organismo que se ocupa de llevar el Registro P\u00fablico de Comercio y de entidades y asociaciones civiles, como as\u00ed tambi\u00e9n de fiscalizar su funcionamiento.<\/p>\n<p class=\"paragraph\" data-mrf-recirculation=\"Links inline\">El funcionario critic\u00f3 la interpretaci\u00f3n que hizo la AFA del fallo del juez Ricardo Pettis, quien rechaz\u00f3 la semana pasada una medida cautelar para impedir que la IGJ suspenda la asamblea del jueves. El magistrado sostuvo que la asamblea pod\u00eda hacerse porque no hab\u00eda ninguna resoluci\u00f3n que lo impidiera y los abogados consideraron que el juez hab\u00eda, en realidad, garantizado su realizaci\u00f3n. \u201cLa decisi\u00f3n final la tiene la IGJ, ya que es el \u00f3rgano que controla a la AFA y otras entidades\u201d, afirm\u00f3 el ministro de Justicia y agreg\u00f3: \u201c<b>La AFA est\u00e1 dando manotazos de ahogado porque saben que lo que est\u00e1n haciendo no est\u00e1 permitido<\/b>\u201d.<\/p>\n<div class=\"inline_2_DSK ad-wrapper ad-desktop\">\n<div class=\"dfpAd ad-inline\"><\/div>\n<\/div>\n<p class=\"paragraph\" data-mrf-recirculation=\"Links inline\">Apalancados en la resoluci\u00f3n firmada por el juez Pettis ante una presentaci\u00f3n del tesorero Pablo Toviggino, desde la AFA dejaron trascender la semana pasada que la asamblea convocada para las 16 horas del 17 de octubre -fecha entra\u00f1able para el peronismo- en el predio Lionel Andr\u00e9s Messi, se har\u00eda s\u00ed o s\u00ed y que una suspensi\u00f3n no estaba en los planes de nadie, incluso si la IGJ resolviera en contra.<\/p>\n<div class=\" visual__image\"><picture><source srcset=\"https:\/\/www.infobae.com\/resizer\/v2\/YFSVRIAMARB5DJHOZOLI3C6HCA.JPG?auth=f732469a0e49c361961341e06cad37dc70f0e44be7d0cd0f47e71d39c3e1f1cf&amp;smart=true&amp;width=992&amp;height=661&amp;quality=85\" media=\"(min-width: 1000px)\" \/><source srcset=\"https:\/\/www.infobae.com\/resizer\/v2\/YFSVRIAMARB5DJHOZOLI3C6HCA.JPG?auth=f732469a0e49c361961341e06cad37dc70f0e44be7d0cd0f47e71d39c3e1f1cf&amp;smart=true&amp;width=768&amp;height=512&amp;quality=85\" media=\"(min-width: 768px)\" \/><source srcset=\"https:\/\/www.infobae.com\/resizer\/v2\/YFSVRIAMARB5DJHOZOLI3C6HCA.JPG?auth=f732469a0e49c361961341e06cad37dc70f0e44be7d0cd0f47e71d39c3e1f1cf&amp;smart=true&amp;width=577&amp;height=385&amp;quality=85\" media=\"(min-width: 580px)\" \/><source srcset=\"https:\/\/www.infobae.com\/resizer\/v2\/YFSVRIAMARB5DJHOZOLI3C6HCA.JPG?auth=f732469a0e49c361961341e06cad37dc70f0e44be7d0cd0f47e71d39c3e1f1cf&amp;smart=true&amp;width=420&amp;height=280&amp;quality=85\" media=\"(min-width: 350px)\" \/><source srcset=\"https:\/\/www.infobae.com\/resizer\/v2\/YFSVRIAMARB5DJHOZOLI3C6HCA.JPG?auth=f732469a0e49c361961341e06cad37dc70f0e44be7d0cd0f47e71d39c3e1f1cf&amp;smart=true&amp;width=350&amp;height=233&amp;quality=85\" media=\"(min-width: 80px)\" \/><img loading=\"lazy\" decoding=\"async\" class=\"global-image\" src=\"https:\/\/www.infobae.com\/resizer\/v2\/YFSVRIAMARB5DJHOZOLI3C6HCA.JPG?auth=f732469a0e49c361961341e06cad37dc70f0e44be7d0cd0f47e71d39c3e1f1cf&amp;smart=true&amp;width=350&amp;height=233&amp;quality=85\" alt=\"La convocatoria a la asamblea de la AFA\" width=\"714\" height=\"496\" \/><\/picture>La convocatoria a la asamblea de la AFA<\/div>\n<p class=\"paragraph\" data-mrf-recirculation=\"Links inline\">Ante la inminencia de una decisi\u00f3n en contra de los deseos de \u201cChiqui\u201d, el presidente de la Asociaci\u00f3n del F\u00fatbol Argentino deber\u00e1 decidir si acata o no la decisi\u00f3n, sobre todo porque reci\u00e9n ma\u00f1ana podr\u00e1 hacer efectiva una presentaci\u00f3n ante la Justicia para revertir esa decisi\u00f3n administraci\u00f3n del \u00f3rgano de contralor de las sociedades civiles que tiene su domicilio legal en la ciudad de Buenos Aires.<\/p>\n<p class=\"paragraph\" data-mrf-recirculation=\"Links inline\">Ahora, el escenario que se abre tiene ya un cariz judicial, m\u00e1s que pol\u00edtico y medi\u00e1tico. Es que si la IGJ proh\u00edbe a la AFA tratar en la Asamblea la reelecci\u00f3n de las autoridades con un a\u00f1o de anticipaci\u00f3n, y la AFA realiza la asamblea igualmente, tanto Tapia como todos los asamble\u00edstas que participen del acto y convaliden la elecci\u00f3n de autoridades podr\u00edan quedar alcanzados por un delito penal contemplado en el art. 239 del C\u00f3digo Penal, que establece que\u00a0<i>\u201cser\u00e1 reprimido con prisi\u00f3n de quince d\u00edas a un a\u00f1o, el que resistiere o desobedeciere a un funcionario p\u00fablico en el ejercicio leg\u00edtimo de sus funciones o a la persona que le prestare asistencia a requerimiento de aqu\u00e9l o en virtud de una obligaci\u00f3n legal\u201d.<\/i><\/p>\n<p class=\"paragraph\" data-mrf-recirculation=\"Links inline\">Por su parte, los miembros del Comit\u00e9 Ejecutivo de AFA, gerentes y miembros del Consejo Directivo podr\u00e1n ser acusados tambi\u00e9n de la comisi\u00f3n del delito previsto en el art\u00edculo 301 del C\u00f3digo Penal que se\u00f1ala que\u00a0<i>\u201cser\u00e1 reprimido con prisi\u00f3n de seis meses a dos a\u00f1os, el director, gerente, administrador o liquidador de una persona colectiva que a sabiendas prestare su concurso o consentimiento a actos contrarios a la ley o a los estatutos\u2026\u201d<\/i><\/p>\n<div class=\" visual__image\"><picture><source srcset=\"https:\/\/www.infobae.com\/resizer\/v2\/ML3RMBZ7KVCW3PGJMO4MDMNTNE.jpg?auth=d251f572cc657c8dc552a97c5f904c854ccddb894eef170b524b8406a6ccf878&amp;smart=true&amp;width=992&amp;height=558&amp;quality=85\" media=\"(min-width: 1000px)\" \/><source srcset=\"https:\/\/www.infobae.com\/resizer\/v2\/ML3RMBZ7KVCW3PGJMO4MDMNTNE.jpg?auth=d251f572cc657c8dc552a97c5f904c854ccddb894eef170b524b8406a6ccf878&amp;smart=true&amp;width=768&amp;height=432&amp;quality=85\" media=\"(min-width: 768px)\" \/><source srcset=\"https:\/\/www.infobae.com\/resizer\/v2\/ML3RMBZ7KVCW3PGJMO4MDMNTNE.jpg?auth=d251f572cc657c8dc552a97c5f904c854ccddb894eef170b524b8406a6ccf878&amp;smart=true&amp;width=577&amp;height=325&amp;quality=85\" media=\"(min-width: 580px)\" \/><source srcset=\"https:\/\/www.infobae.com\/resizer\/v2\/ML3RMBZ7KVCW3PGJMO4MDMNTNE.jpg?auth=d251f572cc657c8dc552a97c5f904c854ccddb894eef170b524b8406a6ccf878&amp;smart=true&amp;width=420&amp;height=236&amp;quality=85\" media=\"(min-width: 350px)\" \/><source srcset=\"https:\/\/www.infobae.com\/resizer\/v2\/ML3RMBZ7KVCW3PGJMO4MDMNTNE.jpg?auth=d251f572cc657c8dc552a97c5f904c854ccddb894eef170b524b8406a6ccf878&amp;smart=true&amp;width=350&amp;height=197&amp;quality=85\" media=\"(min-width: 80px)\" \/><img loading=\"lazy\" decoding=\"async\" class=\"global-image\" src=\"https:\/\/www.infobae.com\/resizer\/v2\/ML3RMBZ7KVCW3PGJMO4MDMNTNE.jpg?auth=d251f572cc657c8dc552a97c5f904c854ccddb894eef170b524b8406a6ccf878&amp;smart=true&amp;width=350&amp;height=197&amp;quality=85\" alt=\"\" width=\"1920\" height=\"1080\" \/><\/picture><\/div>\n<p class=\"paragraph\" data-mrf-recirculation=\"Links inline\">Si la IGJ llegara -como se espera- a frenar la elecci\u00f3n de autoridades anticipada que convoc\u00f3 la AFA, el \u00fanico recurso que la entidad tendr\u00eda a mano es el de presentar un recurso de apelaci\u00f3n ante la C\u00e1mara Nacional de Apelaciones en lo Civil porte\u00f1a. Pero ac\u00e1 hay un requisito que complejiza m\u00e1s el derrotero judicial: ese recurso se debe presentar ante la misma IGJ y conforme a lo que dispone la ley 22.315 (art\u00edculos 16 y 18) el recurso debe concederse con efecto \u201cdevolutivo\u201d. En concreto, la prohibici\u00f3n que pudiera establecer IGJ estar\u00eda vigente durante todo el tiempo en que tramitara el recurso.<\/p>\n<p class=\"paragraph\" data-mrf-recirculation=\"Links inline\">La eventual jugada de Tapia de desafiar una decisi\u00f3n adversa de IGJ en esta materia, llevando adelante la elecci\u00f3n igualmente \u201cen rebeld\u00eda y desoyendo la eventual resoluci\u00f3n denegatoria\u201d de la autorizaci\u00f3n de la asamblea, podr\u00eda colocarlo en una situaci\u00f3n de alto riesgo. En el Gobierno pusieron la mira en el art\u00edculo 10, inciso j) apartado 2, de la ley 22.315, podr\u00eda llegar a disponerse, incluso e\u00a0<i>in extremis<\/i>, una intervenci\u00f3n. \u201cNadie piensa en este escenario. Pero existe\u201d, admitieron las fuentes consultadas por Infobae.<\/p>\n","protected":false},"excerpt":{"rendered":"<p>La guerra abierta entre el gobierno de Javier Milei y el presidente de la AFA, Claudio \u201cChiqui\u201d Tapia, tendr\u00e1 hoy una batalla clave y, quiz\u00e1s, decisiva para el futuro. Salvo un imponderable que no est\u00e1 en los c\u00e1lculos de nadie, las autoridades nacionales se encaminan a anunciar la suspensi\u00f3n de la asamblea convocada para el [&hellip;]<\/p>\n","protected":false},"author":2,"featured_media":21936,"comment_status":"closed","ping_status":"closed","sticky":false,"template":"","format":"standard","meta":{"footnotes":""},"categories":[78],"tags":[],"class_list":{"0":"post-21935","1":"post","2":"type-post","3":"status-publish","4":"format-standard","5":"has-post-thumbnail","7":"category-deportes"},"_links":{"self":[{"href":"https:\/\/radiobitacora.com.ar\/web\/wp-json\/wp\/v2\/posts\/21935","targetHints":{"allow":["GET"]}}],"collection":[{"href":"https:\/\/radiobitacora.com.ar\/web\/wp-json\/wp\/v2\/posts"}],"about":[{"href":"https:\/\/radiobitacora.com.ar\/web\/wp-json\/wp\/v2\/types\/post"}],"author":[{"embeddable":true,"href":"https:\/\/radiobitacora.com.ar\/web\/wp-json\/wp\/v2\/users\/2"}],"replies":[{"embeddable":true,"href":"https:\/\/radiobitacora.com.ar\/web\/wp-json\/wp\/v2\/comments?post=21935"}],"version-history":[{"count":0,"href":"https:\/\/radiobitacora.com.ar\/web\/wp-json\/wp\/v2\/posts\/21935\/revisions"}],"wp:featuredmedia":[{"embeddable":true,"href":"https:\/\/radiobitacora.com.ar\/web\/wp-json\/wp\/v2\/media\/21936"}],"wp:attachment":[{"href":"https:\/\/radiobitacora.com.ar\/web\/wp-json\/wp\/v2\/media?parent=21935"}],"wp:term":[{"taxonomy":"category","embeddable":true,"href":"https:\/\/radiobitacora.com.ar\/web\/wp-json\/wp\/v2\/categories?post=21935"},{"taxonomy":"post_tag","embeddable":true,"href":"https:\/\/radiobitacora.com.ar\/web\/wp-json\/wp\/v2\/tags?post=21935"}],"curies":[{"name":"wp","href":"https:\/\/api.w.org\/{rel}","templated":true}]}}