{"id":21943,"date":"2024-10-15T09:33:20","date_gmt":"2024-10-15T12:33:20","guid":{"rendered":"https:\/\/radiobitacora.com.ar\/web\/?p=21943"},"modified":"2024-10-15T09:33:20","modified_gmt":"2024-10-15T12:33:20","slug":"javier-milei-no-tengo-ningun-problema-en-gobernar-sin-presupuesto","status":"publish","type":"post","link":"https:\/\/radiobitacora.com.ar\/web\/2024\/10\/15\/javier-milei-no-tengo-ningun-problema-en-gobernar-sin-presupuesto\/","title":{"rendered":"Javier Milei: &#8220;No tengo ning\u00fan problema en gobernar sin Presupuesto&#8221;"},"content":{"rendered":"<article class=\"article-body article-body--first-paragraph content-protected-false\" data-td-script-src=\"https:\/\/www.ambito.com\/td\/modulos\/encuestas\/js\/function-embeds-min-version-1728965215.js\">El presidente\u00a0<strong>Javier Milei<\/strong>\u00a0asegur\u00f3 que est\u00e1 dispuesto\u00a0<strong>&#8220;a gobernar sin Presupuesto&#8221;<\/strong>\u00a0en caso de que el proyecto se trabe en el Congreso, ante los cambios que recl\u00e1mala oposici\u00f3n. Adem\u00e1s, asegur\u00f3 que no analiza tomar deuda. Por otro lado, insisti\u00f3 con la necesidad de que las universidades p\u00fablicas sean auditadas, y garantiz\u00f3 que seguir\u00e1n siendo\u00a0<a href=\"https:\/\/www.ambito.com\/politica\/javier-milei-aseguro-que-la-universidad-seguira-siendo-publica-y-no-arancelada-n6070509\" target=\"_blank\" rel=\"follow noopener\">&#8220;no aranceladas&#8221;.<\/a><\/p>\n<\/article>\n<article class=\"article-body article-body--second-paragraph content-protected-false\">El Gobierno envi\u00f3 el proyecto de &#8220;ley de leyes&#8221; al Congreso, que mantiene un fuerte ajuste del gasto y con la premisa del d\u00e9ficit cero. En minor\u00eda, el oficialismo necesita captar votos para aprobar el Presupuesto, para lo cual desde la oposici\u00f3n, especialmente aquellos diputados y senadores que tienen terminal en los gobernadores, reclaman cambios.<\/p>\n<\/article>\n<article class=\"article-body article-body--third-paragraph content-protected-false\">El Presidente afirm\u00f3 que no tendr\u00e1 &#8220;ning\u00fan problema&#8221; en aumentar una partida puntual, siempre y cuando los recursos provengan de otro destino y no de la emisi\u00f3n monetaria. Caso contrario dijo que est\u00e1 dispuesto &#8220;a gobernar sin Presupuesto&#8221;.<\/p>\n<\/article>\n<article class=\"article-body article-body--fourth-paragraph content-protected-false\">Milei ya atraves\u00f3 su primer a\u00f1o de mandato sin Presupuesto. Antes de asumir, acord\u00f3 con el entonces ministro de Econom\u00eda, Sergio Massa, la pr\u00f3rroga del Presupuesto 2023. As\u00ed, ahora se estar\u00eda enfrentando a la posibilidad de encarar un nuevo a\u00f1o sin los lineamientos de gesti\u00f3n avalados por el Congreso. Hay todo un debate sobre la legalidad de este punto.<\/p>\n<\/article>\n<article class=\"article-body article-body--remaining-paragraph content-protected-false\"><strong>El proyecto ya est\u00e1 en an\u00e1lisis en el Congreso. En los pr\u00f3ximos d\u00edas comenzar\u00e1n a desfilar los funcionarios para defenderlo. Aunque curiosamente el que no ir\u00eda es Luis Caputo. Ser\u00eda la primera vez en la historia que un ministro de econom\u00eda no asiste a cumplir se tr\u00e1mite en el Parlamento.<\/strong><\/p>\n<p>La oposici\u00f3n ya esboz\u00f3 que pedir\u00e1 diversos cambios en el Presupuesto. Por caso, diputados nacionales de la UCR, de Encuentro Federal y de la Coalici\u00f3n C\u00edvica buscar\u00e1n incorporar el frustrado aumento del 8% a jubilados para compensar la inflaci\u00f3n de enero.<\/p>\n<p>Por otro lado, el presidente Milei asegur\u00f3 que Argentina est\u00e1 &#8220;saliendo del infierno de una manera exitosa&#8221;, a la vez que destac\u00f3 la baja de la inflaci\u00f3n y dijo que &#8220;hay que comprender es que el populismo no es gratis&#8221;.<\/p>\n<p>&#8220;Estamos saliendo del infierno de manera exitosa&#8221;, asegur\u00f3 en una entrevista a La Naci\u00f3n+ donde adem\u00e1s dijo: &#8220;Hab\u00eda que cortar con la emisi\u00f3n monetaria y hay que comprender que el populismo no es gratis&#8221;.<\/p>\n<p>Adem\u00e1s, manifest\u00f3: &#8220;La idea de la libertad va contra los curros de la pol\u00edtica. Ando por la calle, ando mucho m\u00e1s que lo que la gente se imagina&#8221;.<\/p>\n<p>&#8220;No est\u00e1 en discusi\u00f3n la Universidad p\u00fablica, ni est\u00e1 en discusi\u00f3n que sea no arancelada&#8221;, expres\u00f3, mientras que asever\u00f3: &#8220;Todos estos que est\u00e1n haciendo las tomas \u00bfest\u00e1n a favor que se utilicen las universidades pol\u00edticamente para robar?&#8221;<\/p>\n<p>&#8220;\u00bfPor qu\u00e9 no quieren ser auditados? No quiere ser auditado el que est\u00e1 sucio&#8221;, manifest\u00f3, tras lo cual adem\u00e1s coment\u00f3: &#8220;Se utilizaban los planes sociales para hacer pol\u00edtica&#8221;.<\/p>\n<\/article>\n","protected":false},"excerpt":{"rendered":"<p>El presidente\u00a0Javier Milei\u00a0asegur\u00f3 que est\u00e1 dispuesto\u00a0&#8220;a gobernar sin Presupuesto&#8221;\u00a0en caso de que el proyecto se trabe en el Congreso, ante los cambios que recl\u00e1mala oposici\u00f3n. Adem\u00e1s, asegur\u00f3 que no analiza tomar deuda. Por otro lado, insisti\u00f3 con la necesidad de que las universidades p\u00fablicas sean auditadas, y garantiz\u00f3 que seguir\u00e1n siendo\u00a0&#8220;no aranceladas&#8221;. El Gobierno envi\u00f3 [&hellip;]<\/p>\n","protected":false},"author":2,"featured_media":21944,"comment_status":"closed","ping_status":"closed","sticky":false,"template":"","format":"standard","meta":{"footnotes":""},"categories":[79],"tags":[],"class_list":{"0":"post-21943","1":"post","2":"type-post","3":"status-publish","4":"format-standard","5":"has-post-thumbnail","7":"category-politica"},"_links":{"self":[{"href":"https:\/\/radiobitacora.com.ar\/web\/wp-json\/wp\/v2\/posts\/21943","targetHints":{"allow":["GET"]}}],"collection":[{"href":"https:\/\/radiobitacora.com.ar\/web\/wp-json\/wp\/v2\/posts"}],"about":[{"href":"https:\/\/radiobitacora.com.ar\/web\/wp-json\/wp\/v2\/types\/post"}],"author":[{"embeddable":true,"href":"https:\/\/radiobitacora.com.ar\/web\/wp-json\/wp\/v2\/users\/2"}],"replies":[{"embeddable":true,"href":"https:\/\/radiobitacora.com.ar\/web\/wp-json\/wp\/v2\/comments?post=21943"}],"version-history":[{"count":0,"href":"https:\/\/radiobitacora.com.ar\/web\/wp-json\/wp\/v2\/posts\/21943\/revisions"}],"wp:featuredmedia":[{"embeddable":true,"href":"https:\/\/radiobitacora.com.ar\/web\/wp-json\/wp\/v2\/media\/21944"}],"wp:attachment":[{"href":"https:\/\/radiobitacora.com.ar\/web\/wp-json\/wp\/v2\/media?parent=21943"}],"wp:term":[{"taxonomy":"category","embeddable":true,"href":"https:\/\/radiobitacora.com.ar\/web\/wp-json\/wp\/v2\/categories?post=21943"},{"taxonomy":"post_tag","embeddable":true,"href":"https:\/\/radiobitacora.com.ar\/web\/wp-json\/wp\/v2\/tags?post=21943"}],"curies":[{"name":"wp","href":"https:\/\/api.w.org\/{rel}","templated":true}]}}