{"id":21956,"date":"2024-10-16T08:43:57","date_gmt":"2024-10-16T11:43:57","guid":{"rendered":"https:\/\/radiobitacora.com.ar\/web\/?p=21956"},"modified":"2024-10-16T08:43:57","modified_gmt":"2024-10-16T11:43:57","slug":"yo-corro-por-vos","status":"publish","type":"post","link":"https:\/\/radiobitacora.com.ar\/web\/2024\/10\/16\/yo-corro-por-vos\/","title":{"rendered":"\u201cYO CORRO POR VOS\u201d"},"content":{"rendered":"<p>Unos 300 participantes formar\u00e1n parte de la prueba atl\u00e9tica solidaria; desde la organizaci\u00f3n confirmaron la preinscripci\u00f3n de 250 corredores.<\/p>\n<p>El intendente Mariano Hormaechea presidi\u00f3 la presentaci\u00f3n que se llev\u00f3 a cabo en el Sal\u00f3n de Acuerdos del palacio comunal y acompa\u00f1\u00f3 los anuncios de la \u201c1era Carrera Rosa Solidaria: Yo corro por vos\u201d en adhesi\u00f3n a la concientizaci\u00f3n del C\u00e1ncer de Mama.<\/p>\n<p>Casi 3 de cada 4 pacientes de c\u00e1ncer tienen la posibilidad de curarse si se lo detecta en etapas tempranas con los chequeos m\u00e9dicos habituales. Existen varios h\u00e1bitos de prevenci\u00f3n que permiten reducir la incidencia de la enfermedad y protocolos de control para detectarla en los estadios iniciales, cuando las terapias resultan muy efectivas.<\/p>\n<p>La Fundaci\u00f3n Brilla Mujer y Avon realizan esta marat\u00f3n justamente con el objetivo de visibilizar la importancia de la detecci\u00f3n temprana del c\u00e1ncer de mama, brindar apoyo a quienes lo padecen o han superado la enfermedad y promover el ejercicio f\u00edsico como parte de un estilo de vida saludable.<\/p>\n<p>La competencia ser\u00e1 este s\u00e1bado 19 de octubre con largada desde plaza Mitre a las 16,30 horas. El evento cuenta con el respaldo de la municipalidad de Goya y Fundaci\u00f3n Avon.<\/p>\n<p>Cabe destacar que, seg\u00fan la Organizaci\u00f3n Mundial de la Salud, el c\u00e1ncer est\u00e1 entre las 10 causas de muerte del ser humano en el mundo. Anualmente, se diagnostican m\u00e1s de 130.000 casos nuevos en el pa\u00eds, lo que representa una tasa de 212,4 casos por cada 100.000 habitantes, de acuerdo con cifras del Observatorio Global de C\u00e1ncer, difundidas por el Ministerio de Salud.<\/p>\n<p>Estuvieron encabezando el panel de anuncios: el intendente Mariano Hormaechea; el secretario de Desarrollo Humano y Promoci\u00f3n Social, Julio Canteros; la directora de la Mujer, Agostina Montenegro; el subsecretario de APS, Emilio Mart\u00ednez; la presidente de la Asociaci\u00f3n Brilla Mujer, Mariela Venezuela; la vicepresidenta de esta instituci\u00f3n, Gabriela Cejas; por Fundaci\u00f3n Avon, Carlos Lerme y Laura Pascual, organizadora de la parte de la corrida deportiva.<\/p>\n<p>Adem\u00e1s, se destac\u00f3 la presencia de periodistas, comunicadores, responsables de portales digitales y concejales.<\/p>\n<p><strong>AGOSTINA MONTENEGRO<img loading=\"lazy\" decoding=\"async\" class=\"size-medium wp-image-69001 alignright entered lazyloaded\" src=\"https:\/\/883radiociudad.gob.ar\/wp-content\/uploads\/2024\/10\/CONFERENCIA-CARRERA-SOLIDARIA-ROSA-2-300x200.jpg.webp\" sizes=\"auto, (max-width: 300px) 100vw, 300px\" srcset=\"https:\/\/883radiociudad.gob.ar\/wp-content\/uploads\/2024\/10\/CONFERENCIA-CARRERA-SOLIDARIA-ROSA-2-300x200.jpg.webp 300w, https:\/\/883radiociudad.gob.ar\/wp-content\/uploads\/2024\/10\/CONFERENCIA-CARRERA-SOLIDARIA-ROSA-2-1024x682.jpg.webp 1024w, https:\/\/883radiociudad.gob.ar\/wp-content\/uploads\/2024\/10\/CONFERENCIA-CARRERA-SOLIDARIA-ROSA-2-768x512.jpg.webp 768w, https:\/\/883radiociudad.gob.ar\/wp-content\/uploads\/2024\/10\/CONFERENCIA-CARRERA-SOLIDARIA-ROSA-2-1536x1023.jpg.webp 1536w, https:\/\/883radiociudad.gob.ar\/wp-content\/uploads\/2024\/10\/CONFERENCIA-CARRERA-SOLIDARIA-ROSA-2.jpg.webp 1600w\" alt=\"\" width=\"300\" height=\"200\" data-lazy-srcset=\"https:\/\/883radiociudad.gob.ar\/wp-content\/uploads\/2024\/10\/CONFERENCIA-CARRERA-SOLIDARIA-ROSA-2-300x200.jpg.webp 300w, https:\/\/883radiociudad.gob.ar\/wp-content\/uploads\/2024\/10\/CONFERENCIA-CARRERA-SOLIDARIA-ROSA-2-1024x682.jpg.webp 1024w, https:\/\/883radiociudad.gob.ar\/wp-content\/uploads\/2024\/10\/CONFERENCIA-CARRERA-SOLIDARIA-ROSA-2-768x512.jpg.webp 768w, https:\/\/883radiociudad.gob.ar\/wp-content\/uploads\/2024\/10\/CONFERENCIA-CARRERA-SOLIDARIA-ROSA-2-1536x1023.jpg.webp 1536w, https:\/\/883radiociudad.gob.ar\/wp-content\/uploads\/2024\/10\/CONFERENCIA-CARRERA-SOLIDARIA-ROSA-2.jpg.webp 1600w\" data-lazy-sizes=\"(max-width: 300px) 100vw, 300px\" data-lazy-src=\"https:\/\/883radiociudad.gob.ar\/wp-content\/uploads\/2024\/10\/CONFERENCIA-CARRERA-SOLIDARIA-ROSA-2-300x200.jpg.webp\" data-lazy-src-webp=\"https:\/\/883radiociudad.gob.ar\/wp-content\/uploads\/2024\/10\/CONFERENCIA-CARRERA-SOLIDARIA-ROSA-2-300x200.jpg.webp\" data-lazy-srcset-webp=\"https:\/\/883radiociudad.gob.ar\/wp-content\/uploads\/2024\/10\/CONFERENCIA-CARRERA-SOLIDARIA-ROSA-2-300x200.jpg.webp 300w, https:\/\/883radiociudad.gob.ar\/wp-content\/uploads\/2024\/10\/CONFERENCIA-CARRERA-SOLIDARIA-ROSA-2-1024x682.jpg.webp 1024w, https:\/\/883radiociudad.gob.ar\/wp-content\/uploads\/2024\/10\/CONFERENCIA-CARRERA-SOLIDARIA-ROSA-2-768x512.jpg.webp 768w, https:\/\/883radiociudad.gob.ar\/wp-content\/uploads\/2024\/10\/CONFERENCIA-CARRERA-SOLIDARIA-ROSA-2-1536x1023.jpg.webp 1536w, https:\/\/883radiociudad.gob.ar\/wp-content\/uploads\/2024\/10\/CONFERENCIA-CARRERA-SOLIDARIA-ROSA-2.jpg.webp 1600w\" data-ll-status=\"loaded\" \/><\/strong><\/p>\n<p>La titular de la oficina de la Mujer, Agostina Montenegro, agradeci\u00f3 a las dependencias municipales que est\u00e1n comprometidas en apoyar esta carrera solidaria como las oficinas que funcionan para la Secretar\u00eda de Desarrollo Humano, la Secretar\u00eda de Educaci\u00f3n, la Secretar\u00eda de Gobierno, la Direcci\u00f3n de Deportes, los auspiciantes y aportes de los privados.<\/p>\n<p>Reconoci\u00f3 a un equipo de m\u00e1s de 40 personas que vienen trabajando no solo para esta corrida, sino tambi\u00e9n en este marco donde se realizan campa\u00f1as para recaudar fondos, con armado de stands para brindar informaci\u00f3n acerca de las medidas destinadas a la prevenci\u00f3n, concientizaci\u00f3n de esta enfermedad y las pol\u00edticas que tienen por objetivo disminuir brechas de desigualdad de g\u00e9nero.<\/p>\n<p>Durante todo el mes de octubre se realizar\u00e1n propuestas participativas con el objetivo de continuar generando una sensibilizaci\u00f3n en la prevenci\u00f3n de c\u00e1ncer de mama, el cual se puede prevenir, diagnosticar, tratar tempranamente y curar.<img loading=\"lazy\" decoding=\"async\" class=\"size-medium wp-image-69004 alignleft entered lazyloaded\" src=\"https:\/\/883radiociudad.gob.ar\/wp-content\/uploads\/2024\/10\/CONFERENCIA-CARRERA-SOLIDARIA-ROSA-8-300x200.jpg.webp\" sizes=\"auto, (max-width: 300px) 100vw, 300px\" srcset=\"https:\/\/883radiociudad.gob.ar\/wp-content\/uploads\/2024\/10\/CONFERENCIA-CARRERA-SOLIDARIA-ROSA-8-300x200.jpg.webp 300w, https:\/\/883radiociudad.gob.ar\/wp-content\/uploads\/2024\/10\/CONFERENCIA-CARRERA-SOLIDARIA-ROSA-8-1024x682.jpg.webp 1024w, https:\/\/883radiociudad.gob.ar\/wp-content\/uploads\/2024\/10\/CONFERENCIA-CARRERA-SOLIDARIA-ROSA-8-768x512.jpg.webp 768w, https:\/\/883radiociudad.gob.ar\/wp-content\/uploads\/2024\/10\/CONFERENCIA-CARRERA-SOLIDARIA-ROSA-8-1536x1023.jpg.webp 1536w, https:\/\/883radiociudad.gob.ar\/wp-content\/uploads\/2024\/10\/CONFERENCIA-CARRERA-SOLIDARIA-ROSA-8.jpg.webp 1600w\" alt=\"\" width=\"300\" height=\"200\" data-lazy-srcset=\"https:\/\/883radiociudad.gob.ar\/wp-content\/uploads\/2024\/10\/CONFERENCIA-CARRERA-SOLIDARIA-ROSA-8-300x200.jpg.webp 300w, https:\/\/883radiociudad.gob.ar\/wp-content\/uploads\/2024\/10\/CONFERENCIA-CARRERA-SOLIDARIA-ROSA-8-1024x682.jpg.webp 1024w, https:\/\/883radiociudad.gob.ar\/wp-content\/uploads\/2024\/10\/CONFERENCIA-CARRERA-SOLIDARIA-ROSA-8-768x512.jpg.webp 768w, https:\/\/883radiociudad.gob.ar\/wp-content\/uploads\/2024\/10\/CONFERENCIA-CARRERA-SOLIDARIA-ROSA-8-1536x1023.jpg.webp 1536w, https:\/\/883radiociudad.gob.ar\/wp-content\/uploads\/2024\/10\/CONFERENCIA-CARRERA-SOLIDARIA-ROSA-8.jpg.webp 1600w\" data-lazy-sizes=\"(max-width: 300px) 100vw, 300px\" data-lazy-src=\"https:\/\/883radiociudad.gob.ar\/wp-content\/uploads\/2024\/10\/CONFERENCIA-CARRERA-SOLIDARIA-ROSA-8-300x200.jpg.webp\" data-lazy-src-webp=\"https:\/\/883radiociudad.gob.ar\/wp-content\/uploads\/2024\/10\/CONFERENCIA-CARRERA-SOLIDARIA-ROSA-8-300x200.jpg.webp\" data-lazy-srcset-webp=\"https:\/\/883radiociudad.gob.ar\/wp-content\/uploads\/2024\/10\/CONFERENCIA-CARRERA-SOLIDARIA-ROSA-8-300x200.jpg.webp 300w, https:\/\/883radiociudad.gob.ar\/wp-content\/uploads\/2024\/10\/CONFERENCIA-CARRERA-SOLIDARIA-ROSA-8-1024x682.jpg.webp 1024w, https:\/\/883radiociudad.gob.ar\/wp-content\/uploads\/2024\/10\/CONFERENCIA-CARRERA-SOLIDARIA-ROSA-8-768x512.jpg.webp 768w, https:\/\/883radiociudad.gob.ar\/wp-content\/uploads\/2024\/10\/CONFERENCIA-CARRERA-SOLIDARIA-ROSA-8-1536x1023.jpg.webp 1536w, https:\/\/883radiociudad.gob.ar\/wp-content\/uploads\/2024\/10\/CONFERENCIA-CARRERA-SOLIDARIA-ROSA-8.jpg.webp 1600w\" data-ll-status=\"loaded\" \/><\/p>\n<p>El cronograma est\u00e1 fijado para el 19 de octubre con largada desde plaza Mitre, y lo novedoso de esta competencia es que se va a realizar en un entorno urbano.<\/p>\n<p>\u201cAs\u00ed que invitamos a toda la sociedad goyana que se pueda sumar\u201d invit\u00f3 Montenegro.<\/p>\n<p>La jornada se completar\u00e1 con m\u00e1s de 50 personas que est\u00e1n interesadas en acompa\u00f1ar caminando o corriendo esta fabulosa movida, as\u00ed que tambi\u00e9n tendr\u00e1 su car\u00e1cter participativo.<\/p>\n<p>Es decir que los participantes pueden llegar a rondar las 300 personas.<\/p>\n<p>Habr\u00e1 rondas de testimonios sobre la enfermedad, charlas concientizadoras, n\u00fameros art\u00edsticos, expo de emprendedores y la m\u00fasica en vivo que amenizar\u00e1 toda esta jornada de la esperanza en plaza Mitre.<\/p>\n<p>La oportunidad fue propicia para informar acerca de las \u00faltimas estad\u00edsticas que public\u00f3 la OMS sobre la enfermedad y el mensaje de campa\u00f1a de concientizaci\u00f3n sobre el c\u00e1ncer de mama, el cual tiene como objetivo la prevenci\u00f3n primaria, promover h\u00e1bitos saludables y el acceso a la mamograf\u00eda anual como herramienta clave para la detecci\u00f3n temprana.<img loading=\"lazy\" decoding=\"async\" class=\"size-medium wp-image-68998 alignright entered lazyloaded\" src=\"https:\/\/883radiociudad.gob.ar\/wp-content\/uploads\/2024\/10\/CONFERENCIA-CARRERA-SOLIDARIA-ROSA-3-MARIELA-VALENZUELA-300x200.jpg.webp\" sizes=\"auto, (max-width: 300px) 100vw, 300px\" srcset=\"https:\/\/883radiociudad.gob.ar\/wp-content\/uploads\/2024\/10\/CONFERENCIA-CARRERA-SOLIDARIA-ROSA-3-MARIELA-VALENZUELA-300x200.jpg.webp 300w, https:\/\/883radiociudad.gob.ar\/wp-content\/uploads\/2024\/10\/CONFERENCIA-CARRERA-SOLIDARIA-ROSA-3-MARIELA-VALENZUELA-1024x682.jpg.webp 1024w, https:\/\/883radiociudad.gob.ar\/wp-content\/uploads\/2024\/10\/CONFERENCIA-CARRERA-SOLIDARIA-ROSA-3-MARIELA-VALENZUELA-768x512.jpg.webp 768w, https:\/\/883radiociudad.gob.ar\/wp-content\/uploads\/2024\/10\/CONFERENCIA-CARRERA-SOLIDARIA-ROSA-3-MARIELA-VALENZUELA-1536x1023.jpg.webp 1536w, https:\/\/883radiociudad.gob.ar\/wp-content\/uploads\/2024\/10\/CONFERENCIA-CARRERA-SOLIDARIA-ROSA-3-MARIELA-VALENZUELA.jpg.webp 1600w\" alt=\"\" width=\"300\" height=\"200\" data-lazy-srcset=\"https:\/\/883radiociudad.gob.ar\/wp-content\/uploads\/2024\/10\/CONFERENCIA-CARRERA-SOLIDARIA-ROSA-3-MARIELA-VALENZUELA-300x200.jpg.webp 300w, https:\/\/883radiociudad.gob.ar\/wp-content\/uploads\/2024\/10\/CONFERENCIA-CARRERA-SOLIDARIA-ROSA-3-MARIELA-VALENZUELA-1024x682.jpg.webp 1024w, https:\/\/883radiociudad.gob.ar\/wp-content\/uploads\/2024\/10\/CONFERENCIA-CARRERA-SOLIDARIA-ROSA-3-MARIELA-VALENZUELA-768x512.jpg.webp 768w, https:\/\/883radiociudad.gob.ar\/wp-content\/uploads\/2024\/10\/CONFERENCIA-CARRERA-SOLIDARIA-ROSA-3-MARIELA-VALENZUELA-1536x1023.jpg.webp 1536w, https:\/\/883radiociudad.gob.ar\/wp-content\/uploads\/2024\/10\/CONFERENCIA-CARRERA-SOLIDARIA-ROSA-3-MARIELA-VALENZUELA.jpg.webp 1600w\" data-lazy-sizes=\"(max-width: 300px) 100vw, 300px\" data-lazy-src=\"https:\/\/883radiociudad.gob.ar\/wp-content\/uploads\/2024\/10\/CONFERENCIA-CARRERA-SOLIDARIA-ROSA-3-MARIELA-VALENZUELA-300x200.jpg.webp\" data-lazy-src-webp=\"https:\/\/883radiociudad.gob.ar\/wp-content\/uploads\/2024\/10\/CONFERENCIA-CARRERA-SOLIDARIA-ROSA-3-MARIELA-VALENZUELA-300x200.jpg.webp\" data-lazy-srcset-webp=\"https:\/\/883radiociudad.gob.ar\/wp-content\/uploads\/2024\/10\/CONFERENCIA-CARRERA-SOLIDARIA-ROSA-3-MARIELA-VALENZUELA-300x200.jpg.webp 300w, https:\/\/883radiociudad.gob.ar\/wp-content\/uploads\/2024\/10\/CONFERENCIA-CARRERA-SOLIDARIA-ROSA-3-MARIELA-VALENZUELA-1024x682.jpg.webp 1024w, https:\/\/883radiociudad.gob.ar\/wp-content\/uploads\/2024\/10\/CONFERENCIA-CARRERA-SOLIDARIA-ROSA-3-MARIELA-VALENZUELA-768x512.jpg.webp 768w, https:\/\/883radiociudad.gob.ar\/wp-content\/uploads\/2024\/10\/CONFERENCIA-CARRERA-SOLIDARIA-ROSA-3-MARIELA-VALENZUELA-1536x1023.jpg.webp 1536w, https:\/\/883radiociudad.gob.ar\/wp-content\/uploads\/2024\/10\/CONFERENCIA-CARRERA-SOLIDARIA-ROSA-3-MARIELA-VALENZUELA.jpg.webp 1600w\" data-ll-status=\"loaded\" \/><\/p>\n<p><strong>MARIELA VALENZUELA<\/strong><\/p>\n<p>La presidente de la Fundaci\u00f3n Brilla Mujer Mariela Valenzuela agradeci\u00f3 y reconoci\u00f3 el gesto de las personas de sumarse a esta propuesta.<\/p>\n<p>\u201cCada casa particular requiere de una atenci\u00f3n espec\u00edfica, sobre todo requiere de un compromiso de todos los sectores, por eso nuestro agradecimiento por sumarse a la iniciativa. La \u00fanica forma de lograrlo es colaborando todos juntos. De all\u00ed esto que se ha constituido y que anhelamos sea el inicio de un accionar consolidado por concientizar, ayudar a los pacientes oncol\u00f3gicos\u201d.<\/p>\n<p>\u201cReitero mi agradecimiento, pero debo decir que nuestra mayor demanda para la atenci\u00f3n y contenci\u00f3n a nuestras reinas es un lugar, un espacio f\u00edsico para ayudar a la confecci\u00f3n de las pelucas, el objetivo es cuando una vaya de este \u201cplano\u201d haber podido transmitir y ense\u00f1ar a 20 personas esta tarea, es una manera de ir superando esta realidad que nos atraviesa\u201d concluy\u00f3 Mariela Valenzuela.<\/p>\n<p><strong>LAURA PASCUAL<img loading=\"lazy\" decoding=\"async\" class=\"size-medium wp-image-69003 alignleft entered lazyloaded\" src=\"https:\/\/883radiociudad.gob.ar\/wp-content\/uploads\/2024\/10\/CONFERENCIA-CARRERA-SOLIDARIA-ROSA-4-LAURA-PASCUAL-300x214.jpg.webp\" sizes=\"auto, (max-width: 300px) 100vw, 300px\" srcset=\"https:\/\/883radiociudad.gob.ar\/wp-content\/uploads\/2024\/10\/CONFERENCIA-CARRERA-SOLIDARIA-ROSA-4-LAURA-PASCUAL-300x214.jpg.webp 300w, https:\/\/883radiociudad.gob.ar\/wp-content\/uploads\/2024\/10\/CONFERENCIA-CARRERA-SOLIDARIA-ROSA-4-LAURA-PASCUAL-1024x731.jpg.webp 1024w, https:\/\/883radiociudad.gob.ar\/wp-content\/uploads\/2024\/10\/CONFERENCIA-CARRERA-SOLIDARIA-ROSA-4-LAURA-PASCUAL-768x548.jpg.webp 768w, https:\/\/883radiociudad.gob.ar\/wp-content\/uploads\/2024\/10\/CONFERENCIA-CARRERA-SOLIDARIA-ROSA-4-LAURA-PASCUAL.jpg.webp 1493w\" alt=\"\" width=\"300\" height=\"214\" data-lazy-srcset=\"https:\/\/883radiociudad.gob.ar\/wp-content\/uploads\/2024\/10\/CONFERENCIA-CARRERA-SOLIDARIA-ROSA-4-LAURA-PASCUAL-300x214.jpg.webp 300w, https:\/\/883radiociudad.gob.ar\/wp-content\/uploads\/2024\/10\/CONFERENCIA-CARRERA-SOLIDARIA-ROSA-4-LAURA-PASCUAL-1024x731.jpg.webp 1024w, https:\/\/883radiociudad.gob.ar\/wp-content\/uploads\/2024\/10\/CONFERENCIA-CARRERA-SOLIDARIA-ROSA-4-LAURA-PASCUAL-768x548.jpg.webp 768w, https:\/\/883radiociudad.gob.ar\/wp-content\/uploads\/2024\/10\/CONFERENCIA-CARRERA-SOLIDARIA-ROSA-4-LAURA-PASCUAL.jpg.webp 1493w\" data-lazy-sizes=\"(max-width: 300px) 100vw, 300px\" data-lazy-src=\"https:\/\/883radiociudad.gob.ar\/wp-content\/uploads\/2024\/10\/CONFERENCIA-CARRERA-SOLIDARIA-ROSA-4-LAURA-PASCUAL-300x214.jpg.webp\" data-lazy-src-webp=\"https:\/\/883radiociudad.gob.ar\/wp-content\/uploads\/2024\/10\/CONFERENCIA-CARRERA-SOLIDARIA-ROSA-4-LAURA-PASCUAL-300x214.jpg.webp\" data-lazy-srcset-webp=\"https:\/\/883radiociudad.gob.ar\/wp-content\/uploads\/2024\/10\/CONFERENCIA-CARRERA-SOLIDARIA-ROSA-4-LAURA-PASCUAL-300x214.jpg.webp 300w, https:\/\/883radiociudad.gob.ar\/wp-content\/uploads\/2024\/10\/CONFERENCIA-CARRERA-SOLIDARIA-ROSA-4-LAURA-PASCUAL-1024x731.jpg.webp 1024w, https:\/\/883radiociudad.gob.ar\/wp-content\/uploads\/2024\/10\/CONFERENCIA-CARRERA-SOLIDARIA-ROSA-4-LAURA-PASCUAL-768x548.jpg.webp 768w, https:\/\/883radiociudad.gob.ar\/wp-content\/uploads\/2024\/10\/CONFERENCIA-CARRERA-SOLIDARIA-ROSA-4-LAURA-PASCUAL.jpg.webp 1493w\" data-ll-status=\"loaded\" \/><\/strong><\/p>\n<p>La organizadora de la parte de la corrida adelant\u00f3 el itinerario que van a seguir los corredores, tanto para las distancias de 3 K como 8 K. Ambas van a salir desde plaza Mitre, frente a Iglesia Catedral, saliendo por Mariano I. Loza hasta llegar a Costanera. De ah\u00ed se toma Juan E. Mart\u00ednez hasta Belgrano, esta hasta Madariaga. Para los que corren 3 K, Pascual explic\u00f3 que van a desviar antes por calle Luis Agote y van a ir por Col\u00f3n hasta el Instituto Santa Teresa, por calle Espa\u00f1a hasta el arco de llegada. Los que corren 8 K van a bajar por Col\u00f3n hasta Sarmiento, de aqu\u00ed hasta Ca\u00e1 Guaz\u00fa, recorriendo en su totalidad, se toma Espa\u00f1a llegando al arco de llegada de plaza Mitre. Van a instalar puestos de hidrataci\u00f3n en distintos puntos del circuito para ambas distancias.<\/p>\n<p><strong>MARIANO HORMAECHEA<\/strong><\/p>\n<p>El jefe comunal goyano se mostr\u00f3 entusiasmado por esta jornada del fin de semana asegurando su participaci\u00f3n y acompa\u00f1amiento a esta noble causa. Hizo alusi\u00f3n a uno de los ejes de la gesti\u00f3n que es la inclusi\u00f3n social y el trabajo junto a la fundaci\u00f3n Brilla Mujer es ejemplo de ello, con su compromiso silencioso y solidario.<\/p>\n<p>Reconoci\u00f3 el esfuerzo que hacen los integrantes de esta asociaci\u00f3n acompa\u00f1ando a las personas que les toca transitar por la enfermedad. Tambi\u00e9n aquellos que se sienten movilizados por el tema y creen en la importancia de generar conciencia sobre los controles a tiempo.<img loading=\"lazy\" decoding=\"async\" class=\"size-medium wp-image-69000 alignright entered lazyloaded\" src=\"https:\/\/883radiociudad.gob.ar\/wp-content\/uploads\/2024\/10\/CONFERENCIA-CARRERA-SOLIDARIA-ROSA-5-300x200.jpg.webp\" sizes=\"auto, (max-width: 300px) 100vw, 300px\" srcset=\"https:\/\/883radiociudad.gob.ar\/wp-content\/uploads\/2024\/10\/CONFERENCIA-CARRERA-SOLIDARIA-ROSA-5-300x200.jpg.webp 300w, https:\/\/883radiociudad.gob.ar\/wp-content\/uploads\/2024\/10\/CONFERENCIA-CARRERA-SOLIDARIA-ROSA-5-1024x682.jpg.webp 1024w, https:\/\/883radiociudad.gob.ar\/wp-content\/uploads\/2024\/10\/CONFERENCIA-CARRERA-SOLIDARIA-ROSA-5-768x512.jpg.webp 768w, https:\/\/883radiociudad.gob.ar\/wp-content\/uploads\/2024\/10\/CONFERENCIA-CARRERA-SOLIDARIA-ROSA-5-1536x1023.jpg.webp 1536w, https:\/\/883radiociudad.gob.ar\/wp-content\/uploads\/2024\/10\/CONFERENCIA-CARRERA-SOLIDARIA-ROSA-5.jpg.webp 1600w\" alt=\"\" width=\"300\" height=\"200\" data-lazy-srcset=\"https:\/\/883radiociudad.gob.ar\/wp-content\/uploads\/2024\/10\/CONFERENCIA-CARRERA-SOLIDARIA-ROSA-5-300x200.jpg.webp 300w, https:\/\/883radiociudad.gob.ar\/wp-content\/uploads\/2024\/10\/CONFERENCIA-CARRERA-SOLIDARIA-ROSA-5-1024x682.jpg.webp 1024w, https:\/\/883radiociudad.gob.ar\/wp-content\/uploads\/2024\/10\/CONFERENCIA-CARRERA-SOLIDARIA-ROSA-5-768x512.jpg.webp 768w, https:\/\/883radiociudad.gob.ar\/wp-content\/uploads\/2024\/10\/CONFERENCIA-CARRERA-SOLIDARIA-ROSA-5-1536x1023.jpg.webp 1536w, https:\/\/883radiociudad.gob.ar\/wp-content\/uploads\/2024\/10\/CONFERENCIA-CARRERA-SOLIDARIA-ROSA-5.jpg.webp 1600w\" data-lazy-sizes=\"(max-width: 300px) 100vw, 300px\" data-lazy-src=\"https:\/\/883radiociudad.gob.ar\/wp-content\/uploads\/2024\/10\/CONFERENCIA-CARRERA-SOLIDARIA-ROSA-5-300x200.jpg.webp\" data-lazy-src-webp=\"https:\/\/883radiociudad.gob.ar\/wp-content\/uploads\/2024\/10\/CONFERENCIA-CARRERA-SOLIDARIA-ROSA-5-300x200.jpg.webp\" data-lazy-srcset-webp=\"https:\/\/883radiociudad.gob.ar\/wp-content\/uploads\/2024\/10\/CONFERENCIA-CARRERA-SOLIDARIA-ROSA-5-300x200.jpg.webp 300w, https:\/\/883radiociudad.gob.ar\/wp-content\/uploads\/2024\/10\/CONFERENCIA-CARRERA-SOLIDARIA-ROSA-5-1024x682.jpg.webp 1024w, https:\/\/883radiociudad.gob.ar\/wp-content\/uploads\/2024\/10\/CONFERENCIA-CARRERA-SOLIDARIA-ROSA-5-768x512.jpg.webp 768w, https:\/\/883radiociudad.gob.ar\/wp-content\/uploads\/2024\/10\/CONFERENCIA-CARRERA-SOLIDARIA-ROSA-5-1536x1023.jpg.webp 1536w, https:\/\/883radiociudad.gob.ar\/wp-content\/uploads\/2024\/10\/CONFERENCIA-CARRERA-SOLIDARIA-ROSA-5.jpg.webp 1600w\" data-ll-status=\"loaded\" \/><\/p>\n<p>\u201cEsta acci\u00f3n solidaria ya es un \u00e9xito por la cantidad de participantes \u2013expres\u00f3 el intendente-, va a ser una buena oportunidad para poner sobre la mesa esta cuesti\u00f3n de la prevenci\u00f3n que venimos hablando y llevando adelante desde el estado municipal\u201d.<\/p>\n<p>Asegur\u00f3 su participaci\u00f3n vistiendo una de las remeras rosa con la leyenda \u201cYo corro por vos\u201d, que simbolizan esta corrida y la lucha para conseguir el dinero que servir\u00e1 para financiar las acciones de detecci\u00f3n temprana del c\u00e1ncer de mama; y estando concentrado en plaza Mitre desde las 15,45 horas, que es el horario definido para prepararse.<\/p>\n<p>Cabe se\u00f1alar que el dinero recaudado a partir de este evento ser\u00e1 utilizado para continuar ofreciendo mamograf\u00edas gratuitas para personas en edad de riesgo, sin cobertura m\u00e9dica.<\/p>\n<p>Actualmente y desde 2021, la Fundaci\u00f3n Avon colabora y trabaja con centros de diagn\u00f3stico de alrededor de 12 provincias del pa\u00eds, a trav\u00e9s de las cuales se realizan las mamograf\u00edas.<\/p>\n<p>Luego de la alocuci\u00f3n del intendente Hormaechea se dio lugar a la ronda de preguntas de los periodistas y comunicadores presentes.<img loading=\"lazy\" decoding=\"async\" class=\"size-medium wp-image-69002 alignleft entered lazyloaded\" src=\"https:\/\/883radiociudad.gob.ar\/wp-content\/uploads\/2024\/10\/CONFERENCIA-CARRERA-SOLIDARIA-ROSA-6-300x200.jpg.webp\" sizes=\"auto, (max-width: 300px) 100vw, 300px\" srcset=\"https:\/\/883radiociudad.gob.ar\/wp-content\/uploads\/2024\/10\/CONFERENCIA-CARRERA-SOLIDARIA-ROSA-6-300x200.jpg.webp 300w, https:\/\/883radiociudad.gob.ar\/wp-content\/uploads\/2024\/10\/CONFERENCIA-CARRERA-SOLIDARIA-ROSA-6-1024x682.jpg.webp 1024w, https:\/\/883radiociudad.gob.ar\/wp-content\/uploads\/2024\/10\/CONFERENCIA-CARRERA-SOLIDARIA-ROSA-6-768x512.jpg.webp 768w, https:\/\/883radiociudad.gob.ar\/wp-content\/uploads\/2024\/10\/CONFERENCIA-CARRERA-SOLIDARIA-ROSA-6-1536x1023.jpg.webp 1536w, https:\/\/883radiociudad.gob.ar\/wp-content\/uploads\/2024\/10\/CONFERENCIA-CARRERA-SOLIDARIA-ROSA-6.jpg.webp 1600w\" alt=\"\" width=\"300\" height=\"200\" data-lazy-srcset=\"https:\/\/883radiociudad.gob.ar\/wp-content\/uploads\/2024\/10\/CONFERENCIA-CARRERA-SOLIDARIA-ROSA-6-300x200.jpg.webp 300w, https:\/\/883radiociudad.gob.ar\/wp-content\/uploads\/2024\/10\/CONFERENCIA-CARRERA-SOLIDARIA-ROSA-6-1024x682.jpg.webp 1024w, https:\/\/883radiociudad.gob.ar\/wp-content\/uploads\/2024\/10\/CONFERENCIA-CARRERA-SOLIDARIA-ROSA-6-768x512.jpg.webp 768w, https:\/\/883radiociudad.gob.ar\/wp-content\/uploads\/2024\/10\/CONFERENCIA-CARRERA-SOLIDARIA-ROSA-6-1536x1023.jpg.webp 1536w, https:\/\/883radiociudad.gob.ar\/wp-content\/uploads\/2024\/10\/CONFERENCIA-CARRERA-SOLIDARIA-ROSA-6.jpg.webp 1600w\" data-lazy-sizes=\"(max-width: 300px) 100vw, 300px\" data-lazy-src=\"https:\/\/883radiociudad.gob.ar\/wp-content\/uploads\/2024\/10\/CONFERENCIA-CARRERA-SOLIDARIA-ROSA-6-300x200.jpg.webp\" data-lazy-src-webp=\"https:\/\/883radiociudad.gob.ar\/wp-content\/uploads\/2024\/10\/CONFERENCIA-CARRERA-SOLIDARIA-ROSA-6-300x200.jpg.webp\" data-lazy-srcset-webp=\"https:\/\/883radiociudad.gob.ar\/wp-content\/uploads\/2024\/10\/CONFERENCIA-CARRERA-SOLIDARIA-ROSA-6-300x200.jpg.webp 300w, https:\/\/883radiociudad.gob.ar\/wp-content\/uploads\/2024\/10\/CONFERENCIA-CARRERA-SOLIDARIA-ROSA-6-1024x682.jpg.webp 1024w, https:\/\/883radiociudad.gob.ar\/wp-content\/uploads\/2024\/10\/CONFERENCIA-CARRERA-SOLIDARIA-ROSA-6-768x512.jpg.webp 768w, https:\/\/883radiociudad.gob.ar\/wp-content\/uploads\/2024\/10\/CONFERENCIA-CARRERA-SOLIDARIA-ROSA-6-1536x1023.jpg.webp 1536w, https:\/\/883radiociudad.gob.ar\/wp-content\/uploads\/2024\/10\/CONFERENCIA-CARRERA-SOLIDARIA-ROSA-6.jpg.webp 1600w\" data-ll-status=\"loaded\" \/><\/p>\n<p><strong>EMILIO MART\u00cdNEZ<\/strong><\/p>\n<p>Los comunicadores trasladaron sus inquietudes al subsecretario de Salud del Municipio Dr. Emilio Mart\u00ednez, en relaci\u00f3n a la prevenci\u00f3n y detecci\u00f3n temprana del c\u00e1ncer. Sobre ello, el profesional se\u00f1al\u00f3: \u201cEl c\u00e1ncer de mama, m\u00e1s all\u00e1 de los factores que originan, lo fundamental es la detecci\u00f3n temprana, por eso la recomendaci\u00f3n permanente del autoexamen. Ante la aparici\u00f3n de manchas, n\u00f3dulos, recurrir al centro de atenci\u00f3n de la Salud. En el caso municipal, gracias al aporte de la fundaci\u00f3n bancaria, estamos equipados con los elementos para el estudio mamario\u201d.<\/p>\n<p>Mart\u00ednez tambi\u00e9n record\u00f3 la necesidad del PAP, subray\u00f3 la importancia de la concientizaci\u00f3n sobre el c\u00e1ncer, y reiter\u00f3 la recomendaci\u00f3n de concurrir a los ex\u00e1menes y controles ginecol\u00f3gicos. \u201cNuestras salas de atenci\u00f3n primaria est\u00e1n equipadas\u201d, afirm\u00f3.<img loading=\"lazy\" decoding=\"async\" class=\"size-medium wp-image-69005 alignright entered lazyloaded\" src=\"https:\/\/883radiociudad.gob.ar\/wp-content\/uploads\/2024\/10\/CONFERENCIA-CARRERA-SOLIDARIA-ROSA-7-300x169.jpg.webp\" sizes=\"auto, (max-width: 300px) 100vw, 300px\" srcset=\"https:\/\/883radiociudad.gob.ar\/wp-content\/uploads\/2024\/10\/CONFERENCIA-CARRERA-SOLIDARIA-ROSA-7-300x169.jpg.webp 300w, https:\/\/883radiociudad.gob.ar\/wp-content\/uploads\/2024\/10\/CONFERENCIA-CARRERA-SOLIDARIA-ROSA-7-1024x576.jpg.webp 1024w, https:\/\/883radiociudad.gob.ar\/wp-content\/uploads\/2024\/10\/CONFERENCIA-CARRERA-SOLIDARIA-ROSA-7-768x432.jpg.webp 768w, https:\/\/883radiociudad.gob.ar\/wp-content\/uploads\/2024\/10\/CONFERENCIA-CARRERA-SOLIDARIA-ROSA-7-1536x864.jpg.webp 1536w, https:\/\/883radiociudad.gob.ar\/wp-content\/uploads\/2024\/10\/CONFERENCIA-CARRERA-SOLIDARIA-ROSA-7.jpg.webp 1600w\" alt=\"\" width=\"300\" height=\"169\" data-lazy-srcset=\"https:\/\/883radiociudad.gob.ar\/wp-content\/uploads\/2024\/10\/CONFERENCIA-CARRERA-SOLIDARIA-ROSA-7-300x169.jpg.webp 300w, https:\/\/883radiociudad.gob.ar\/wp-content\/uploads\/2024\/10\/CONFERENCIA-CARRERA-SOLIDARIA-ROSA-7-1024x576.jpg.webp 1024w, https:\/\/883radiociudad.gob.ar\/wp-content\/uploads\/2024\/10\/CONFERENCIA-CARRERA-SOLIDARIA-ROSA-7-768x432.jpg.webp 768w, https:\/\/883radiociudad.gob.ar\/wp-content\/uploads\/2024\/10\/CONFERENCIA-CARRERA-SOLIDARIA-ROSA-7-1536x864.jpg.webp 1536w, https:\/\/883radiociudad.gob.ar\/wp-content\/uploads\/2024\/10\/CONFERENCIA-CARRERA-SOLIDARIA-ROSA-7.jpg.webp 1600w\" data-lazy-sizes=\"(max-width: 300px) 100vw, 300px\" data-lazy-src=\"https:\/\/883radiociudad.gob.ar\/wp-content\/uploads\/2024\/10\/CONFERENCIA-CARRERA-SOLIDARIA-ROSA-7-300x169.jpg.webp\" data-lazy-src-webp=\"https:\/\/883radiociudad.gob.ar\/wp-content\/uploads\/2024\/10\/CONFERENCIA-CARRERA-SOLIDARIA-ROSA-7-300x169.jpg.webp\" data-lazy-srcset-webp=\"https:\/\/883radiociudad.gob.ar\/wp-content\/uploads\/2024\/10\/CONFERENCIA-CARRERA-SOLIDARIA-ROSA-7-300x169.jpg.webp 300w, https:\/\/883radiociudad.gob.ar\/wp-content\/uploads\/2024\/10\/CONFERENCIA-CARRERA-SOLIDARIA-ROSA-7-1024x576.jpg.webp 1024w, https:\/\/883radiociudad.gob.ar\/wp-content\/uploads\/2024\/10\/CONFERENCIA-CARRERA-SOLIDARIA-ROSA-7-768x432.jpg.webp 768w, https:\/\/883radiociudad.gob.ar\/wp-content\/uploads\/2024\/10\/CONFERENCIA-CARRERA-SOLIDARIA-ROSA-7-1536x864.jpg.webp 1536w, https:\/\/883radiociudad.gob.ar\/wp-content\/uploads\/2024\/10\/CONFERENCIA-CARRERA-SOLIDARIA-ROSA-7.jpg.webp 1600w\" data-ll-status=\"loaded\" \/><\/p>\n<p><strong>JULIO CANTEROS<\/strong><\/p>\n<p>El secretario de Desarrollo Humano y Promoci\u00f3n Social Julio Canteros coment\u00f3 a los periodistas sobre las acciones de acompa\u00f1amiento a los pacientes oncol\u00f3gicos, sobre lo cual indic\u00f3: \u201cNuestra \u00e1rea trabaja en este sentido con los registros correspondientes para facilitar la ayuda a los traslados que precisen. Trabajamos de manera conjunta con el \u00c1rea Salud de la Provincia\u201d.<\/p>\n<p>\u201cEntendemos la importancia del compromiso y la colaboraci\u00f3n, adem\u00e1s, estas iniciativas contribuyen a generar esa responsabilidad social, por eso reiteramos nuestra predisposici\u00f3n y acompa\u00f1amiento, invitando a los vecinos a sumarse a esta corrida solidaria\u201d.<\/p>\n","protected":false},"excerpt":{"rendered":"<p>Unos 300 participantes formar\u00e1n parte de la prueba atl\u00e9tica solidaria; desde la organizaci\u00f3n confirmaron la preinscripci\u00f3n de 250 corredores. El intendente Mariano Hormaechea presidi\u00f3 la presentaci\u00f3n que se llev\u00f3 a cabo en el Sal\u00f3n de Acuerdos del palacio comunal y acompa\u00f1\u00f3 los anuncios de la \u201c1era Carrera Rosa Solidaria: Yo corro por vos\u201d en adhesi\u00f3n [&hellip;]<\/p>\n","protected":false},"author":2,"featured_media":21957,"comment_status":"closed","ping_status":"closed","sticky":false,"template":"","format":"standard","meta":{"footnotes":""},"categories":[56],"tags":[],"class_list":{"0":"post-21956","1":"post","2":"type-post","3":"status-publish","4":"format-standard","5":"has-post-thumbnail","7":"category-locales"},"_links":{"self":[{"href":"https:\/\/radiobitacora.com.ar\/web\/wp-json\/wp\/v2\/posts\/21956","targetHints":{"allow":["GET"]}}],"collection":[{"href":"https:\/\/radiobitacora.com.ar\/web\/wp-json\/wp\/v2\/posts"}],"about":[{"href":"https:\/\/radiobitacora.com.ar\/web\/wp-json\/wp\/v2\/types\/post"}],"author":[{"embeddable":true,"href":"https:\/\/radiobitacora.com.ar\/web\/wp-json\/wp\/v2\/users\/2"}],"replies":[{"embeddable":true,"href":"https:\/\/radiobitacora.com.ar\/web\/wp-json\/wp\/v2\/comments?post=21956"}],"version-history":[{"count":0,"href":"https:\/\/radiobitacora.com.ar\/web\/wp-json\/wp\/v2\/posts\/21956\/revisions"}],"wp:featuredmedia":[{"embeddable":true,"href":"https:\/\/radiobitacora.com.ar\/web\/wp-json\/wp\/v2\/media\/21957"}],"wp:attachment":[{"href":"https:\/\/radiobitacora.com.ar\/web\/wp-json\/wp\/v2\/media?parent=21956"}],"wp:term":[{"taxonomy":"category","embeddable":true,"href":"https:\/\/radiobitacora.com.ar\/web\/wp-json\/wp\/v2\/categories?post=21956"},{"taxonomy":"post_tag","embeddable":true,"href":"https:\/\/radiobitacora.com.ar\/web\/wp-json\/wp\/v2\/tags?post=21956"}],"curies":[{"name":"wp","href":"https:\/\/api.w.org\/{rel}","templated":true}]}}