{"id":21972,"date":"2024-10-16T09:04:55","date_gmt":"2024-10-16T12:04:55","guid":{"rendered":"https:\/\/radiobitacora.com.ar\/web\/?p=21972"},"modified":"2024-10-16T09:04:55","modified_gmt":"2024-10-16T12:04:55","slug":"valdes-firma-en-santa-fe-el-tratado-para-constituir-la-region-litoral","status":"publish","type":"post","link":"https:\/\/radiobitacora.com.ar\/web\/2024\/10\/16\/valdes-firma-en-santa-fe-el-tratado-para-constituir-la-region-litoral\/","title":{"rendered":"Vald\u00e9s firma en Santa Fe el tratado para constituir la regi\u00f3n Litoral"},"content":{"rendered":"<p>En un nuevo paso constitutivo de la regi\u00f3n Litoral, los gobiernos de las provincias integrantes firmar\u00e1n hoy en Santa Fe el tratado de integraci\u00f3n regional. A partir de las 13 en &#8220;La Redonda&#8221;, ubicada en Salvador del Carril y Belgrano, rubricar\u00e1 el documento correspondiente los gobernadores de Corrientes, Gustavo Vald\u00e9s; el anfitri\u00f3n, Maximiliano Pullaro; el de Chaco, Leandro Zdero; el de Entre R\u00edos; Rogelio Frigerio; el de Formosa, Gildo Insfr\u00e1n; y el de Misiones, Hugo Passalacqua.<\/p>\n<p>Previo al acto de firma de acuerdo, los mandatarios mantendr\u00e1n una reuni\u00f3n en el Museo de la Constituci\u00f3n, seg\u00fan se program\u00f3.<\/p>\n<p>El Tratado de Integraci\u00f3n Regional se rubrica dando cumplimiento al Art\u00edculo 124 de la Constituci\u00f3n Nacional. Y ser\u00e1 un acto que marcar\u00e1 el inicio formal de la colaboraci\u00f3n en \u00e1reas como la hidrov\u00eda, pesca, energ\u00eda y medio ambiente.<\/p>\n<p>El encuentro en Santa Fe es continuidad de la reuni\u00f3n considerada hist\u00f3rica que se llev\u00f3 a cabo en la localidad correntina de Bella Vista, el pasado 19 de septiembre.<\/p>\n<p>Fue el impulso necesario para que, a pleno, los mandatarios apostar\u00e1n al espacio de integraci\u00f3n estrat\u00e9gica.<\/p>\n<div class=\"center medium m_image\">\n<figure><picture><source srcset=\"https:\/\/www.diarioepoca.com\/content\/bucket\/9\/1390169w380h132c.jpg.webp\" type=\"image\/webp\" media=\"(min-width: 640px)\" \/><source srcset=\"https:\/\/www.diarioepoca.com\/content\/bucket\/9\/1390169w440h153c.jpg.webp\" type=\"image\/webp\" media=\"(min-width: 300px)\" \/><source srcset=\"https:\/\/www.diarioepoca.com\/content\/bucket\/9\/1390169w380h132c.jpg\" media=\"(min-width: 300px)\" \/><img loading=\"lazy\" decoding=\"async\" class=\"pic\" src=\"https:\/\/www.diarioepoca.com\/content\/bucket\/9\/1390169w380h132c.jpg.webp\" alt=\"\" width=\"380\" height=\"132\" \/><\/picture><\/figure>\n<\/div>\n<p>Lo hicieron con un fuerte mensaje de federalismo, cr\u00edticas al centralismo y defensa de la hidrov\u00eda como uno de los elementos centrales para el desarrollo regional.<\/p>\n<p>Ahora, en suelo santafesino y con el mismo mensaje de federalismo, dar\u00e1n otro paso clave en el funcionamiento del bloque de provincias. Asistir\u00e1n tambi\u00e9n autoridades, empresarios y representantes de distintas entidades profesionales y se anuncia un masivo encuentro.<\/p>\n<h2>C\u00f3rdoba, interesada<\/h2>\n<p>Desde Santa Fe no se descarta que C\u00f3rdoba se sume a la nueva regi\u00f3n Litoral, a la vez que se hizo hincapi\u00e9 en la fuerte unidad de las provincias integrantes y fundantes del bloque. As\u00ed lo se\u00f1al\u00f3 Claudia Giaccone, subsecretaria de la Regi\u00f3n Centro, quien trabaja en la organizaci\u00f3n del acto de la fecha.<\/p>\n<p>Adem\u00e1s, remarc\u00f3 que hay una identidad m\u00e1s fuerte con las provincias ribere\u00f1as del Paran\u00e1, dado sus intereses y desaf\u00edos comunes.<\/p>\n<p>Tambi\u00e9n indic\u00f3 que los seis gobernadores trabajar\u00e1n en una agenda que abordar\u00e1 temas cr\u00edticos para la regi\u00f3n. Tendr\u00e1n los mismos mecanismos de gobernanza que la Regi\u00f3n Centro y definir\u00e1n el liderazgo rotativo de la nueva regi\u00f3n.<\/p>\n<div class=\"center medium m_image\">\n<figure><picture><source srcset=\"https:\/\/www.diarioepoca.com\/content\/bucket\/0\/1390170w380h132c.jpg.webp\" type=\"image\/webp\" media=\"(min-width: 640px)\" \/><source srcset=\"https:\/\/www.diarioepoca.com\/content\/bucket\/0\/1390170w440h153c.jpg.webp\" type=\"image\/webp\" media=\"(min-width: 300px)\" \/><source srcset=\"https:\/\/www.diarioepoca.com\/content\/bucket\/0\/1390170w380h132c.jpg\" media=\"(min-width: 300px)\" \/><img loading=\"lazy\" decoding=\"async\" class=\"pic\" src=\"https:\/\/www.diarioepoca.com\/content\/bucket\/0\/1390170w380h132c.jpg.webp\" alt=\"\" width=\"380\" height=\"132\" \/><\/picture><\/figure>\n<\/div>\n<p>La integraci\u00f3n busca abordar necesidades comunes, como la gesti\u00f3n de la hidrov\u00eda y pol\u00edticas energ\u00e9ticas.<\/p>\n<p>Los gobernadores ya definieron en Bella Vista el compromiso de avanzar en la integraci\u00f3n regional, resaltando que comparten v\u00ednculos hist\u00f3ricos y geogr\u00e1ficos.<\/p>\n<p>&#8220;Hoy, que estemos ac\u00e1, solamente confirma que tenemos la inquebrantable voluntad de marchar juntos hacia objetivos comunes&#8221;, afirm\u00f3 Vald\u00e9s al hacer uso de la palabra en el escenario natural de la costanera bellavistense.<\/p>\n<p>El Art\u00edculo 124 de la Constituci\u00f3n permite la creaci\u00f3n de estas regiones para el desarrollo econ\u00f3mico y social, consolidando as\u00ed el federalismo y la colaboraci\u00f3n interprovincial.<\/p>\n<h2>Concesionar\u00e1n el Centro de Fronteras de Paso de los Libres del puente con Uruguaiana<\/h2>\n<div class=\"center medium m_image\">\n<figure><picture><source srcset=\"https:\/\/www.diarioepoca.com\/content\/bucket\/1\/1390171w380h387c.jpg.webp\" type=\"image\/webp\" media=\"(min-width: 640px)\" \/><source srcset=\"https:\/\/www.diarioepoca.com\/content\/bucket\/1\/1390171w440h448c.jpg.webp\" type=\"image\/webp\" media=\"(min-width: 300px)\" \/><source srcset=\"https:\/\/www.diarioepoca.com\/content\/bucket\/1\/1390171w380h387c.jpg\" media=\"(min-width: 300px)\" \/><img loading=\"lazy\" decoding=\"async\" class=\"pic\" src=\"https:\/\/www.diarioepoca.com\/content\/bucket\/1\/1390171w380h387c.jpg.webp\" alt=\"\" width=\"380\" height=\"387\" \/><\/picture><\/figure>\n<\/div>\n<p>El Gobierno nacional activ\u00f3 el proceso para privatizar por 25 a\u00f1os el Centro de Fronteras de Paso de los Libres, un llamado que tambi\u00e9n incluye el Complejo Terminal de Cargas (COTECAR) y el \u00c1rea de Control Integrado (ACI). Adem\u00e1s, establece el cobro de estacionamiento y servicios a quienes circulen por este paso.<\/p>\n<p>La media se enmarca en la aplicaci\u00f3n del nuevo R\u00e9gimen de Iniciativa Privada, aprobado en la Ley Bases.<\/p>\n<p>Fue el propio Guillermo Francos, jefe de Gabinete, quien activ\u00f3 la iniciativa por el uso, explotaci\u00f3n, operaci\u00f3n, funcionamiento y administraci\u00f3n a manos de una empresa privada los servicios al transporte de pasajeros y de cargas de un paso fronterizo clave con Brasil.<\/p>\n<p>El Centro de Frontera se encuentra en manos del Estado nacional desde 1982 y por dicho paso se registra un promedio anual de 1.547.031 veh\u00edculos, de los cuales el 85% son autom\u00f3viles particulares; el 13% son camiones y el resto \u00f3mnibus de pasajeros. En las instalaciones funcionan delegaciones de Migraciones, AFIP, Gendarmer\u00eda, Aduanas, SENASA, CNRT, ANMAT y Gendarmer\u00eda Nacional. Adem\u00e1s cuenta con playas de estacionamiento para 900 camiones.<\/p>\n<p>Las empresas privadas interesadas en operar el centro fronterizo de Libres tienen plazo hasta el 13 de diciembre de 2024 para presentar sus proyectos y los proyectos deben contener &#8220;inversiones b\u00e1sicas e innovadoras que potencien los servicios prestados&#8221;.<\/p>\n<p>El Gobierno propone que los ingresos del privado tengan origen en las tarifas reguladas del estacionamiento y la facturaci\u00f3n de diversos servicios para particulares y transportistas. Adem\u00e1s, la operaria deber\u00e1 abonar un canon fijo anual y las inversiones correr\u00e1n por cuenta de la misma.<\/p>\n","protected":false},"excerpt":{"rendered":"<p>En un nuevo paso constitutivo de la regi\u00f3n Litoral, los gobiernos de las provincias integrantes firmar\u00e1n hoy en Santa Fe el tratado de integraci\u00f3n regional. A partir de las 13 en &#8220;La Redonda&#8221;, ubicada en Salvador del Carril y Belgrano, rubricar\u00e1 el documento correspondiente los gobernadores de Corrientes, Gustavo Vald\u00e9s; el anfitri\u00f3n, Maximiliano Pullaro; el [&hellip;]<\/p>\n","protected":false},"author":2,"featured_media":21973,"comment_status":"closed","ping_status":"closed","sticky":false,"template":"","format":"standard","meta":{"footnotes":""},"categories":[79],"tags":[],"class_list":{"0":"post-21972","1":"post","2":"type-post","3":"status-publish","4":"format-standard","5":"has-post-thumbnail","7":"category-politica"},"_links":{"self":[{"href":"https:\/\/radiobitacora.com.ar\/web\/wp-json\/wp\/v2\/posts\/21972","targetHints":{"allow":["GET"]}}],"collection":[{"href":"https:\/\/radiobitacora.com.ar\/web\/wp-json\/wp\/v2\/posts"}],"about":[{"href":"https:\/\/radiobitacora.com.ar\/web\/wp-json\/wp\/v2\/types\/post"}],"author":[{"embeddable":true,"href":"https:\/\/radiobitacora.com.ar\/web\/wp-json\/wp\/v2\/users\/2"}],"replies":[{"embeddable":true,"href":"https:\/\/radiobitacora.com.ar\/web\/wp-json\/wp\/v2\/comments?post=21972"}],"version-history":[{"count":0,"href":"https:\/\/radiobitacora.com.ar\/web\/wp-json\/wp\/v2\/posts\/21972\/revisions"}],"wp:featuredmedia":[{"embeddable":true,"href":"https:\/\/radiobitacora.com.ar\/web\/wp-json\/wp\/v2\/media\/21973"}],"wp:attachment":[{"href":"https:\/\/radiobitacora.com.ar\/web\/wp-json\/wp\/v2\/media?parent=21972"}],"wp:term":[{"taxonomy":"category","embeddable":true,"href":"https:\/\/radiobitacora.com.ar\/web\/wp-json\/wp\/v2\/categories?post=21972"},{"taxonomy":"post_tag","embeddable":true,"href":"https:\/\/radiobitacora.com.ar\/web\/wp-json\/wp\/v2\/tags?post=21972"}],"curies":[{"name":"wp","href":"https:\/\/api.w.org\/{rel}","templated":true}]}}