{"id":21980,"date":"2024-10-16T09:10:55","date_gmt":"2024-10-16T12:10:55","guid":{"rendered":"https:\/\/radiobitacora.com.ar\/web\/?p=21980"},"modified":"2024-10-16T09:10:55","modified_gmt":"2024-10-16T12:10:55","slug":"el-gobierno-redujo-aranceles-para-30-nuevos-productos","status":"publish","type":"post","link":"https:\/\/radiobitacora.com.ar\/web\/2024\/10\/16\/el-gobierno-redujo-aranceles-para-30-nuevos-productos\/","title":{"rendered":"El gobierno redujo aranceles para 30 nuevos productos"},"content":{"rendered":"<p>El Gobierno Nacional redujo al\u00edcuotas para 89 productos que contaban con aranceles elevados y encarec\u00edan los precios de bienes utilizados. En esta lista, se suman 30 m\u00e1s de los ya anunciados a comienzos del mes. Este alivio impositivo, adem\u00e1s de beneficiar directamente a los consumidores, permitir\u00e1 mejorar la competitividad de la industria y fortalecer el comercio.<\/p>\n<p>A trav\u00e9s del Decreto 908\/2024, se dispuso que los aranceles de los neum\u00e1ticos disminuyan del 35% al 16%, mientras que los de las motos bajen del 35% al 20%. Ambos bienes eran parte de la lista de productos que contaban con al\u00edcuotas superiores al nivel del Mercosur, que hab\u00edan sido elevadas por decisi\u00f3n de las gestiones anteriores.<\/p>\n<p>En esta misma l\u00ednea, el Decreto redujo los aranceles de 30 productos al nivel regional (de entre 9% y 30%), entre los que se encuentran peque\u00f1os electrodom\u00e9sticos, caf\u00e9, cremas solares y garrafas de gas. Previamente estos art\u00edculos ten\u00edan aranceles de entre 25% y 35%.<\/p>\n<p>Adem\u00e1s, insumos clave como el pl\u00e1stico PET, los tubos de cobre e insumos textiles que ten\u00edan al\u00edcuotas de entre 12,6% y 35%, disminuyeron a valores de entre 2% y 20%. As\u00ed, pasaron a estar inclu\u00eddos dentro de la Lista Nacional de Excepciones al Arancel Externo Com\u00fan, que permite que los aranceles de hasta 100 productos est\u00e9n por debajo del arancel establecido por el Mercosur.<\/p>\n<p>Tambi\u00e9n se redujo la al\u00edcuota a 38 maquinarias, que pasaron a estar incluidas dentro del listado de Bienes de Capital del Mercosur que permite que bienes duraderos tengan un arancel de importaci\u00f3n preferencial. Entre ellas se encuentran hornos industriales, calderas y motores sin producci\u00f3n nacional, que ten\u00edan un arancel de entre 12,6% y 35%, y comenzar\u00e1n a tener un arancel de entre 2% y 12,6%.<\/p>\n<p><strong><em>Qu\u00e9 suceder\u00e1 con el caso de los neum\u00e1ticos<\/em>\u00a0<\/strong><\/p>\n<p>En el caso de los neum\u00e1ticos para autos la baja se har\u00e1 en tres tramos de 5% cada cuatro meses y un \u00faltimo tramo de 4%, en tanto que para las motos la baja se har\u00e1 en dos tramos, uno de 10% y uno de 5%.<\/p>\n<p>&#8220;Estas reducciones arancelarias son parte de un paquete de medidas para favorecer el comercio exterior y beneficiar a la industria y a los consumidores, desarrolladas por la Secretar\u00eda de Industria y Comercio del Ministerio de Econom\u00eda, y van de la mano con otras medidas como la disminuci\u00f3n de aranceles de heladeras, lavarropas, neum\u00e1ticos, insumos pl\u00e1sticos, fertilizantes y herbicidas, impulsadas en mayo de este a\u00f1o&#8221;, afirm\u00f3 la secretar\u00eda de Comercio en un comunicado.<\/p>\n","protected":false},"excerpt":{"rendered":"<p>El Gobierno Nacional redujo al\u00edcuotas para 89 productos que contaban con aranceles elevados y encarec\u00edan los precios de bienes utilizados. En esta lista, se suman 30 m\u00e1s de los ya anunciados a comienzos del mes. Este alivio impositivo, adem\u00e1s de beneficiar directamente a los consumidores, permitir\u00e1 mejorar la competitividad de la industria y fortalecer el [&hellip;]<\/p>\n","protected":false},"author":2,"featured_media":21981,"comment_status":"closed","ping_status":"closed","sticky":false,"template":"","format":"standard","meta":{"footnotes":""},"categories":[79],"tags":[],"class_list":{"0":"post-21980","1":"post","2":"type-post","3":"status-publish","4":"format-standard","5":"has-post-thumbnail","7":"category-politica"},"_links":{"self":[{"href":"https:\/\/radiobitacora.com.ar\/web\/wp-json\/wp\/v2\/posts\/21980","targetHints":{"allow":["GET"]}}],"collection":[{"href":"https:\/\/radiobitacora.com.ar\/web\/wp-json\/wp\/v2\/posts"}],"about":[{"href":"https:\/\/radiobitacora.com.ar\/web\/wp-json\/wp\/v2\/types\/post"}],"author":[{"embeddable":true,"href":"https:\/\/radiobitacora.com.ar\/web\/wp-json\/wp\/v2\/users\/2"}],"replies":[{"embeddable":true,"href":"https:\/\/radiobitacora.com.ar\/web\/wp-json\/wp\/v2\/comments?post=21980"}],"version-history":[{"count":0,"href":"https:\/\/radiobitacora.com.ar\/web\/wp-json\/wp\/v2\/posts\/21980\/revisions"}],"wp:featuredmedia":[{"embeddable":true,"href":"https:\/\/radiobitacora.com.ar\/web\/wp-json\/wp\/v2\/media\/21981"}],"wp:attachment":[{"href":"https:\/\/radiobitacora.com.ar\/web\/wp-json\/wp\/v2\/media?parent=21980"}],"wp:term":[{"taxonomy":"category","embeddable":true,"href":"https:\/\/radiobitacora.com.ar\/web\/wp-json\/wp\/v2\/categories?post=21980"},{"taxonomy":"post_tag","embeddable":true,"href":"https:\/\/radiobitacora.com.ar\/web\/wp-json\/wp\/v2\/tags?post=21980"}],"curies":[{"name":"wp","href":"https:\/\/api.w.org\/{rel}","templated":true}]}}