{"id":21992,"date":"2024-10-16T09:30:26","date_gmt":"2024-10-16T12:30:26","guid":{"rendered":"https:\/\/radiobitacora.com.ar\/web\/?p=21992"},"modified":"2024-10-16T09:30:26","modified_gmt":"2024-10-16T12:30:26","slug":"el-gobierno-aseguro-que-podria-intervenir-la-afa-si-se-realiza-la-asamblea-que-fue-suspendida-por-la-igj","status":"publish","type":"post","link":"https:\/\/radiobitacora.com.ar\/web\/2024\/10\/16\/el-gobierno-aseguro-que-podria-intervenir-la-afa-si-se-realiza-la-asamblea-que-fue-suspendida-por-la-igj\/","title":{"rendered":"El Gobierno asegur\u00f3 que podr\u00eda intervenir la AFA si se realiza la Asamblea que fue suspendida por la IGJ"},"content":{"rendered":"<p class=\"paragraph\" data-mrf-recirculation=\"Links inline\">El titular de la Inspecci\u00f3n General de Justicia (IGJ),\u00a0<b>Daniel Vitolo<\/b>, anticip\u00f3 que\u00a0<b>el Ministerio de Justicia podr\u00eda intervenir la Asociaci\u00f3n del F\u00fatbol Argentino (AFA) si finalmente realiza ma\u00f1ana la Asamblea que fue suspendida por una decisi\u00f3n administrativa.<\/b><\/p>\n<p class=\"paragraph\" data-mrf-recirculation=\"Links inline\">En ese encuentro, el organismo rector del f\u00fatbol tiene la intenci\u00f3n de votar la reelecci\u00f3n de Claudio \u201cChiqui\u201d Tapia como presidente y renovar el resto de las autoridades del Comit\u00e9 Ejecutivo.<\/p>\n<div class=\"inline ad-wrapper\">\n<div class=\"dfpAd ad-inline\">\n<div id=\"infobae\/politica\/nota\/inline\" class=\"infobae\/politica\/nota\/inline arcad up-show\" data-google-query-id=\"CMDOzPXxkokDFXlPuAQdjSQGAQ\">\n<div id=\"google_ads_iframe_\/1058609\/infobae\/politica\/nota\/inline_0__container__\"><iframe loading=\"lazy\" id=\"google_ads_iframe_\/1058609\/infobae\/politica\/nota\/inline_0\" tabindex=\"0\" title=\"3rd party ad content\" src=\"https:\/\/0aac2229c37f55404aec43994e75e9a4.safeframe.googlesyndication.com\/safeframe\/1-0-40\/html\/container.html?upapi=true\" name=\"\" width=\"717\" height=\"60\" frameborder=\"0\" marginwidth=\"0\" marginheight=\"0\" scrolling=\"no\" sandbox=\"allow-forms allow-popups allow-popups-to-escape-sandbox allow-same-origin allow-scripts allow-top-navigation-by-user-activation\" data-is-safeframe=\"true\" aria-label=\"Advertisement\" data-google-container-id=\"5\" data-load-complete=\"true\" data-mce-fragment=\"1\"><\/iframe><\/p>\n<div class=\"upo-label\">AD<\/div>\n<\/div>\n<\/div>\n<\/div>\n<\/div>\n<p class=\"paragraph\" data-mrf-recirculation=\"Links inline\">\u201c<b>Nosotros no podemos impedir que se junten en la sede de ellos, pero eso no ser\u00e1 una asamblea, ser\u00e1 una reuni\u00f3n de amigos, porque esto no va a ser aprobado y lo que se resuelva all\u00ed no va a ser inscripto ante la IGJ, no va a ser convalidado<\/b>\u201d, dijo VItolo.<\/p>\n<p class=\"paragraph\" data-mrf-recirculation=\"Links inline\">\u201cEst\u00e1n violando la ley y el estatuto y adem\u00e1s asumen un riesgo: los integrantes del Consejo Directivo y los Asamble\u00edstas pueden incurrir en el delito de desobediencia, prescripto en el art\u00edculo 239 del C\u00f3digo Penal&#8230; Y la ley prev\u00e9 que ante el incumplimiento grave, el Ministerio de Justicia puede interponer la intervenci\u00f3n\u201d, desarroll\u00f3 el funcionario en di\u00e1logo con Marcelo Longobardi en\u00a0<i>radio Rivadavia.<\/i><\/p>\n<div class=\"inline_2_DSK ad-wrapper ad-desktop\">\n<div class=\"dfpAd ad-inline\">\n<div id=\"infobae\/politica\/nota\/inline_2_DSK\" class=\"infobae\/politica\/nota\/inline_2_DSK arcad up-show\" data-google-query-id=\"CMHOzPXxkokDFXlPuAQdjSQGAQ\">\n<div id=\"google_ads_iframe_\/1058609\/infobae\/politica\/nota\/inline_2_DSK_0__container__\"><iframe loading=\"lazy\" id=\"google_ads_iframe_\/1058609\/infobae\/politica\/nota\/inline_2_DSK_0\" tabindex=\"0\" title=\"3rd party ad content\" src=\"https:\/\/0aac2229c37f55404aec43994e75e9a4.safeframe.googlesyndication.com\/safeframe\/1-0-40\/html\/container.html?upapi=true\" name=\"\" width=\"717\" height=\"60\" frameborder=\"0\" marginwidth=\"0\" marginheight=\"0\" scrolling=\"no\" sandbox=\"allow-forms allow-popups allow-popups-to-escape-sandbox allow-same-origin allow-scripts allow-top-navigation-by-user-activation\" data-is-safeframe=\"true\" aria-label=\"Advertisement\" data-google-container-id=\"6\" data-load-complete=\"true\" data-mce-fragment=\"1\"><\/iframe><\/p>\n<div class=\"upo-label\">AD<\/div>\n<\/div>\n<\/div>\n<\/div>\n<\/div>\n<p class=\"paragraph\" data-mrf-recirculation=\"Links inline\">Para entender el conflicto hay que retrotraerse a fines de septiembre, cuando Talleres -a cargo de Andr\u00e9s Fassi, enfrentado con la AFA- se present\u00f3 ante la Inspecci\u00f3n General de Justicia (IGJ) para cuestionar la convocatoria realizada para renovar el mandato del actual presidente. La IGJ, organismo dependiente del Poder Ejecutivo -tambi\u00e9n enfrentado con la AFA por las SAD-, resolvi\u00f3 ayer que la convocatoria es irregular e ineficaz.<\/p>\n<p class=\"paragraph\" data-mrf-recirculation=\"Links inline\">Entre los puntos que se objetan, la IGJ advirti\u00f3 que la elecci\u00f3n de autoridades se anticip\u00f3 casi un a\u00f1o y esto podr\u00eda afectar los intereses de Talleres y de otros clubes porque a\u00fan falta que se ejecute el 25% del mandato actual. Tambi\u00e9n objetaron otras cuestiones reglamentarias y modificaciones estatutarias que realizar la AFA.<\/p>\n<p class=\"paragraph\" data-mrf-recirculation=\"Links inline\">El organismo deportivo que tiene su sede en la calle Viamonte se anticip\u00f3 a la resoluci\u00f3n de la IGJ y se present\u00f3 ante la Justicia para solicitar una medida cautelar que garantizara la realizaci\u00f3n de la Asamblea convocada para ma\u00f1ana. El juez Ricardo Pettis rechaz\u00f3 el pedido, pero\u00a0<b>resalt\u00f3 que no hay fundamentos como para poder impedir la reelecci\u00f3n de Tapia<\/b>. Adem\u00e1s, una apelaci\u00f3n al fallo de la IGJ (que a\u00fan no se concret\u00f3)\u00a0<b>deber\u00eda concederse con efecto suspensivo y no devolutivo<\/b>\u00a0-de acuerdo al art\u00edculo 243 del C\u00f3digo Procesal- lo que significa que se suspenden los efectos de la decisi\u00f3n recurrida.<\/p>\n<p class=\"paragraph\" data-mrf-recirculation=\"Links inline\">Con esos dos argumentos, los directivos de la AFA desconocen la decisi\u00f3n de la IGJ y aseguran que ma\u00f1ana har\u00e1n igualmente la Asamblea, convocada en el predio de Ezeiza. All\u00ed tambi\u00e9n est\u00e1 previsto discutir -entre otros puntos- la suspensi\u00f3n de los descensos y una modificaci\u00f3n en los campeonatos argentinos.<\/p>\n","protected":false},"excerpt":{"rendered":"<p>El titular de la Inspecci\u00f3n General de Justicia (IGJ),\u00a0Daniel Vitolo, anticip\u00f3 que\u00a0el Ministerio de Justicia podr\u00eda intervenir la Asociaci\u00f3n del F\u00fatbol Argentino (AFA) si finalmente realiza ma\u00f1ana la Asamblea que fue suspendida por una decisi\u00f3n administrativa. En ese encuentro, el organismo rector del f\u00fatbol tiene la intenci\u00f3n de votar la reelecci\u00f3n de Claudio \u201cChiqui\u201d Tapia [&hellip;]<\/p>\n","protected":false},"author":2,"featured_media":21993,"comment_status":"closed","ping_status":"closed","sticky":false,"template":"","format":"standard","meta":{"footnotes":""},"categories":[78],"tags":[],"class_list":{"0":"post-21992","1":"post","2":"type-post","3":"status-publish","4":"format-standard","5":"has-post-thumbnail","7":"category-deportes"},"_links":{"self":[{"href":"https:\/\/radiobitacora.com.ar\/web\/wp-json\/wp\/v2\/posts\/21992","targetHints":{"allow":["GET"]}}],"collection":[{"href":"https:\/\/radiobitacora.com.ar\/web\/wp-json\/wp\/v2\/posts"}],"about":[{"href":"https:\/\/radiobitacora.com.ar\/web\/wp-json\/wp\/v2\/types\/post"}],"author":[{"embeddable":true,"href":"https:\/\/radiobitacora.com.ar\/web\/wp-json\/wp\/v2\/users\/2"}],"replies":[{"embeddable":true,"href":"https:\/\/radiobitacora.com.ar\/web\/wp-json\/wp\/v2\/comments?post=21992"}],"version-history":[{"count":0,"href":"https:\/\/radiobitacora.com.ar\/web\/wp-json\/wp\/v2\/posts\/21992\/revisions"}],"wp:featuredmedia":[{"embeddable":true,"href":"https:\/\/radiobitacora.com.ar\/web\/wp-json\/wp\/v2\/media\/21993"}],"wp:attachment":[{"href":"https:\/\/radiobitacora.com.ar\/web\/wp-json\/wp\/v2\/media?parent=21992"}],"wp:term":[{"taxonomy":"category","embeddable":true,"href":"https:\/\/radiobitacora.com.ar\/web\/wp-json\/wp\/v2\/categories?post=21992"},{"taxonomy":"post_tag","embeddable":true,"href":"https:\/\/radiobitacora.com.ar\/web\/wp-json\/wp\/v2\/tags?post=21992"}],"curies":[{"name":"wp","href":"https:\/\/api.w.org\/{rel}","templated":true}]}}