{"id":22013,"date":"2024-10-17T16:47:08","date_gmt":"2024-10-17T19:47:08","guid":{"rendered":"https:\/\/radiobitacora.com.ar\/web\/?p=22013"},"modified":"2024-10-17T16:47:08","modified_gmt":"2024-10-17T19:47:08","slug":"la-familia-de-liam-payne-se-pronuncio-por-primera-vez-estamos-devastados","status":"publish","type":"post","link":"https:\/\/radiobitacora.com.ar\/web\/2024\/10\/17\/la-familia-de-liam-payne-se-pronuncio-por-primera-vez-estamos-devastados\/","title":{"rendered":"La familia de Liam Payne se pronunci\u00f3 por primera vez: &#8220;Estamos devastados&#8221;"},"content":{"rendered":"<p>Los padres de Payne, Geoff y Karen, fueron vistos abandonando su residencia en Wolverhampton alrededor de la medianoche, poco despu\u00e9s de recibir la noticia.<\/p>\n<p>Seg\u00fan The Mirror, un familiar que respondi\u00f3 a la puerta de la casa de los Payne expres\u00f3: &#8220;Obviamente estamos devastados por la noticia, pero no queremos hacer comentarios&#8221;.<\/p>\n<p>Vecinos informaron que dos mujeres, presuntamente las hermanas de Liam, ingresaron a la propiedad esta ma\u00f1ana.<\/p>\n<p>&#8220;Se les vio salir apresuradamente alrededor de la medianoche de anoche, pero no estoy seguro si llevaban maletas. No puedes imaginar lo que est\u00e1n pasando. S\u00e9 que a Liam le gustaba volver aqu\u00ed cuando pod\u00eda&#8221;, coment\u00f3 un residente local, quien prefiri\u00f3 mantener el anonimato.<\/p>\n<p>Y a\u00f1adi\u00f3: &#8220;Estar\u00e1n completamente desconsolados ya que eran muy cercanos. Su ciudad natal siempre ocup\u00f3 un lugar en su coraz\u00f3n. La comunidad va a estar devastada&#8221;.<\/p>\n<p>&#8220;Creo que se fueron anoche alrededor de las 12 pm. Los padres no est\u00e1n aqu\u00ed. Todo lo que puedo decir realmente es mis condolencias para ellos&#8221;, sostuvo otro vecino.<\/p>\n<p>Liam Payne desarroll\u00f3 su pasi\u00f3n por la actuaci\u00f3n durante su etapa escolar en St Peter\u2019s Collegiate School en Compton, Wolverhampton.<\/p>\n<p>Posteriormente, estudi\u00f3 m\u00fasica en el Wolverhampton College antes de audicionar para el programa de televisi\u00f3n X Factor como adolescente, lo que lo catapult\u00f3 a la fama como miembro de One Direction.<\/p>\n<p>La St Peter\u2019s Collegiate Academy emiti\u00f3 un comunicado lamentando la p\u00e9rdida de su exalumno: &#8220;Estamos profundamente entristecidos al enterarnos del repentino fallecimiento de nuestro ex alumno, Liam Payne. Durante su tiempo en St Peter\u2019s Collegiate Academy, Liam no solo era querido por sus compa\u00f1eros y profesores, sino que tambi\u00e9n era reconocido por sus talentos. Tuvo un impacto positivo en nuestra comunidad escolar, y sus contribuciones ser\u00e1n recordadas&#8221;.<\/p>\n<p>Por su parte, Louise Fall, directora del Wolverhampton College, tambi\u00e9n dedic\u00f3 unas palabras al artista. &#8220;Lamentamos mucho escuchar la noticia sobre el ex alumno Liam Payne y deseamos extender nuestras condolencias a su familia y amigos en este momento tan triste&#8221;, se\u00f1al\u00f3, de acuerdo a reportes de la prensa brit\u00e1nica.<\/p>\n<p>El club de f\u00fatbol West Bromwich Albion, del cual Payne era seguidor, tambi\u00e9n rindi\u00f3 homenaje al artista a trav\u00e9s de redes sociales.<\/p>\n<p>&#8220;Estamos conmocionados y entristecidos al enterarnos del fallecimiento del fan de los Baggies y m\u00fasico, Liam Payne. Nuestros pensamientos est\u00e1n con la familia, amigos y seres queridos de Liam en este momento tr\u00e1gico&#8221;, se le\u00eda en el mensaje.<\/p>\n<p>Adem\u00e1s, el Grand Theatre de Wolverhampton, donde Liam Payne se present\u00f3 en su carrera art\u00edstica, comparti\u00f3 un mensaje de p\u00e9same.<\/p>\n<div class=\" large m_image\">\n<figure><picture><source srcset=\"https:\/\/www.diarioepoca.com\/content\/bucket\/2\/1390412w790h526c.jpg.webp\" type=\"image\/webp\" media=\"(min-width: 640px)\" \/><source srcset=\"https:\/\/www.diarioepoca.com\/content\/bucket\/2\/1390412w440h293c.jpg.webp\" type=\"image\/webp\" media=\"(min-width: 300px)\" \/><source srcset=\"https:\/\/www.diarioepoca.com\/content\/bucket\/2\/1390412w790h526c.jpg\" media=\"(min-width: 300px)\" \/><img loading=\"lazy\" decoding=\"async\" class=\"pic\" src=\"https:\/\/www.diarioepoca.com\/content\/bucket\/2\/1390412w790h526c.jpg.webp\" alt=\"\" width=\"790\" height=\"526\" \/><\/picture><\/figure>\n<\/div>\n<p>&#8220;Nuestros pensamientos est\u00e1n con la familia y amigos de Liam Payne esta ma\u00f1ana y, por supuesto, con sus millones de fans, con quienes compartimos un inmenso dolor&#8221;, expres\u00f3 la organizaci\u00f3n cultural. &#8220;Siempre estamos tan orgullosos de los wolverhamptonianos cuyo talento los impulsa al estrellato en el escenario, la pantalla y la m\u00fasica&#8221;.<\/p>\n<p>Su \u00faltima visita p\u00fablica al Grand Theatre de Wolverhampton fue en 2013, durante el apogeo de One Direction. &#8220;Sabemos que los recuerdos de esa noche perdurar\u00e1n en la memoria de quienes lo conocieron&#8221;, record\u00f3 el teatro.<\/p>\n<p>Liam Payne se dio a conocer en 2010 como miembro de One Direction, una de las boy bands m\u00e1s exitosas de la historia. Tras la separaci\u00f3n del grupo en 2016, el m\u00fasico desarroll\u00f3 una carrera en solitario, lanzando varios sencillos de \u00e9xito.<\/p>\n<p>La noticia de su fallecimiento ha generado una ola de tributos y mensajes de condolencia de fans, colegas de la industria musical y figuras p\u00fablicas de todo el mundo.<\/p>\n","protected":false},"excerpt":{"rendered":"<p>Los padres de Payne, Geoff y Karen, fueron vistos abandonando su residencia en Wolverhampton alrededor de la medianoche, poco despu\u00e9s de recibir la noticia. Seg\u00fan The Mirror, un familiar que respondi\u00f3 a la puerta de la casa de los Payne expres\u00f3: &#8220;Obviamente estamos devastados por la noticia, pero no queremos hacer comentarios&#8221;. Vecinos informaron que [&hellip;]<\/p>\n","protected":false},"author":2,"featured_media":22014,"comment_status":"closed","ping_status":"closed","sticky":false,"template":"","format":"standard","meta":{"footnotes":""},"categories":[67],"tags":[],"class_list":{"0":"post-22013","1":"post","2":"type-post","3":"status-publish","4":"format-standard","5":"has-post-thumbnail","7":"category-espectaculo"},"_links":{"self":[{"href":"https:\/\/radiobitacora.com.ar\/web\/wp-json\/wp\/v2\/posts\/22013","targetHints":{"allow":["GET"]}}],"collection":[{"href":"https:\/\/radiobitacora.com.ar\/web\/wp-json\/wp\/v2\/posts"}],"about":[{"href":"https:\/\/radiobitacora.com.ar\/web\/wp-json\/wp\/v2\/types\/post"}],"author":[{"embeddable":true,"href":"https:\/\/radiobitacora.com.ar\/web\/wp-json\/wp\/v2\/users\/2"}],"replies":[{"embeddable":true,"href":"https:\/\/radiobitacora.com.ar\/web\/wp-json\/wp\/v2\/comments?post=22013"}],"version-history":[{"count":0,"href":"https:\/\/radiobitacora.com.ar\/web\/wp-json\/wp\/v2\/posts\/22013\/revisions"}],"wp:featuredmedia":[{"embeddable":true,"href":"https:\/\/radiobitacora.com.ar\/web\/wp-json\/wp\/v2\/media\/22014"}],"wp:attachment":[{"href":"https:\/\/radiobitacora.com.ar\/web\/wp-json\/wp\/v2\/media?parent=22013"}],"wp:term":[{"taxonomy":"category","embeddable":true,"href":"https:\/\/radiobitacora.com.ar\/web\/wp-json\/wp\/v2\/categories?post=22013"},{"taxonomy":"post_tag","embeddable":true,"href":"https:\/\/radiobitacora.com.ar\/web\/wp-json\/wp\/v2\/tags?post=22013"}],"curies":[{"name":"wp","href":"https:\/\/api.w.org\/{rel}","templated":true}]}}