{"id":22022,"date":"2024-10-17T17:10:45","date_gmt":"2024-10-17T20:10:45","guid":{"rendered":"https:\/\/radiobitacora.com.ar\/web\/?p=22022"},"modified":"2024-10-17T17:10:45","modified_gmt":"2024-10-17T20:10:45","slug":"trazabilidad-electronica-eliminan-la-marca-a-fuego-para-el-ganado-a-partir-de-marzo-de-2025","status":"publish","type":"post","link":"https:\/\/radiobitacora.com.ar\/web\/2024\/10\/17\/trazabilidad-electronica-eliminan-la-marca-a-fuego-para-el-ganado-a-partir-de-marzo-de-2025\/","title":{"rendered":"TRAZABILIDAD ELECTR\u00d3NICA: ELIMINAN LA MARCA A FUEGO PARA EL GANADO A PARTIR DE MARZO DE 2025"},"content":{"rendered":"<p>El sistema se implementar\u00e1 de manera gradual a partir del 1 de marzo de 2025. \u201cSu implementaci\u00f3n ser\u00e1 a partir de cada deteste o movimiento de terneros\u201d, inform\u00f3 la secretar\u00eda.<\/p>\n<p>Sin embargo, la implementaci\u00f3n ser\u00e1 obligatoria para todo el rodeo al 1 de julio de 2026. En cuanto al financiamiento, el Gobierno se har\u00e1 cargo de los costos hasta cubrir el stock vigente.<\/p>\n<p>La medida se financiar\u00e1 a trav\u00e9s de organismos internacionales. Adem\u00e1s, se har\u00e1 una licitaci\u00f3n p\u00fablica internacional.<\/p>\n<p>La Secretar\u00eda de Agricultura, Ganader\u00eda y Pesca entiende que el sistema permitir\u00e1 fortalecer la producci\u00f3n y el potencial exportador de la ganader\u00eda. \u201cEsto posibilitar\u00e1 establecer la trazabilidad precisa de cada animal, desde el eslab\u00f3n primario hasta la industria frigor\u00edfica\u201d, se\u00f1al\u00f3 el Gobierno a trav\u00e9s de un comunicado.<\/p>\n<p>Con este sistema, el productor contar\u00e1 con una app por la que podr\u00e1 administrar su stock vacuno. Tendr\u00e1 la informaci\u00f3n generada en el tel\u00e9fono.<\/p>\n<p>El Gobierno se apoy\u00f3 en otros lugares en el que funciona. Cit\u00f3 los ejemplos de Uruguay y Australia, mientras que Paraguay y el estado de Par\u00e1, Brasil est\u00e1n trabajando hacia la obligatoriedad.<\/p>\n<p>\u201cCon esta iniciativa, Argentina se suma a una tendencia irreversible en el comercio mundial al tiempo que ofrece previsibilidad y garantiza algunos de los requerimientos de los pa\u00edses donde puede ingresar con su producci\u00f3n, como la Uni\u00f3n Europea, Jap\u00f3n -quien es hoy el tercer comprador de carne del mundo-, Corea del Sur y Arabia Saudita. As\u00ed, da un paso fundamental para potenciar las exportaciones y apuntalar el negocio de la ganader\u00eda argentina en el mundo\u201d, dice el comunicado.<\/p>\n","protected":false},"excerpt":{"rendered":"<p>El sistema se implementar\u00e1 de manera gradual a partir del 1 de marzo de 2025. \u201cSu implementaci\u00f3n ser\u00e1 a partir de cada deteste o movimiento de terneros\u201d, inform\u00f3 la secretar\u00eda. Sin embargo, la implementaci\u00f3n ser\u00e1 obligatoria para todo el rodeo al 1 de julio de 2026. En cuanto al financiamiento, el Gobierno se har\u00e1 cargo [&hellip;]<\/p>\n","protected":false},"author":2,"featured_media":22023,"comment_status":"closed","ping_status":"closed","sticky":false,"template":"","format":"standard","meta":{"footnotes":""},"categories":[79],"tags":[],"class_list":{"0":"post-22022","1":"post","2":"type-post","3":"status-publish","4":"format-standard","5":"has-post-thumbnail","7":"category-politica"},"_links":{"self":[{"href":"https:\/\/radiobitacora.com.ar\/web\/wp-json\/wp\/v2\/posts\/22022","targetHints":{"allow":["GET"]}}],"collection":[{"href":"https:\/\/radiobitacora.com.ar\/web\/wp-json\/wp\/v2\/posts"}],"about":[{"href":"https:\/\/radiobitacora.com.ar\/web\/wp-json\/wp\/v2\/types\/post"}],"author":[{"embeddable":true,"href":"https:\/\/radiobitacora.com.ar\/web\/wp-json\/wp\/v2\/users\/2"}],"replies":[{"embeddable":true,"href":"https:\/\/radiobitacora.com.ar\/web\/wp-json\/wp\/v2\/comments?post=22022"}],"version-history":[{"count":0,"href":"https:\/\/radiobitacora.com.ar\/web\/wp-json\/wp\/v2\/posts\/22022\/revisions"}],"wp:featuredmedia":[{"embeddable":true,"href":"https:\/\/radiobitacora.com.ar\/web\/wp-json\/wp\/v2\/media\/22023"}],"wp:attachment":[{"href":"https:\/\/radiobitacora.com.ar\/web\/wp-json\/wp\/v2\/media?parent=22022"}],"wp:term":[{"taxonomy":"category","embeddable":true,"href":"https:\/\/radiobitacora.com.ar\/web\/wp-json\/wp\/v2\/categories?post=22022"},{"taxonomy":"post_tag","embeddable":true,"href":"https:\/\/radiobitacora.com.ar\/web\/wp-json\/wp\/v2\/tags?post=22022"}],"curies":[{"name":"wp","href":"https:\/\/api.w.org\/{rel}","templated":true}]}}