{"id":22068,"date":"2024-10-21T08:51:08","date_gmt":"2024-10-21T11:51:08","guid":{"rendered":"https:\/\/radiobitacora.com.ar\/web\/?p=22068"},"modified":"2024-10-21T08:51:08","modified_gmt":"2024-10-21T11:51:08","slug":"la-industria-pyme-cayo-66-interanual-en-septiembre","status":"publish","type":"post","link":"https:\/\/radiobitacora.com.ar\/web\/2024\/10\/21\/la-industria-pyme-cayo-66-interanual-en-septiembre\/","title":{"rendered":"La industria pyme cay\u00f3 6,6% interanual en septiembre"},"content":{"rendered":"<article class=\"article-body article-body--first-paragraph content-protected-false\" data-td-script-src=\"https:\/\/www.ambito.com\/td\/modulos\/encuestas\/js\/function-embeds-min-version-1729483649.js\">La<a href=\"https:\/\/www.ambito.com\/economia\/pymes-industriales-alertaron-nueva-caida-la-produccionenagosto-n6058942\" target=\"_blank\" rel=\"follow noopener\">\u00a0<strong>actividad manufacturera de las pymes\u00a0<\/strong><\/a>descendi\u00f3 6,6% interanual en septiembre y acumula una retracci\u00f3n de 15,1% en los primeros nueve meses del a\u00f1o frente al mismo per\u00edodo de 2023.\u00a0<strong>Es la menor tasa de ca\u00edda en 10 meses y en la comparaci\u00f3n intermensual desestacionalizada se verifica un incremento del 3,7%,\u00a0<\/strong>seg\u00fan la Confederaci\u00f3n Argentina de la Mediana Empresa (CAME).<\/p>\n<\/article>\n<article class=\"article-body article-body--second-paragraph content-protected-false\">En tanto, de los 6 sectores relevados, 5 de ellos mejoraron su actividad en la comparaci\u00f3n intermensual desestacionalizada. Por su parte, el\u00a0<strong>uso de la capacidad instalada contin\u00faa siendo muy bajo.\u00a0<\/strong>Es de 60,6%, consecuencia de una actividad que sigue deprimida, especialmente en textil e indumentaria, donde se ubic\u00f3 en apenas 54,6%. Ese es justamente\u00a0<strong>uno de los principales rubros con problemas para pagar salarios,<\/strong> seg\u00fan el 24,1% de las respuestas.<\/p>\n<\/article>\n<article class=\"article-body article-body--third-paragraph content-protected-false\">\n<div id=\"7995286-Libre-1394467406_wrap\" class=\"embed_cont type_imagen\" contenteditable=\"false\">\n<div id=\"7995286-Libre-1394467406_content\" class=\"embed_content\"><img decoding=\"async\" id=\"7995286-Libre-1394467406_embed\" title=\"El uso de la capacidad instalada contin&amp;uacute;a siendo muy bajo, del 60%\" src=\"https:\/\/media.ambito.com\/p\/2ecb0969fd2a38728fe3a0fcb769feb2\/adjuntos\/239\/imagenes\/041\/901\/0041901913\/730x0\/smart\/unnamedpng.png\" alt=\"El uso de la capacidad instalada contin&amp;uacute;a siendo muy bajo, del 60%\" width=\"730\" height=\"undefined\" data-td-src-property=\"https:\/\/media.ambito.com\/p\/2ecb0969fd2a38728fe3a0fcb769feb2\/adjuntos\/239\/imagenes\/041\/901\/0041901913\/730x0\/smart\/unnamedpng.png\" \/><\/div>\n<div id=\"7995286-Libre-1394467406_epigrafe\" class=\"embed_epigrafe\">\n<p>El uso de la capacidad instalada contin\u00faa siendo muy bajo, del 60%<\/p>\n<\/div>\n<\/div>\n<h2>Industria pyme: c\u00f3mo le fue a cada sector en septiembre<\/h2>\n<p>Los seis sectores manufactureros del segmento pyme tuvieron fuertes ca\u00eddas en la comparaci\u00f3n anual,<strong>\u00a0siendo los m\u00e1s afectados \u201cPapel e Impresiones\u201d (-20,7%) y \u201cAlimentos y Bebidas\u201d (-8,3%). \u201cMaderas y muebles\u201d<\/strong>\u00a0fue el ramo que menos se retrajo (-0,6% anual).<\/p>\n<\/article>\n<article class=\"article-body article-body--fourth-paragraph content-protected-false\">1<strong>. Alimentos y bebidas<\/strong><\/p>\n<\/article>\n<article class=\"article-body article-body--remaining-paragraph content-protected-false\">El sector registr\u00f3 un declive de 8,3% anual a precios constantes en septiembre y una mejora de 1,9% en la comparaci\u00f3n mensual. Para los primeros nueve meses del a\u00f1o acumula una baja de 15,5% anual. Las industrias operaron con 62,2% de su capacidad instalada.<\/p>\n<p>2.\u00a0<strong>Textiles e indumentaria<\/strong><\/p>\n<p>La producci\u00f3n se retrajo 7,3% anual y -0,8% frente a agosto. En el tramo de los primeros nueve meses del 2024 lleva una retracci\u00f3n de 4,6%. Las f\u00e1bricas trabajaron con 54,6% de su capacidad instalada, siendo el rubro con menos uso de sus instalaciones en el mes.<\/p>\n<p><strong>3.<\/strong><strong>Maderas y muebles<\/strong><\/p>\n<p>En septiembre, el sector se retrajo 0,6%, siempre anual y a precios constantes, y creci\u00f3 2,8% en la comparaci\u00f3n mensual desestacionalizada. En el per\u00edodo enero-septiembre la actividad disminuy\u00f3 13,3% frente a iguales meses del a\u00f1o pasado.<\/p>\n<p><strong>4.<\/strong><strong>Metal, maquinaria y equipo, y material de transporte<\/strong><\/p>\n<p>Hubo una disminuci\u00f3n de 2,6% en septiembre, y creci\u00f3 5,4% en la comparaci\u00f3n mensual. En los primeros nueve meses del a\u00f1o acumula una ca\u00edda de 16%, siempre frente al mismo per\u00edodo de 2023. Las industrias operaron al 60,1% de su capacidad instalada.<\/p>\n<p><strong>5.<\/strong><strong>Qu\u00edmicos y pl\u00e1sticos<\/strong><\/p>\n<p>El sector experiment\u00f3 una contracci\u00f3n del 8%, y un repunte de 5,3% en el contraste mensual. Hasta septiembre se registra un retroceso de 21%, contra 2023. Durante este mes, las industrias ocuparon el 63,7% de su capacidad instalada.<\/p>\n<p><strong>6. Papel e impresiones<\/strong><\/p>\n<p>La actividad se retrajo 20,7% anual a precios constantes, siendo el sector con mayor retroceso. En t\u00e9rminos mensuales, sin embargo, tuvo un incremento de 9,1%, constituy\u00e9ndose, as\u00ed como el sector con mayor recuperaci\u00f3n frente a agosto. Para los primeros nueve meses del a\u00f1o, la actividad acumula una ca\u00edda de 16,8% frente a los mismos meses del a\u00f1o pasado. Las empresas operaron con 59,4% de su capacidad instalada.<\/p>\n<div id=\"7995288-Libre-1932688106_wrap\" class=\"embed_cont type_imagen\" contenteditable=\"false\">\n<div id=\"7995288-Libre-1932688106_content\" class=\"embed_content\"><img decoding=\"async\" id=\"7995288-Libre-1932688106_embed\" title=\"Los seis sectores manufactureros del segmento pyme tuvieron fuertes ca\u00eddas en la comparaci\u00f3n anual, pero una mejora en el an\u00e1lisis mensual.\" src=\"https:\/\/media.ambito.com\/p\/ee9eda06e236af5aec5598012520bb98\/adjuntos\/239\/imagenes\/041\/901\/0041901915\/730x0\/smart\/unnamed-2png.png\" alt=\"Los seis sectores manufactureros del segmento pyme tuvieron fuertes ca\u00eddas en la comparaci\u00f3n anual, pero una mejora en el an\u00e1lisis mensual.\" width=\"730\" height=\"undefined\" data-td-src-property=\"https:\/\/media.ambito.com\/p\/ee9eda06e236af5aec5598012520bb98\/adjuntos\/239\/imagenes\/041\/901\/0041901915\/730x0\/smart\/unnamed-2png.png\" \/><\/div>\n<div id=\"7995288-Libre-1932688106_epigrafe\" class=\"embed_epigrafe\">\n<p>Los seis sectores manufactureros del segmento pyme tuvieron fuertes ca\u00eddas en la comparaci\u00f3n anual, pero una mejora en el an\u00e1lisis mensual.<\/p>\n<\/div>\n<\/div>\n<h2><strong>La opini\u00f3n de las empresas, seg\u00fan CAME<\/strong><\/h2>\n<p>La medida m\u00e1s destacada que esperan las industrias pymes es la<strong>\u00a0reducci\u00f3n de impuestos (nacionales y provinciales)\u00a0<\/strong>y de tasas municipales. Ese reclamo conjunto representa el 59,8% de las respuestas, seguida por el est\u00edmulo a la demanda interna con un 13,9%.<\/p>\n<p>Las empresas est\u00e1n m\u00e1s preocupadas por los altos costos ajenos al proceso productivo que por la ca\u00edda en la producci\u00f3n en s\u00ed, donde de alguna manera esperan una<strong>\u00a0pronta recuperaci\u00f3n.<\/strong><\/p>\n<p><strong>La generaci\u00f3n de incentivos para la contrataci\u00f3n de personal\u00a0<\/strong>ocupa el cuarto lugar de las decisiones que se consideran m\u00e1s efectivas para las pymes en el corto plazo, con 8% de las respuestas. De todos modos, ese porcentaje fue bajando en los \u00faltimos meses por la menor intenci\u00f3n de contratar personal frente a la ca\u00edda en la actividad.<\/p>\n<p>Asimismo,\u00a0<strong>en septiembre los obst\u00e1culos identificados por los empresarios son la falta de ventas,<\/strong>\u00a0que representa el 41,3% de las respuestas y contin\u00faa en el primer puesto, junto con los altos costos de producci\u00f3n y log\u00edstica, que constituyen el 36,5%. Estos dos factores se destacan como las dificultades m\u00e1s significativas para el crecimiento y la estabilidad de las pymes.<\/p>\n<p>Frente a un contexto de baja demanda y altos costos fijos<strong>, el 32,6% de las empresas consultadas estuvo reduciendo gastos<\/strong>\u00a0operativos. En tanto, otro 30,4% diversific\u00f3 su fabricaci\u00f3n, incorporando nuevos productos y la prestaci\u00f3n de servicios adicionales a su actividad habitual. A su vez, el 11% de las industrias redujo horas laborales.<\/p>\n<p>Con respecto a la distribuci\u00f3n de empresas industriales pymes que\u00a0<strong>experimentaron dificultades para pagar salarios,<\/strong>\u00a0durante septiembre, desglosado por rubro, se observa que el\u00a0<strong>sector &#8220;Textil e indumentaria&#8221; lidera con el 24,1%<\/strong>\u00a0de las empresas reportando problemas. Detr\u00e1s ubica &#8220;Metal, maquinaria y equipo, y material de transporte&#8221; con el 22,4%. Otros ramos afectados incluyen &#8220;Alimentos y bebidas&#8221; (17,2%) y &#8220;Qu\u00edmicos y pl\u00e1sticos&#8221; (15,5%). Por su parte, los rubros &#8220;Madera y muebles&#8221; y &#8220;Papel e impresiones&#8221; presentaron la menor proporci\u00f3n de empresas con problemas, ambos con un 10,3%. Se observa que las presiones se concentran principalmente en sectores intensivos en mano de obra y con alta exposici\u00f3n a costos variables vol\u00e1tiles.<\/p>\n<\/article>\n","protected":false},"excerpt":{"rendered":"<p>La\u00a0actividad manufacturera de las pymes\u00a0descendi\u00f3 6,6% interanual en septiembre y acumula una retracci\u00f3n de 15,1% en los primeros nueve meses del a\u00f1o frente al mismo per\u00edodo de 2023.\u00a0Es la menor tasa de ca\u00edda en 10 meses y en la comparaci\u00f3n intermensual desestacionalizada se verifica un incremento del 3,7%,\u00a0seg\u00fan la Confederaci\u00f3n Argentina de la Mediana Empresa [&hellip;]<\/p>\n","protected":false},"author":2,"featured_media":22069,"comment_status":"closed","ping_status":"closed","sticky":false,"template":"","format":"standard","meta":{"footnotes":""},"categories":[65],"tags":[],"class_list":{"0":"post-22068","1":"post","2":"type-post","3":"status-publish","4":"format-standard","5":"has-post-thumbnail","7":"category-economia"},"_links":{"self":[{"href":"https:\/\/radiobitacora.com.ar\/web\/wp-json\/wp\/v2\/posts\/22068","targetHints":{"allow":["GET"]}}],"collection":[{"href":"https:\/\/radiobitacora.com.ar\/web\/wp-json\/wp\/v2\/posts"}],"about":[{"href":"https:\/\/radiobitacora.com.ar\/web\/wp-json\/wp\/v2\/types\/post"}],"author":[{"embeddable":true,"href":"https:\/\/radiobitacora.com.ar\/web\/wp-json\/wp\/v2\/users\/2"}],"replies":[{"embeddable":true,"href":"https:\/\/radiobitacora.com.ar\/web\/wp-json\/wp\/v2\/comments?post=22068"}],"version-history":[{"count":0,"href":"https:\/\/radiobitacora.com.ar\/web\/wp-json\/wp\/v2\/posts\/22068\/revisions"}],"wp:featuredmedia":[{"embeddable":true,"href":"https:\/\/radiobitacora.com.ar\/web\/wp-json\/wp\/v2\/media\/22069"}],"wp:attachment":[{"href":"https:\/\/radiobitacora.com.ar\/web\/wp-json\/wp\/v2\/media?parent=22068"}],"wp:term":[{"taxonomy":"category","embeddable":true,"href":"https:\/\/radiobitacora.com.ar\/web\/wp-json\/wp\/v2\/categories?post=22068"},{"taxonomy":"post_tag","embeddable":true,"href":"https:\/\/radiobitacora.com.ar\/web\/wp-json\/wp\/v2\/tags?post=22068"}],"curies":[{"name":"wp","href":"https:\/\/api.w.org\/{rel}","templated":true}]}}