{"id":22074,"date":"2024-10-21T08:58:48","date_gmt":"2024-10-21T11:58:48","guid":{"rendered":"https:\/\/radiobitacora.com.ar\/web\/?p=22074"},"modified":"2024-10-21T08:58:48","modified_gmt":"2024-10-21T11:58:48","slug":"dolar-cepo-y-regulaciones-que-pistas-dejo-el-gobierno-a-los-empresarios-sobre-lo-que-viene-en-el-plan-economico","status":"publish","type":"post","link":"https:\/\/radiobitacora.com.ar\/web\/2024\/10\/21\/dolar-cepo-y-regulaciones-que-pistas-dejo-el-gobierno-a-los-empresarios-sobre-lo-que-viene-en-el-plan-economico\/","title":{"rendered":"D\u00f3lar, cepo y regulaciones: qu\u00e9 pistas dej\u00f3 el Gobierno a los empresarios sobre lo que viene en el plan econ\u00f3mico"},"content":{"rendered":"<p class=\"paragraph\" data-mrf-recirculation=\"Links inline\"><i><b>Desde Mar del Plata &#8211;<\/b><\/i>\u00a0El presidente\u00a0<b>Javier Milei\u00a0<\/b>y la mayor parte del equipo econ\u00f3mico aprovecharon la cita empresaria de fin de a\u00f1o en el\u00a0<b>Coloquio de IDEA<\/b>\u00a0y dejaron, en distintas visitas rel\u00e1mpago, algunas definiciones sobre<b>\u00a0lo que viene\u00a0<\/b>del plan de gobierno. Arriba del escenario o en almuerzos privados el Poder Ejecutivo anticip\u00f3 que habr\u00e1 continuidad en ejes decisivos de la hoja de ruta, principalmente en lo cambiario, y sugiri\u00f3 que hay cambios en carpeta para los pr\u00f3ximos meses.<\/p>\n<p class=\"paragraph\" data-mrf-recirculation=\"Links inline\">El \u00faltimo mensaje en ese sentido lo dio el propio jefe de Estado, que anticip\u00f3 que habr\u00e1 una\u00a0<b>\u201coleada de inversiones\u201d<\/b>, como concluy\u00f3 tras hacer una extensa explicaci\u00f3n de por qu\u00e9 la Argentina tiene fundamentos financieros para dar luz verde a un despegue de la inversi\u00f3n. Si bien mencion\u00f3 que hay ya anunciados USD 50.000 millones v\u00eda el RIGI, el registro oficial para la inscripci\u00f3n de proyectos reci\u00e9n est\u00e1 en proceso de apertura.<\/p>\n<div class=\"inline ad-wrapper\">\n<div class=\"dfpAd ad-inline\">\n<div id=\"infobae\/economia\/nota\/inline\" class=\"infobae\/economia\/nota\/inline arcad up-show\" data-google-query-id=\"CKH4_Ly1n4kDFUxV3QIdaeARfA\">\n<div id=\"google_ads_iframe_\/1058609\/infobae\/economia\/nota\/inline_0__container__\"><iframe loading=\"lazy\" id=\"google_ads_iframe_\/1058609\/infobae\/economia\/nota\/inline_0\" tabindex=\"0\" title=\"3rd party ad content\" src=\"https:\/\/2bdd76507e353bd995b0defce4e1d75a.safeframe.googlesyndication.com\/safeframe\/1-0-40\/html\/container.html?upapi=true\" name=\"\" width=\"717\" height=\"60\" frameborder=\"0\" marginwidth=\"0\" marginheight=\"0\" scrolling=\"no\" sandbox=\"allow-forms allow-popups allow-popups-to-escape-sandbox allow-same-origin allow-scripts allow-top-navigation-by-user-activation\" data-is-safeframe=\"true\" aria-label=\"Advertisement\" data-google-container-id=\"a\" data-load-complete=\"true\" data-mce-fragment=\"1\"><\/iframe><\/p>\n<div class=\"upo-label\">AD<\/div>\n<\/div>\n<\/div>\n<\/div>\n<\/div>\n<p class=\"paragraph\" data-mrf-recirculation=\"Links inline\">Otras voces en el equipo econ\u00f3mico aseguran que el efecto macroecon\u00f3mico de las grandes inversiones del RIGI reci\u00e9n se cristalizar\u00e1 a mediano o largo plazo y no ser\u00e1 inmediato. Para llegar hasta ese momento el Gobierno se apoyar\u00e1 en los d\u00f3lares que ingresen al sistema financiero local por a trav\u00e9s del\u00a0<b>blanqueo de capitales<\/b>.<\/p>\n<p class=\"paragraph\" data-mrf-recirculation=\"Links inline\">Esa fue la idea que plante\u00f3 el presidente del Banco Central\u00a0<b>Santiago Bausili<\/b>\u00a0en un almuerzo paralelo al Coloquio -pero organizado por un grupo de auspiciantes que participaron del evento-, en lo que fue la exposici\u00f3n central del equipo econ\u00f3mico en los tres d\u00edas de encuentro en la Costa Atl\u00e1ntica. Bausili estim\u00f3 que la exteriorizaci\u00f3n de activos -por dep\u00f3sitos de efectivo, una ventana que terminar\u00e1 a fin de mes- ya suma unos\u00a0<b>USD 14.500 millones<\/b>.<\/p>\n<div class=\"blockquote\">\n<blockquote class=\"color_figcaption\"><p>Para llegar hasta el momento en que el RIGI tenga un efecto macro considerable el Gobierno se apoyar\u00e1 en los d\u00f3lares que ingresen al sistema financiero local por a trav\u00e9s del blanqueo de capitales<\/p><\/blockquote>\n<\/div>\n<div class=\"inline_2_DSK ad-wrapper ad-desktop\">\n<div class=\"dfpAd ad-inline\">\n<div id=\"infobae\/economia\/nota\/inline_2_DSK\" class=\"infobae\/economia\/nota\/inline_2_DSK arcad up-show\" data-google-query-id=\"CK6jqL21n4kDFbhU3QIdmkUKaw\">\n<div id=\"google_ads_iframe_\/1058609\/infobae\/economia\/nota\/inline_2_DSK_0__container__\"><iframe loading=\"lazy\" id=\"google_ads_iframe_\/1058609\/infobae\/economia\/nota\/inline_2_DSK_0\" tabindex=\"0\" title=\"3rd party ad content\" src=\"https:\/\/2bdd76507e353bd995b0defce4e1d75a.safeframe.googlesyndication.com\/safeframe\/1-0-40\/html\/container.html?upapi=true\" name=\"\" width=\"717\" height=\"60\" frameborder=\"0\" marginwidth=\"0\" marginheight=\"0\" scrolling=\"no\" sandbox=\"allow-forms allow-popups allow-popups-to-escape-sandbox allow-same-origin allow-scripts allow-top-navigation-by-user-activation\" data-is-safeframe=\"true\" aria-label=\"Advertisement\" data-google-container-id=\"7\" data-load-complete=\"true\" data-mce-fragment=\"1\"><\/iframe><\/p>\n<div class=\"upo-label\">AD<\/div>\n<\/div>\n<\/div>\n<\/div>\n<\/div>\n<p class=\"paragraph\" data-mrf-recirculation=\"Links inline\">Hay un mecanismo que Bausili explic\u00f3 ante el reducido grupo de ejecutivos que accedieron al encuentro cerrado en el Torre\u00f3n del Monje, por el cual el blanqueo pasa en una primera instancia de ser dinero en efectivo en cajas fuerte a convertirse al final del camino en\u00a0<b>reservas netas<\/b> en el Banco Central.<\/p>\n<div class=\" visual__image\"><picture><source srcset=\"https:\/\/www.infobae.com\/resizer\/v2\/V6ZHQYTUUBE7LO7NRQNNPY7SRE.jpg?auth=cafe5fb4c792743dd6b39c76b812cb63e5a9fc57394faf0a7af96a7d06abf25f&amp;smart=true&amp;width=992&amp;height=558&amp;quality=85\" media=\"(min-width: 1000px)\" \/><source srcset=\"https:\/\/www.infobae.com\/resizer\/v2\/V6ZHQYTUUBE7LO7NRQNNPY7SRE.jpg?auth=cafe5fb4c792743dd6b39c76b812cb63e5a9fc57394faf0a7af96a7d06abf25f&amp;smart=true&amp;width=768&amp;height=432&amp;quality=85\" media=\"(min-width: 768px)\" \/><source srcset=\"https:\/\/www.infobae.com\/resizer\/v2\/V6ZHQYTUUBE7LO7NRQNNPY7SRE.jpg?auth=cafe5fb4c792743dd6b39c76b812cb63e5a9fc57394faf0a7af96a7d06abf25f&amp;smart=true&amp;width=577&amp;height=325&amp;quality=85\" media=\"(min-width: 580px)\" \/><source srcset=\"https:\/\/www.infobae.com\/resizer\/v2\/V6ZHQYTUUBE7LO7NRQNNPY7SRE.jpg?auth=cafe5fb4c792743dd6b39c76b812cb63e5a9fc57394faf0a7af96a7d06abf25f&amp;smart=true&amp;width=420&amp;height=236&amp;quality=85\" media=\"(min-width: 350px)\" \/><source srcset=\"https:\/\/www.infobae.com\/resizer\/v2\/V6ZHQYTUUBE7LO7NRQNNPY7SRE.jpg?auth=cafe5fb4c792743dd6b39c76b812cb63e5a9fc57394faf0a7af96a7d06abf25f&amp;smart=true&amp;width=350&amp;height=197&amp;quality=85\" media=\"(min-width: 80px)\" \/><img loading=\"lazy\" decoding=\"async\" class=\"global-image\" src=\"https:\/\/www.infobae.com\/resizer\/v2\/V6ZHQYTUUBE7LO7NRQNNPY7SRE.jpg?auth=cafe5fb4c792743dd6b39c76b812cb63e5a9fc57394faf0a7af96a7d06abf25f&amp;smart=true&amp;width=350&amp;height=197&amp;quality=85\" alt=\"El Gobierno dej\u00f3 saber algunos de los pr\u00f3ximos pasos de pol\u00edtica econ\u00f3mica ante los empresarios en IDEA (Christian Heit)\" width=\"2048\" height=\"1154\" \/><\/picture>El Gobierno dej\u00f3 saber algunos de los pr\u00f3ximos pasos de pol\u00edtica econ\u00f3mica ante los empresarios en IDEA (Christian Heit)<\/div>\n<p class=\"paragraph\" data-mrf-recirculation=\"Links inline\">El primer efecto es en las reservas brutas, ya que cuando los dep\u00f3sitos en moneda extranjera empiezan a acumularse en la tesorer\u00eda de los bancos, estos destinan una parte a los encajes depositados en la autoridad monetaria. El pasaje a reservas netas se da cuando los bancos dan\u00a0<b>pr\u00e9stamos en d\u00f3lares<\/b>, divisas que se liquidan en el mercado oficial. Es el momento en que aparece el BCRA comprando en el Mercado Libre de Cambios (MLC) para engrosar sus arcas.<\/p>\n<p class=\"paragraph\" data-mrf-recirculation=\"Links inline\">\u201cCon las compras de reservas que hicieron en septiembre y octubre por el blanqueo vieron que ten\u00edan espalda y flujo suficiente para liberar algo m\u00e1s de importaciones\u201d, cont\u00f3 un joven CEO ligado al sector fabril y que asisti\u00f3 al almuerzo con Bausili y los secretarios coordinadores\u00a0<b>Juan Pazo<\/b>\u00a0y\u00a0<b>Daniel Gonz\u00e1lez<\/b>.<\/p>\n<p class=\"paragraph\" data-mrf-recirculation=\"Links inline\">M\u00e1s de uno se fue del encuentro con la sensaci\u00f3n de que el Gobierno no se siente inc\u00f3modo con el cepo, en la medida que no implique un ahogo a la actividad econ\u00f3mica. Es por eso que, con cada vez m\u00e1s insistencia, el equipo econ\u00f3mico hace \u00e9nfasis en que la econom\u00eda puede crecer a pesar de tener controles de cambios. \u201cNos dijeron:\u00a0<b>primero importaciones, segundo el flujo de inversiones y tercero el giro de utilidades al exterior<\/b>\u201d, describi\u00f3 otro asistente al almuerzo la hoja de ruta de salida secuencial del cepo.<\/p>\n<div class=\"blockquote\">\n<blockquote class=\"color_figcaption\"><p>La secuencia de salida del cepo por etapas ser\u00eda primero con una liberaci\u00f3n total para el pago de importaciones, luego el flujo de inversiones y en tercer lugar el giro de utilidades al exterior<\/p><\/blockquote>\n<\/div>\n<p class=\"paragraph\" data-mrf-recirculation=\"Links inline\">Lo que no apareci\u00f3, ni en los discursos ni en las reuniones a puertas cerradas es el\u00a0<i>timing<\/i>\u00a0de esa secuencia.\u00a0<b>Luis Caputo<\/b>\u00a0relativiz\u00f3 el mi\u00e9rcoles la cuesti\u00f3n de en qu\u00e9 momento suceder\u00e1, pero este viernes Milei desliz\u00f3 alguna pista sobre los pr\u00f3ximos pasos. Fue cuando habl\u00f3 de la inflaci\u00f3n mayorista, que el Indec inform\u00f3 en 2% en septiembre. Qued\u00f3, as\u00ed, igualado al ritmo de\u00a0<i>crawling peg<\/i>, algo que guarda su l\u00f3gica, porque en esa medici\u00f3n hay un peso importante de los bienes importados<\/p>\n<p class=\"paragraph\" data-mrf-recirculation=\"Links inline\">\u201cEsperen a lo que pase con el \u00edndice al consumidor y van a ver qu\u00e9 hacemos con el cepo\u201d, dijo al pasar el presidente en su discurso de cierre del Coloquio. La presunci\u00f3n, ya alguna vez explicada en p\u00fablico pero que tuvo variantes en los \u00faltimos meses, es que cuando el IPC \u201cdel programa econ\u00f3mico\u201d (es decir sin contar un 2% de \u201cbase\u201d por el crawling y un 0,5% de inflaci\u00f3n \u201cimportada\u201d, seg\u00fan el razonamiento que reitera Milei) sea 0%, eso implicar\u00e1 una\u00a0<b>se\u00f1al de inminencia<\/b>\u00a0de levantamiento del cepo.<\/p>\n<div class=\" visual__image\"><picture><source srcset=\"https:\/\/www.infobae.com\/resizer\/v2\/GT2BTMGRIJB2PMBC7ZGFOLNQZU.jpg?auth=1dbe5cf3fc507fba3739286bf591c284c53f6f4fb4bd27cb437816d9828065d4&amp;smart=true&amp;width=992&amp;height=558&amp;quality=85\" media=\"(min-width: 1000px)\" \/><source srcset=\"https:\/\/www.infobae.com\/resizer\/v2\/GT2BTMGRIJB2PMBC7ZGFOLNQZU.jpg?auth=1dbe5cf3fc507fba3739286bf591c284c53f6f4fb4bd27cb437816d9828065d4&amp;smart=true&amp;width=768&amp;height=432&amp;quality=85\" media=\"(min-width: 768px)\" \/><source srcset=\"https:\/\/www.infobae.com\/resizer\/v2\/GT2BTMGRIJB2PMBC7ZGFOLNQZU.jpg?auth=1dbe5cf3fc507fba3739286bf591c284c53f6f4fb4bd27cb437816d9828065d4&amp;smart=true&amp;width=577&amp;height=325&amp;quality=85\" media=\"(min-width: 580px)\" \/><source srcset=\"https:\/\/www.infobae.com\/resizer\/v2\/GT2BTMGRIJB2PMBC7ZGFOLNQZU.jpg?auth=1dbe5cf3fc507fba3739286bf591c284c53f6f4fb4bd27cb437816d9828065d4&amp;smart=true&amp;width=420&amp;height=236&amp;quality=85\" media=\"(min-width: 350px)\" \/><source srcset=\"https:\/\/www.infobae.com\/resizer\/v2\/GT2BTMGRIJB2PMBC7ZGFOLNQZU.jpg?auth=1dbe5cf3fc507fba3739286bf591c284c53f6f4fb4bd27cb437816d9828065d4&amp;smart=true&amp;width=350&amp;height=197&amp;quality=85\" media=\"(min-width: 80px)\" \/><img loading=\"lazy\" decoding=\"async\" class=\"global-image\" src=\"https:\/\/www.infobae.com\/resizer\/v2\/GT2BTMGRIJB2PMBC7ZGFOLNQZU.jpg?auth=1dbe5cf3fc507fba3739286bf591c284c53f6f4fb4bd27cb437816d9828065d4&amp;smart=true&amp;width=350&amp;height=197&amp;quality=85\" alt=\"Milei areng\u00f3 a los empresarios a que inviertan para darle solidez al programa econ\u00f3mico del Gobierno. NA\" width=\"1920\" height=\"1080\" \/><\/picture>Milei areng\u00f3 a los empresarios a que inviertan para darle solidez al programa econ\u00f3mico del Gobierno. NA<\/div>\n<p class=\"paragraph\" data-mrf-recirculation=\"Links inline\">Todo esto se dio en el marco de un evento en el que sobrevol\u00f3 un\u00a0<b>apoyo mayoritario y con pocas objeciones<\/b>\u00a0al Gobierno y al plan econ\u00f3mico. Es cierto que el evento anual de IDEA se realiz\u00f3, adem\u00e1s, en un momento de clima favorable para los activos argentinos.<\/p>\n<p class=\"paragraph\" data-mrf-recirculation=\"Links inline\">Un informe de la city que circul\u00f3 entre los ejecutivos explic\u00f3 por qu\u00e9 el \u2018veranito\u2019 se parece a una tendencia: \u201cEl CCL lleg\u00f3 a su nivel m\u00e1s bajo en a\u00f1os de cepo y los Globales volaron 20% en un mes y medio. Quiz\u00e1s lo m\u00e1s interesante de todo es que la fortaleza del peso y el\u00a0<i>rally<\/i>\u00a0de los activos financieros locales se dio en un contexto de debilidad de la deuda emergente\u201d, mencion\u00f3 1816, una de las consultoras m\u00e1s escuchadas en la plaza financiera local.<\/p>\n<p class=\"paragraph\" data-mrf-recirculation=\"Links inline\">En t\u00e9rminos regulatorios, el Gobierno anticip\u00f3 que como parte de una nueva etapa de la motosierra de ajuste del gasto, avanzar\u00e1 sobre cuestiones regulatorias, de empleo p\u00fablico, privatizaciones, implementaci\u00f3n de reformas que ya haya aprobado el Congreso. Mercado aeron\u00e1utico, normativas de navegaci\u00f3n y mercado laboral asoman en la mira.\u00a0<b>Federico Sturzenegger<\/b>\u00a0les dijo a los ejecutivos en Mar del Plata que buscar\u00e1 qu\u00e9 tareas que hace el Estado es necesario que las siga realizando y en cu\u00e1les puede dejarle terreno solo al sector privado.<\/p>\n<p class=\"paragraph\" data-mrf-recirculation=\"Links inline\">Una duda que s\u00ed sostiene el c\u00edrculo rojo es qu\u00e9 suceder\u00e1 primero: la salida del cepo o el inicio de la baja de la presi\u00f3n impositiva, v\u00eda impuesto al cheque o retenciones. La cuesti\u00f3n est\u00e1 planteada porque el Gobierno necesitar\u00e1 en 2025 el equilibrio fiscal tanto como este a\u00f1o adem\u00e1s de asegurar que no haya sobresaltos financieros antes de las elecciones legislativas del a\u00f1o pr\u00f3ximo.<\/p>\n<p class=\"paragraph\" data-mrf-recirculation=\"Links inline\">\u201cCreo que\u00a0<b>deben ser simult\u00e1neos<\/b>\u00a0porque son procesos que van de la mano, no es una sola medida. Tanto la salida del cepo como la eliminaci\u00f3n de impuestos distorsivos, sea por baja o sea por sustituci\u00f3n, son procesos que se van dando en la medida del tiempo. Lo que hay que privilegiar es la salud de la macroeconom\u00eda, que termine de estabilizarse, el equilibrio fiscal, y reci\u00e9n a partir de ah\u00ed se puede seguir andando el camino\u201d, dijo a\u00a0<b>Infobae Santiago Mignone<\/b>, de PwC y presidente de IDEA.<\/p>\n<p class=\"paragraph\" data-mrf-recirculation=\"Links inline\">La marcha de la econom\u00eda real tambi\u00e9n estuvo en discusi\u00f3n, arriba del escenario y debajo, caf\u00e9 en mano, entre los hombres y mujeres de negocios en conversaciones fuera de micr\u00f3fono. Uno que hizo referencia a un sector clave como el industrial dio su impresi\u00f3n en di\u00e1logo con este medio: \u201cVemos que lo peor de la ca\u00edda de la actividad ya pas\u00f3, y que en agosto y septiembre hay una tendencia de mejora. A medida que aumente el cr\u00e9dito van a crecer las inversiones\u201d, coment\u00f3\u00a0<b>Federico Amos<\/b>, CEO de ArcelorMittal Acindar.<\/p>\n<p class=\"paragraph\" data-mrf-recirculation=\"Links inline\">En ese contexto, el equipo econ\u00f3mico tambi\u00e9n ratific\u00f3, como es de rigor, la continuidad de otros aspectos de la pol\u00edtica oficial: el d\u00f3lar seguir\u00e1 actualiz\u00e1ndose por debajo de la inflaci\u00f3n: no habr\u00e1 devaluaci\u00f3n para apurar un cierre de la brecha. Y no hubo precisiones sobre el nivel de avance en las conversaciones con el\u00a0<b>Fondo Monetario Internacional<\/b>. Hay respuestas que el Gobierno todav\u00eda se guarda bajo la manga.<\/p>\n","protected":false},"excerpt":{"rendered":"<p>Desde Mar del Plata &#8211;\u00a0El presidente\u00a0Javier Milei\u00a0y la mayor parte del equipo econ\u00f3mico aprovecharon la cita empresaria de fin de a\u00f1o en el\u00a0Coloquio de IDEA\u00a0y dejaron, en distintas visitas rel\u00e1mpago, algunas definiciones sobre\u00a0lo que viene\u00a0del plan de gobierno. Arriba del escenario o en almuerzos privados el Poder Ejecutivo anticip\u00f3 que habr\u00e1 continuidad en ejes decisivos [&hellip;]<\/p>\n","protected":false},"author":2,"featured_media":22075,"comment_status":"closed","ping_status":"closed","sticky":false,"template":"","format":"standard","meta":{"footnotes":""},"categories":[65],"tags":[],"class_list":{"0":"post-22074","1":"post","2":"type-post","3":"status-publish","4":"format-standard","5":"has-post-thumbnail","7":"category-economia"},"_links":{"self":[{"href":"https:\/\/radiobitacora.com.ar\/web\/wp-json\/wp\/v2\/posts\/22074","targetHints":{"allow":["GET"]}}],"collection":[{"href":"https:\/\/radiobitacora.com.ar\/web\/wp-json\/wp\/v2\/posts"}],"about":[{"href":"https:\/\/radiobitacora.com.ar\/web\/wp-json\/wp\/v2\/types\/post"}],"author":[{"embeddable":true,"href":"https:\/\/radiobitacora.com.ar\/web\/wp-json\/wp\/v2\/users\/2"}],"replies":[{"embeddable":true,"href":"https:\/\/radiobitacora.com.ar\/web\/wp-json\/wp\/v2\/comments?post=22074"}],"version-history":[{"count":0,"href":"https:\/\/radiobitacora.com.ar\/web\/wp-json\/wp\/v2\/posts\/22074\/revisions"}],"wp:featuredmedia":[{"embeddable":true,"href":"https:\/\/radiobitacora.com.ar\/web\/wp-json\/wp\/v2\/media\/22075"}],"wp:attachment":[{"href":"https:\/\/radiobitacora.com.ar\/web\/wp-json\/wp\/v2\/media?parent=22074"}],"wp:term":[{"taxonomy":"category","embeddable":true,"href":"https:\/\/radiobitacora.com.ar\/web\/wp-json\/wp\/v2\/categories?post=22074"},{"taxonomy":"post_tag","embeddable":true,"href":"https:\/\/radiobitacora.com.ar\/web\/wp-json\/wp\/v2\/tags?post=22074"}],"curies":[{"name":"wp","href":"https:\/\/api.w.org\/{rel}","templated":true}]}}