{"id":22093,"date":"2024-10-22T10:27:49","date_gmt":"2024-10-22T13:27:49","guid":{"rendered":"https:\/\/radiobitacora.com.ar\/web\/?p=22093"},"modified":"2024-10-22T10:27:49","modified_gmt":"2024-10-22T13:27:49","slug":"expo-ambiente-municipio-busca-generar-conciencia-ambientalista-y-compromiso-ciudadano","status":"publish","type":"post","link":"https:\/\/radiobitacora.com.ar\/web\/2024\/10\/22\/expo-ambiente-municipio-busca-generar-conciencia-ambientalista-y-compromiso-ciudadano\/","title":{"rendered":"EXPO AMBIENTE: MUNICIPIO BUSCA GENERAR CONCIENCIA AMBIENTALISTA Y COMPROMISO CIUDADANO"},"content":{"rendered":"<p>Finalizada la presentaci\u00f3n de esta propuesta educativa ecol\u00f3gica en el Sal\u00f3n de Acuerdos, los periodistas dirigieron sus consultas al intendente municipal y a los funcionarios que acompa\u00f1aron esta iniciativa.<\/p>\n<p>En la oportunidad se dej\u00f3 clara la decisi\u00f3n de la gesti\u00f3n de encarar como una pol\u00edtica p\u00fablica de estado la cuesti\u00f3n ambiental en la ciudad.<\/p>\n<p>Asimismo, se rese\u00f1\u00f3 el trabajo que se realiza en el vertedero controlado, la implantaci\u00f3n de especies arb\u00f3reas y ornamentales en las inauguraciones de obras, en los espacios p\u00fablicos recuperados y valorizados, sobre lo cual se indic\u00f3 que conlleva una con responsabilidad del municipio y de los ciudadanos, para el cuidado de las especies, de los recursos, cumplir con los horarios para sacar los residuos\u2026, entre otras consideraciones que remarcan la necesidad de la cuota de responsabilidad social del vecino.<img loading=\"lazy\" decoding=\"async\" class=\"size-medium wp-image-69433 alignright entered lazyloaded\" src=\"https:\/\/883radiociudad.gob.ar\/wp-content\/uploads\/2024\/10\/expo-ambiente-y-botellas-de-amor-1-300x169.jpg.webp\" sizes=\"auto, (max-width: 300px) 100vw, 300px\" srcset=\"https:\/\/883radiociudad.gob.ar\/wp-content\/uploads\/2024\/10\/expo-ambiente-y-botellas-de-amor-1-300x169.jpg.webp 300w, https:\/\/883radiociudad.gob.ar\/wp-content\/uploads\/2024\/10\/expo-ambiente-y-botellas-de-amor-1-1024x577.jpg.webp 1024w, https:\/\/883radiociudad.gob.ar\/wp-content\/uploads\/2024\/10\/expo-ambiente-y-botellas-de-amor-1-768x432.jpg.webp 768w, https:\/\/883radiociudad.gob.ar\/wp-content\/uploads\/2024\/10\/expo-ambiente-y-botellas-de-amor-1-1536x865.jpg.webp 1536w, https:\/\/883radiociudad.gob.ar\/wp-content\/uploads\/2024\/10\/expo-ambiente-y-botellas-de-amor-1.jpg.webp 1600w\" alt=\"\" width=\"300\" height=\"169\" data-lazy-srcset=\"https:\/\/883radiociudad.gob.ar\/wp-content\/uploads\/2024\/10\/expo-ambiente-y-botellas-de-amor-1-300x169.jpg.webp 300w, https:\/\/883radiociudad.gob.ar\/wp-content\/uploads\/2024\/10\/expo-ambiente-y-botellas-de-amor-1-1024x577.jpg.webp 1024w, https:\/\/883radiociudad.gob.ar\/wp-content\/uploads\/2024\/10\/expo-ambiente-y-botellas-de-amor-1-768x432.jpg.webp 768w, https:\/\/883radiociudad.gob.ar\/wp-content\/uploads\/2024\/10\/expo-ambiente-y-botellas-de-amor-1-1536x865.jpg.webp 1536w, https:\/\/883radiociudad.gob.ar\/wp-content\/uploads\/2024\/10\/expo-ambiente-y-botellas-de-amor-1.jpg.webp 1600w\" data-lazy-sizes=\"(max-width: 300px) 100vw, 300px\" data-lazy-src=\"https:\/\/883radiociudad.gob.ar\/wp-content\/uploads\/2024\/10\/expo-ambiente-y-botellas-de-amor-1-300x169.jpg.webp\" data-lazy-src-webp=\"https:\/\/883radiociudad.gob.ar\/wp-content\/uploads\/2024\/10\/expo-ambiente-y-botellas-de-amor-1-300x169.jpg.webp\" data-lazy-srcset-webp=\"https:\/\/883radiociudad.gob.ar\/wp-content\/uploads\/2024\/10\/expo-ambiente-y-botellas-de-amor-1-300x169.jpg.webp 300w, https:\/\/883radiociudad.gob.ar\/wp-content\/uploads\/2024\/10\/expo-ambiente-y-botellas-de-amor-1-1024x577.jpg.webp 1024w, https:\/\/883radiociudad.gob.ar\/wp-content\/uploads\/2024\/10\/expo-ambiente-y-botellas-de-amor-1-768x432.jpg.webp 768w, https:\/\/883radiociudad.gob.ar\/wp-content\/uploads\/2024\/10\/expo-ambiente-y-botellas-de-amor-1-1536x865.jpg.webp 1536w, https:\/\/883radiociudad.gob.ar\/wp-content\/uploads\/2024\/10\/expo-ambiente-y-botellas-de-amor-1.jpg.webp 1600w\" data-ll-status=\"loaded\" \/><\/p>\n<p><strong>PREMIOS<\/strong><\/p>\n<p>La directora de Recursos Naturales Adriana G\u00f3mez Arizaga inform\u00f3 sobre el concurso expo ambiental destinado a los tres niveles del \u00e1mbito educativo: \u201cLos premios establecidos para el concurso es, para \u00e9l 1\u00ba, una Orden de Compra por el valor de 200.000 pesos, y el 2\u00ba premio, una Orden de Compra de 150.000 pesos.<\/p>\n<p>Por otra parte, en relaci\u00f3n a las botellas de Amor, se\u00f1al\u00f3: \u201cen la categor\u00eda 1 (de uno a tres integrantes): 1\u00ba Orden de Compra por 100.000 pesos, y el 2\u00ba, 80.000 pesos; en la categor\u00eda 2 (4 a 10 integrantes), al 1\u00ba, una Orden de Compra de 130.000 pesos, y el 2\u00ba, 100.000 pesos; en la categor\u00eda de m\u00e1s de 11 integrantes, el 1\u00ba premio recibe una Orden de Compra por 200.000 pesos, y el 2\u00ba, por el valor de 140.000 pesos\u201d.<\/p>\n<p><strong>VERTEDERO MUNICIPAL<\/strong><\/p>\n<p>El intendente Mariano Hormaechea explic\u00f3: \u201cEst\u00e1 la infraestructura, el galp\u00f3n, debemos hacer el cerramiento, el piso, y tambi\u00e9n est\u00e1 el sector del espacio con \u00e1rboles, espacio verde. Nosotros hicimos un intento fuerte de la separaci\u00f3n de los residuos en origen para encarar las obras en ese lugar, no se pudo llegar al cumplimiento de ese objetivo. Por eso, en este a\u00f1o cuando hablamos del compromiso, responsabilidad ciudadana, se apunta a ese objetivo, porque estamos con el prop\u00f3sito de alcanzar ese objetivo para hacer las inversiones correspondientes en el vertedero\u201d.<\/p>\n<p>\u201cEsto viene de la mano de la adquisici\u00f3n de camiones para optimizar el servicio de la recolecci\u00f3n de residuos. Estamos analizando la posibilidad de la compra de camiones prensa, para hacer cada vez m\u00e1s eficiente este servicio, de all\u00ed el reiterado pedido del compromiso del vecino para que aliviane el trabajo del agente municipal. Esto tambi\u00e9n es un trabajo que requiere de esa manera, en equipo, juntos\u201d.<\/p>\n<p><strong>NUEVOS PANELES EN ISLA LAS DAMAS<\/strong><\/p>\n<p>El intendente coment\u00f3: \u201cEstuvimos recorriendo la Reserva Isla Las Damas; mediante el aporte de la Subsecretar\u00eda de Energ\u00edas Renovables se han instalado nuevos paneles que ayudan a mejorar la calidad de servicio que se puede ofrecer en ese espacio de contacto con la naturaleza. Seguramente estaremos reinaugurando esta potenciaci\u00f3n del lugar\u201d, adelant\u00f3.<img loading=\"lazy\" decoding=\"async\" class=\"size-medium wp-image-69432 alignright entered lazyloaded\" src=\"https:\/\/883radiociudad.gob.ar\/wp-content\/uploads\/2024\/10\/expo-ambiente-y-botellas-de-amor-3-300x169.jpg.webp\" sizes=\"auto, (max-width: 300px) 100vw, 300px\" srcset=\"https:\/\/883radiociudad.gob.ar\/wp-content\/uploads\/2024\/10\/expo-ambiente-y-botellas-de-amor-3-300x169.jpg.webp 300w, https:\/\/883radiociudad.gob.ar\/wp-content\/uploads\/2024\/10\/expo-ambiente-y-botellas-de-amor-3-1024x577.jpg.webp 1024w, https:\/\/883radiociudad.gob.ar\/wp-content\/uploads\/2024\/10\/expo-ambiente-y-botellas-de-amor-3-768x432.jpg.webp 768w, https:\/\/883radiociudad.gob.ar\/wp-content\/uploads\/2024\/10\/expo-ambiente-y-botellas-de-amor-3-1536x865.jpg.webp 1536w, https:\/\/883radiociudad.gob.ar\/wp-content\/uploads\/2024\/10\/expo-ambiente-y-botellas-de-amor-3.jpg.webp 1600w\" alt=\"\" width=\"300\" height=\"169\" data-lazy-srcset=\"https:\/\/883radiociudad.gob.ar\/wp-content\/uploads\/2024\/10\/expo-ambiente-y-botellas-de-amor-3-300x169.jpg.webp 300w, https:\/\/883radiociudad.gob.ar\/wp-content\/uploads\/2024\/10\/expo-ambiente-y-botellas-de-amor-3-1024x577.jpg.webp 1024w, https:\/\/883radiociudad.gob.ar\/wp-content\/uploads\/2024\/10\/expo-ambiente-y-botellas-de-amor-3-768x432.jpg.webp 768w, https:\/\/883radiociudad.gob.ar\/wp-content\/uploads\/2024\/10\/expo-ambiente-y-botellas-de-amor-3-1536x865.jpg.webp 1536w, https:\/\/883radiociudad.gob.ar\/wp-content\/uploads\/2024\/10\/expo-ambiente-y-botellas-de-amor-3.jpg.webp 1600w\" data-lazy-sizes=\"(max-width: 300px) 100vw, 300px\" data-lazy-src=\"https:\/\/883radiociudad.gob.ar\/wp-content\/uploads\/2024\/10\/expo-ambiente-y-botellas-de-amor-3-300x169.jpg.webp\" data-lazy-src-webp=\"https:\/\/883radiociudad.gob.ar\/wp-content\/uploads\/2024\/10\/expo-ambiente-y-botellas-de-amor-3-300x169.jpg.webp\" data-lazy-srcset-webp=\"https:\/\/883radiociudad.gob.ar\/wp-content\/uploads\/2024\/10\/expo-ambiente-y-botellas-de-amor-3-300x169.jpg.webp 300w, https:\/\/883radiociudad.gob.ar\/wp-content\/uploads\/2024\/10\/expo-ambiente-y-botellas-de-amor-3-1024x577.jpg.webp 1024w, https:\/\/883radiociudad.gob.ar\/wp-content\/uploads\/2024\/10\/expo-ambiente-y-botellas-de-amor-3-768x432.jpg.webp 768w, https:\/\/883radiociudad.gob.ar\/wp-content\/uploads\/2024\/10\/expo-ambiente-y-botellas-de-amor-3-1536x865.jpg.webp 1536w, https:\/\/883radiociudad.gob.ar\/wp-content\/uploads\/2024\/10\/expo-ambiente-y-botellas-de-amor-3.jpg.webp 1600w\" data-ll-status=\"loaded\" \/><\/p>\n<p>Mariano Hormaechea invit\u00f3 a los periodistas \u201cla semana que viene, a realizar un recorrido por el Vertedero Controlado\u201d.<\/p>\n<p><strong>SECRETARIA DE EDUCACION<\/strong><\/p>\n<p>Consultada la secretaria de Educaci\u00f3n Sonia Espina sobre el aporte de su \u00e1rea, grafic\u00f3: \u201cEn las escuelas se trabajan estos temas, proyectos en la cuesti\u00f3n ambiental. En esta exposici\u00f3n estaremos acompa\u00f1ando con distintas actividades, como ser un patio de juegos relacionado al medio ambiente. Agradecemos a Valerio (Ram\u00edrez) y a Adriana (G\u00f3mez Arizaga) por permitirnos sumarnos a la 4\u00aa Expo Ambiente\u201d.<\/p>\n","protected":false},"excerpt":{"rendered":"<p>Finalizada la presentaci\u00f3n de esta propuesta educativa ecol\u00f3gica en el Sal\u00f3n de Acuerdos, los periodistas dirigieron sus consultas al intendente municipal y a los funcionarios que acompa\u00f1aron esta iniciativa. En la oportunidad se dej\u00f3 clara la decisi\u00f3n de la gesti\u00f3n de encarar como una pol\u00edtica p\u00fablica de estado la cuesti\u00f3n ambiental en la ciudad. Asimismo, [&hellip;]<\/p>\n","protected":false},"author":2,"featured_media":22094,"comment_status":"closed","ping_status":"closed","sticky":false,"template":"","format":"standard","meta":{"footnotes":""},"categories":[56],"tags":[],"class_list":{"0":"post-22093","1":"post","2":"type-post","3":"status-publish","4":"format-standard","5":"has-post-thumbnail","7":"category-locales"},"_links":{"self":[{"href":"https:\/\/radiobitacora.com.ar\/web\/wp-json\/wp\/v2\/posts\/22093","targetHints":{"allow":["GET"]}}],"collection":[{"href":"https:\/\/radiobitacora.com.ar\/web\/wp-json\/wp\/v2\/posts"}],"about":[{"href":"https:\/\/radiobitacora.com.ar\/web\/wp-json\/wp\/v2\/types\/post"}],"author":[{"embeddable":true,"href":"https:\/\/radiobitacora.com.ar\/web\/wp-json\/wp\/v2\/users\/2"}],"replies":[{"embeddable":true,"href":"https:\/\/radiobitacora.com.ar\/web\/wp-json\/wp\/v2\/comments?post=22093"}],"version-history":[{"count":0,"href":"https:\/\/radiobitacora.com.ar\/web\/wp-json\/wp\/v2\/posts\/22093\/revisions"}],"wp:featuredmedia":[{"embeddable":true,"href":"https:\/\/radiobitacora.com.ar\/web\/wp-json\/wp\/v2\/media\/22094"}],"wp:attachment":[{"href":"https:\/\/radiobitacora.com.ar\/web\/wp-json\/wp\/v2\/media?parent=22093"}],"wp:term":[{"taxonomy":"category","embeddable":true,"href":"https:\/\/radiobitacora.com.ar\/web\/wp-json\/wp\/v2\/categories?post=22093"},{"taxonomy":"post_tag","embeddable":true,"href":"https:\/\/radiobitacora.com.ar\/web\/wp-json\/wp\/v2\/tags?post=22093"}],"curies":[{"name":"wp","href":"https:\/\/api.w.org\/{rel}","templated":true}]}}