{"id":22117,"date":"2024-10-22T11:11:02","date_gmt":"2024-10-22T14:11:02","guid":{"rendered":"https:\/\/radiobitacora.com.ar\/web\/?p=22117"},"modified":"2024-10-22T11:11:02","modified_gmt":"2024-10-22T14:11:02","slug":"quien-es-florencia-misrahi-la-titular-de-afip-que-paso-a-la-arca","status":"publish","type":"post","link":"https:\/\/radiobitacora.com.ar\/web\/2024\/10\/22\/quien-es-florencia-misrahi-la-titular-de-afip-que-paso-a-la-arca\/","title":{"rendered":"Qui\u00e9n es Florencia Misrahi, la titular de AFIP que pas\u00f3 a la ARCA"},"content":{"rendered":"<p><a href=\"https:\/\/www.baenegocios.com\/politica\/El-Gobierno-anuncio-la-disolucion-de-la-AFIP-A-partir-de-hoy-dejara-de-existir-20241021-0036.html\" target=\"\" rel=\"noopener\"><strong>El Gobierno elimin\u00f3 la AFIP y, en su lugar, cre\u00f3 la Agencia de Recaudaci\u00f3n y Control Aduanero (ARCA)<\/strong><\/a>\u00a0que, a su vez, est\u00e1 dividido en dos organismos: la Direcci\u00f3n General Impositiva (DGI) y la Direcci\u00f3n General de Aduanas (DGA). Con el nuevo organigrama,\u00a0<strong>el Gobierno pas\u00f3 a disponibilidad al 35% de los empleados, lo cual\u00a0<\/strong><a href=\"https:\/\/www.cronica.com.ar\/cronicahd\/Chau-AFIP-el-nacimiento-de-la-nueva-agencia-permitira-ahorrar-mas-de-6-mil-millones-de-pesos-al-Estado-20241022-0061.html\" target=\"\" rel=\"noopener\"><strong>implicar\u00eda un ahorro de $6.400 millones anuales<\/strong>,<\/a>\u00a0seg\u00fan asegur\u00f3 el vocero presidencial, Manuel Adorni.<\/p>\n<div id=\"lx_645403\" class=\"__lxG__multi __lxG__multi_lx_645403 __lxG__geo_ar __lxG__size_fixed __lxG__display_prevented __lxG__rendered_none\" data-cnt=\"1\" data-original-id=\"642328\" data-base-original-id=\"642326\"><\/div>\n<p><strong>El objetivo del Gobierno es reducir la planta del Estado.\u00a0<\/strong>Adem\u00e1s, el propio funcionario confirm\u00f3 que eliminar\u00e1n puestos jer\u00e1rquicos, para reducir los sueldos de las autoridades superiores.<\/p>\n<p>Uno de los cargos que se mantienen dentro del nuevo organismo, es el principal. La titular de la hoy exAFIP,\u00a0<strong>Florencia Misrahi, es la persona que estar\u00e1 a cargo de la ARCA.\u00a0<\/strong>Trabajar\u00e1 junto a los directores de las dos entidades dependientes: Andr\u00e9s V\u00e1zquez de la DGI y Jos\u00e9 V\u00e9liz en la DGA.<\/p>\n<p><a href=\"https:\/\/www.baenegocios.com\/politica\/El-Gobierno-anuncio-la-disolucion-de-la-AFIP-A-partir-de-hoy-dejara-de-existir-20241021-0036.html\" target=\"\" rel=\"noopener\"><strong>Misrahi cobraba $34 millones y los directores m\u00e1s de $17 millones mensuales.<\/strong><\/a>\u00a0\u201cAhora van a pasar a cobrar sueldos equivalentes o equiparables a los que cobran los ministros o los secretarios de Estado\u201d, precis\u00f3 el vocero. Estos rondan en los 3 millones de pesos mensuales.<\/p>\n<div>\n<figure id=\"cnt_img_7547\" class=\"image\"><img loading=\"lazy\" decoding=\"async\" style=\"box-sizing: border-box; transition: background 0.3s, color 0.3s, box-shadow 0.3s, position 0.3s, border 0.3s, opacity 0.3s; -webkit-font-smoothing: antialiased; border: 0px; vertical-align: top; width: 729px; height: auto; margin: 0px;\" title=\"El Gobierno disolvi\u00f3 la   &lt;a href='\/tags\/AFIP'&gt;AFIP&lt;\/a&gt; y cre\u00f3  la Agencia de Recaudaci\u00f3n y Control Aduanero (ARCA)\" src=\"https:\/\/www.baenegocios.com\/__export\/1729537829212\/sites\/cronica\/img\/2024\/08\/27\/afip_crxnica.jpg_674994428.jpg\" alt=\"El Gobierno disolvi\u00f3 la   &lt;a href='\/tags\/AFIP'&gt;AFIP&lt;\/a&gt; y cre\u00f3  la Agencia de Recaudaci\u00f3n y Control Aduanero (ARCA)\" width=\"800\" height=\"450\" hspace=\"5\" vspace=\"5\" data-height=\"450\" data-width=\"800\" data-size=\"w:800,h:450\" \/><figcaption>El Gobierno disolvi\u00f3 la\u00a0<a href=\"https:\/\/www.baenegocios.com\/tags\/AFIP\">AFIP<\/a>\u00a0y cre\u00f3 \u00a0la Agencia de Recaudaci\u00f3n y Control Aduanero (ARCA)<\/figcaption><\/figure>\n<\/div>\n<h2>Qui\u00e9n es Florencia Misrahi<\/h2>\n<p><strong>Florencia Misrahi es abogada egresada de la Universidad de Buenos Aires (UBA)<\/strong>\u00a0y mag\u00edster en Derecho Tributario en la Universidad Austral. Previo a su designaci\u00f3n al frente de la\u00a0<a href=\"https:\/\/www.baenegocios.com\/tags\/AFIP\">AFIP<\/a>\u00a0en el gobierno de Javier Milei,\u00a0<strong>trabaj\u00f3 en el estudio contable y jur\u00eddico que represent\u00f3 a Susana Gim\u00e9nez en la causa de evasi\u00f3n fiscal<\/strong>\u00a0de $50 millones en 2022.<\/p>\n<div id=\"lx_645403\" class=\"__lxG__multi __lxG__multi_lx_645403 __lxG__geo_ar __lxG__size_fixed __lxG__display_prevented __lxG__rendered_none\" data-cnt=\"2\" data-original-id=\"642328\" data-base-original-id=\"642326\"><\/div>\n<p>Es\u00a0<strong>especialista en estructuras de financiaci\u00f3n<\/strong>, vinculadas a materias primas en Argentina, Uruguay, Chile, Bolivia y Paraguay. Tambi\u00e9n form\u00f3 parte de la junta directiva de una<strong>\u00a0multinacional vinculada a la agroindustria<\/strong><\/p>\n","protected":false},"excerpt":{"rendered":"<p>El Gobierno elimin\u00f3 la AFIP y, en su lugar, cre\u00f3 la Agencia de Recaudaci\u00f3n y Control Aduanero (ARCA)\u00a0que, a su vez, est\u00e1 dividido en dos organismos: la Direcci\u00f3n General Impositiva (DGI) y la Direcci\u00f3n General de Aduanas (DGA). Con el nuevo organigrama,\u00a0el Gobierno pas\u00f3 a disponibilidad al 35% de los empleados, lo cual\u00a0implicar\u00eda un ahorro [&hellip;]<\/p>\n","protected":false},"author":2,"featured_media":22118,"comment_status":"closed","ping_status":"closed","sticky":false,"template":"","format":"standard","meta":{"footnotes":""},"categories":[79],"tags":[],"class_list":{"0":"post-22117","1":"post","2":"type-post","3":"status-publish","4":"format-standard","5":"has-post-thumbnail","7":"category-politica"},"_links":{"self":[{"href":"https:\/\/radiobitacora.com.ar\/web\/wp-json\/wp\/v2\/posts\/22117","targetHints":{"allow":["GET"]}}],"collection":[{"href":"https:\/\/radiobitacora.com.ar\/web\/wp-json\/wp\/v2\/posts"}],"about":[{"href":"https:\/\/radiobitacora.com.ar\/web\/wp-json\/wp\/v2\/types\/post"}],"author":[{"embeddable":true,"href":"https:\/\/radiobitacora.com.ar\/web\/wp-json\/wp\/v2\/users\/2"}],"replies":[{"embeddable":true,"href":"https:\/\/radiobitacora.com.ar\/web\/wp-json\/wp\/v2\/comments?post=22117"}],"version-history":[{"count":0,"href":"https:\/\/radiobitacora.com.ar\/web\/wp-json\/wp\/v2\/posts\/22117\/revisions"}],"wp:featuredmedia":[{"embeddable":true,"href":"https:\/\/radiobitacora.com.ar\/web\/wp-json\/wp\/v2\/media\/22118"}],"wp:attachment":[{"href":"https:\/\/radiobitacora.com.ar\/web\/wp-json\/wp\/v2\/media?parent=22117"}],"wp:term":[{"taxonomy":"category","embeddable":true,"href":"https:\/\/radiobitacora.com.ar\/web\/wp-json\/wp\/v2\/categories?post=22117"},{"taxonomy":"post_tag","embeddable":true,"href":"https:\/\/radiobitacora.com.ar\/web\/wp-json\/wp\/v2\/tags?post=22117"}],"curies":[{"name":"wp","href":"https:\/\/api.w.org\/{rel}","templated":true}]}}