{"id":22139,"date":"2024-10-23T10:38:03","date_gmt":"2024-10-23T13:38:03","guid":{"rendered":"https:\/\/radiobitacora.com.ar\/web\/?p=22139"},"modified":"2024-10-23T10:38:03","modified_gmt":"2024-10-23T13:38:03","slug":"el-gobierno-intimara-a-10-mil-empleados-publicos-para-que-inicien-los-tramites-jubilatorios","status":"publish","type":"post","link":"https:\/\/radiobitacora.com.ar\/web\/2024\/10\/23\/el-gobierno-intimara-a-10-mil-empleados-publicos-para-que-inicien-los-tramites-jubilatorios\/","title":{"rendered":"El Gobierno intimar\u00e1 a 10 mil empleados p\u00fablicos para que inicien los tr\u00e1mites jubilatorios"},"content":{"rendered":"<p class=\"paragraph\" data-mrf-recirculation=\"Links inline\">En el marco del proceso de\u00a0<a href=\"https:\/\/www.infobae.com\/politica\/2024\/08\/05\/cambios-en-el-empleo-publico-nuevo-sistema-de-ingreso-con-evaluacion-reorganizacion-del-personal-y-desvinculaciones\/\" target=\"_blank\" rel=\"noopener noreferrer\" data-mrf-link=\"https:\/\/www.infobae.com\/politica\/2024\/08\/05\/cambios-en-el-empleo-publico-nuevo-sistema-de-ingreso-con-evaluacion-reorganizacion-del-personal-y-desvinculaciones\/\">reestructuraci\u00f3n del Estado<\/a>,\u00a0<b>el Gobierno nacional dispuso que se inicien los tr\u00e1mites jubilatorios<\/b>\u00a0de aquellos que formen parte del\u00a0<a href=\"https:\/\/www.infobae.com\/politica\/2024\/10\/10\/el-gobierno-anuncio-que-tomara-un-examen-de-idoneidad-a-40-mil-empleados-de-la-planta-transitoria-y-contratados\/\" target=\"_blank\" rel=\"noopener noreferrer\" data-mrf-link=\"https:\/\/www.infobae.com\/politica\/2024\/10\/10\/el-gobierno-anuncio-que-tomara-un-examen-de-idoneidad-a-40-mil-empleados-de-la-planta-transitoria-y-contratados\/\">personal de\u00a0<b>planta permanente<\/b><\/a><b>\u00a0<\/b>que cumplan con los requisitos para acceder al sistema previsional. Seg\u00fan detallaron fuentes oficiales,\u00a0<b>hay 10 mil personas que re\u00fanen las condiciones necesarias<\/b> en la administraci\u00f3n p\u00fablica.<\/p>\n<p class=\"paragraph\" data-mrf-recirculation=\"Links inline\">La medida se hizo oficial mediante la publicaci\u00f3n de la<b>\u00a0resoluci\u00f3n 3\/2024<\/b>, del\u00a0<b>Ministerio de Desregulaci\u00f3n y Transformaci\u00f3n del Estado<\/b>, a cargo de\u00a0<a href=\"https:\/\/www.infobae.com\/tag\/federico-sturzenegger\/\" target=\"_blank\" rel=\"noopener noreferrer\" data-mrf-link=\"https:\/\/www.infobae.com\/tag\/federico-sturzenegger\/\"><b>Federico Sturzenegger<\/b><\/a>, en el\u00a0<b>Bolet\u00edn Oficial<\/b>.<\/p>\n<div class=\"inline ad-wrapper\">\n<div class=\"dfpAd ad-inline\">\n<div id=\"infobae\/politica\/nota\/inline\" class=\"infobae\/politica\/nota\/inline arcad up-show\" data-google-query-id=\"COflhK_PpIkDFbhJuAQd3FQPEA\">\n<div id=\"google_ads_iframe_\/1058609\/infobae\/politica\/nota\/inline_0__container__\"><iframe loading=\"lazy\" id=\"google_ads_iframe_\/1058609\/infobae\/politica\/nota\/inline_0\" tabindex=\"0\" title=\"3rd party ad content\" src=\"https:\/\/b778a755116d460afa0fa9428d945dbe.safeframe.googlesyndication.com\/safeframe\/1-0-40\/html\/container.html?upapi=true\" name=\"\" width=\"320\" height=\"50\" frameborder=\"0\" marginwidth=\"0\" marginheight=\"0\" scrolling=\"no\" sandbox=\"allow-forms allow-popups allow-popups-to-escape-sandbox allow-same-origin allow-scripts allow-top-navigation-by-user-activation\" data-is-safeframe=\"true\" aria-label=\"Advertisement\" data-google-container-id=\"5\" data-load-complete=\"true\" data-mce-fragment=\"1\"><\/iframe><\/p>\n<div class=\"upo-label\">AD<\/div>\n<\/div>\n<\/div>\n<\/div>\n<\/div>\n<p class=\"paragraph\" data-mrf-recirculation=\"Links inline\">\u201cActualmente hay alrededor de 10.000 personas en edad jubilatoria de las cuales m\u00e1s de 6.800 corresponden a planta permanente\u201d, detallaron voceros de Desregulaci\u00f3n.<\/p>\n<p class=\"paragraph\" data-mrf-recirculation=\"Links inline\">Con esta normativa, el Gobierno instruy\u00f3 a los titulares de las correspondientes entidades a<b>\u00a0intimar, en un plazo no mayor a 30 d\u00edas h\u00e1biles desde hoy,<\/b>\u00a0al personal que re\u00fana las condiciones establecidas por la<b>\u00a0Ley Nacional del Sistema Integrado de Jubilaciones y Pensiones\u00a0<\/b>a iniciar los tr\u00e1mites administrativos a para ingresar al r\u00e9gimen previsional.<\/p>\n<div class=\"inline_2_DSK ad-wrapper ad-desktop\">\n<div class=\"dfpAd ad-inline\"><\/div>\n<\/div>\n<p class=\"paragraph\" data-mrf-recirculation=\"Links inline\">La resoluci\u00f3n va en l\u00ednea con lo establecido en la reglamentaci\u00f3n de la<b>\u00a0Ley Bases y Puntos de Partida para la Libertad de los Argentinos<\/b>. La normativa hizo oficial la reforma del empleo p\u00fablico y, en ella, se establece que aquellos que se encuentren en situaci\u00f3n de jubilarse y hayan sido afectados por el proceso de reorganizaci\u00f3n del Estado ser\u00e1n reubicados hasta que accedan al sistema previsional.<\/p>\n<p class=\"paragraph\" data-mrf-recirculation=\"Links inline\">De hecho, en el considerando de la resoluci\u00f3n, el Gobierno menciona que el objetivo de esta reorganizaci\u00f3n administrativa del Estado es mejorar su funcionamiento \u201cpara lograr una\u00a0<b>gesti\u00f3n p\u00fablica transparente, \u00e1gil, eficiente, eficaz y de calidad en la atenci\u00f3n del bien com\u00fan,<\/b>\u00a0reduciendo el sobredimensionamiento de la estructura estatal a fin de disminuir el d\u00e9ficit, transparentar el gasto y equilibrar las cuentas p\u00fablicas\u201d.<\/p>\n<div class=\" visual__image\"><picture><source srcset=\"https:\/\/www.infobae.com\/resizer\/v2\/FWAH4RCALQPRROMQEBIPW4QTRY.jpg?auth=ed3d00ec696574bc591d622049f5c0563c94a62f56ce8166b1672bdd6e80959f&amp;smart=true&amp;width=992&amp;height=661&amp;quality=85\" media=\"(min-width: 1000px)\" \/><source srcset=\"https:\/\/www.infobae.com\/resizer\/v2\/FWAH4RCALQPRROMQEBIPW4QTRY.jpg?auth=ed3d00ec696574bc591d622049f5c0563c94a62f56ce8166b1672bdd6e80959f&amp;smart=true&amp;width=768&amp;height=512&amp;quality=85\" media=\"(min-width: 768px)\" \/><source srcset=\"https:\/\/www.infobae.com\/resizer\/v2\/FWAH4RCALQPRROMQEBIPW4QTRY.jpg?auth=ed3d00ec696574bc591d622049f5c0563c94a62f56ce8166b1672bdd6e80959f&amp;smart=true&amp;width=577&amp;height=385&amp;quality=85\" media=\"(min-width: 580px)\" \/><source srcset=\"https:\/\/www.infobae.com\/resizer\/v2\/FWAH4RCALQPRROMQEBIPW4QTRY.jpg?auth=ed3d00ec696574bc591d622049f5c0563c94a62f56ce8166b1672bdd6e80959f&amp;smart=true&amp;width=420&amp;height=280&amp;quality=85\" media=\"(min-width: 350px)\" \/><source srcset=\"https:\/\/www.infobae.com\/resizer\/v2\/FWAH4RCALQPRROMQEBIPW4QTRY.jpg?auth=ed3d00ec696574bc591d622049f5c0563c94a62f56ce8166b1672bdd6e80959f&amp;smart=true&amp;width=350&amp;height=233&amp;quality=85\" media=\"(min-width: 80px)\" \/><img loading=\"lazy\" decoding=\"async\" class=\"global-image\" src=\"https:\/\/www.infobae.com\/resizer\/v2\/FWAH4RCALQPRROMQEBIPW4QTRY.jpg?auth=ed3d00ec696574bc591d622049f5c0563c94a62f56ce8166b1672bdd6e80959f&amp;smart=true&amp;width=350&amp;height=233&amp;quality=85\" alt=\"El presidente Javier Milei junto a Federico Sturzenegger (Foto: REUTERS\/Agustin Marcarian)\" width=\"2813\" height=\"1872\" \/><\/picture>El presidente Javier Milei junto a Federico Sturzenegger (Foto: REUTERS\/Agustin Marcarian)<\/div>\n<p class=\"paragraph\" data-mrf-recirculation=\"Links inline\">El Ejecutivo adem\u00e1s facult\u00f3 a las autoridades cuyo rango no sea inferior al de secretario o el equivalente de las jurisdicciones u organismos descentralizados a solicitar\u00a0<b>una autorizaci\u00f3n excepcional para prorrogar el plazo a seis meses<\/b>, \u201cpara aquellos agentes de Planta Permanente\u00a0<b>cuya continuidad se requiera por razones de servicio debidamente fundadas en una necesidad estrat\u00e9gica para el normal funcionamiento del \u00e1rea<\/b>\u201d.<\/p>\n<p class=\"paragraph\" data-mrf-recirculation=\"Links inline\">Esta solicitud deber\u00e1 contar con el visto bueno de la\u00a0<b>Secretar\u00eda de Transformaci\u00f3n del Estado y Funci\u00f3n P\u00fablica<\/b>, del Ministerio, y tendr\u00e1 que solicitarse mediante un tr\u00e1mite electr\u00f3nico, en el que se precisen todos los datos del empleado en cuesti\u00f3n. \u201cLa solicitud de pr\u00f3rroga deber\u00e1 estar justificada circunstanciadamente, sin perjuicio de la obligaci\u00f3n del organismo de llevar a cabo las medidas tendientes a reemplazar al agente en condiciones de jubilarse\u201d, aclara la normativa.<\/p>\n<p class=\"paragraph\" data-mrf-recirculation=\"Links inline\">Con esto, el Gobierno avanza en los cambios dentro de la estructura organizativa del Estado. Entre las principales modificaciones que incorpor\u00f3 el Ejecutivo, se encuentra\u00a0<b>el examen de idoneidad de los cerca de 40 mil empleados que forman parte de la planta de trabajadores<\/b>, sea de forma transitoria o permanente.<\/p>\n<p class=\"paragraph\" data-mrf-recirculation=\"Links inline\">La evaluaci\u00f3n se realizar\u00e1 en el mes de diciembre, cuando vencen las contrataciones. Para ser renovados, se requerir\u00e1 el examen aprobado.<\/p>\n<p class=\"paragraph\" data-mrf-recirculation=\"Links inline\">\u201cEl examen lo deber\u00e1 rendir cada empleado p\u00fablico que ingrese y su resultado lo determinar\u00e1 una computadora. Solo podr\u00e1 proseguir el proceso de contrataci\u00f3n, quien obtenga una nota superior a la de corte\u201d, explic\u00f3 Sturzzeneger cuando se public\u00f3 la reglamentaci\u00f3n de ese cap\u00edtulo de la Ley a principios de agosto.<\/p>\n<p class=\"paragraph\" data-mrf-recirculation=\"Links inline\">En esa oportunidad, se estableci\u00f3 que la m\u00e1xima autoridad de la jurisdicci\u00f3n o del organismo descentralizado correspondiente al cargo concursado ser\u00e1 responsable de verificar el cumplimiento de los requisitos, \u201cas\u00ed como de las previsiones pertinentes de las normas sobre \u00e9tica en el ejercicio de la funci\u00f3n p\u00fablica\u201d. En casos pertinentes, la\u00a0<b>Unidad de Recursos Humanos\u00a0<\/b>podr\u00e1 consultar a la Oficina Anticorrupci\u00f3n, la cual deber\u00e1 expedirse en un plazo de cinco d\u00edas.<\/p>\n<p class=\"paragraph\" data-mrf-recirculation=\"Links inline\">Adem\u00e1s, las personas designadas para ocupar cargos p\u00fablicos deber\u00e1n presentar una declaraci\u00f3n jurada patrimonial y sus antecedentes laborales cuando la funci\u00f3n a desempe\u00f1ar lo requiera. Tambi\u00e9n se ha estipulado que \u201cno podr\u00e1 efectuarse ninguna designaci\u00f3n sin la correspondiente acreditaci\u00f3n del certificado de aptitud psicof\u00edsica\u201d.<\/p>\n<p class=\"paragraph\" data-mrf-recirculation=\"Links inline\"><b>El desempe\u00f1o del empleado ser\u00e1 evaluado constantemente<\/b>\u00a0y, para ser promovido, el personal deber\u00e1 someterse nuevamente a una instancia de evaluaci\u00f3n. Esta medida busca garantizar que los empleados estatales mantengan un alto nivel de competencia y rendimiento a lo largo de su carrera.<\/p>\n<div class=\"rawHTML raw_html \">\n<div class=\"container-video\"><iframe loading=\"lazy\" src=\"https:\/\/drive.google.com\/file\/d\/1w525WGjreRW-vcHB2egc--rB0aGpB2e6\/preview\" width=\"100%\" height=\"480\" data-mce-fragment=\"1\"><\/iframe><\/div>\n<\/div>\n","protected":false},"excerpt":{"rendered":"<p>En el marco del proceso de\u00a0reestructuraci\u00f3n del Estado,\u00a0el Gobierno nacional dispuso que se inicien los tr\u00e1mites jubilatorios\u00a0de aquellos que formen parte del\u00a0personal de\u00a0planta permanente\u00a0que cumplan con los requisitos para acceder al sistema previsional. Seg\u00fan detallaron fuentes oficiales,\u00a0hay 10 mil personas que re\u00fanen las condiciones necesarias en la administraci\u00f3n p\u00fablica. La medida se hizo oficial mediante [&hellip;]<\/p>\n","protected":false},"author":2,"featured_media":22140,"comment_status":"closed","ping_status":"closed","sticky":false,"template":"","format":"standard","meta":{"footnotes":""},"categories":[79],"tags":[],"class_list":{"0":"post-22139","1":"post","2":"type-post","3":"status-publish","4":"format-standard","5":"has-post-thumbnail","7":"category-politica"},"_links":{"self":[{"href":"https:\/\/radiobitacora.com.ar\/web\/wp-json\/wp\/v2\/posts\/22139","targetHints":{"allow":["GET"]}}],"collection":[{"href":"https:\/\/radiobitacora.com.ar\/web\/wp-json\/wp\/v2\/posts"}],"about":[{"href":"https:\/\/radiobitacora.com.ar\/web\/wp-json\/wp\/v2\/types\/post"}],"author":[{"embeddable":true,"href":"https:\/\/radiobitacora.com.ar\/web\/wp-json\/wp\/v2\/users\/2"}],"replies":[{"embeddable":true,"href":"https:\/\/radiobitacora.com.ar\/web\/wp-json\/wp\/v2\/comments?post=22139"}],"version-history":[{"count":0,"href":"https:\/\/radiobitacora.com.ar\/web\/wp-json\/wp\/v2\/posts\/22139\/revisions"}],"wp:featuredmedia":[{"embeddable":true,"href":"https:\/\/radiobitacora.com.ar\/web\/wp-json\/wp\/v2\/media\/22140"}],"wp:attachment":[{"href":"https:\/\/radiobitacora.com.ar\/web\/wp-json\/wp\/v2\/media?parent=22139"}],"wp:term":[{"taxonomy":"category","embeddable":true,"href":"https:\/\/radiobitacora.com.ar\/web\/wp-json\/wp\/v2\/categories?post=22139"},{"taxonomy":"post_tag","embeddable":true,"href":"https:\/\/radiobitacora.com.ar\/web\/wp-json\/wp\/v2\/tags?post=22139"}],"curies":[{"name":"wp","href":"https:\/\/api.w.org\/{rel}","templated":true}]}}