{"id":22169,"date":"2024-10-24T08:34:57","date_gmt":"2024-10-24T11:34:57","guid":{"rendered":"https:\/\/radiobitacora.com.ar\/web\/?p=22169"},"modified":"2024-10-24T08:34:57","modified_gmt":"2024-10-24T11:34:57","slug":"se-rompio-la-ucr-en-diputados-12-legisladores-se-fueron-y-armaron-un-bloque-aparte","status":"publish","type":"post","link":"https:\/\/radiobitacora.com.ar\/web\/2024\/10\/24\/se-rompio-la-ucr-en-diputados-12-legisladores-se-fueron-y-armaron-un-bloque-aparte\/","title":{"rendered":"Se rompi\u00f3 la UCR en Diputados: 12 legisladores se fueron y armaron un bloque aparte"},"content":{"rendered":"<p>Tras varias idas y vueltas,\u00a0<strong>12 diputados radicales<\/strong>\u00a0decidieron finalmente\u00a0<strong>abandonar<\/strong>\u00a0este mi\u00e9rcoles el\u00a0<strong>bloque\u00a0<\/strong>que conduce<strong>\u00a0Rodrigo De Loredo<\/strong>. Adem\u00e1s, buscar\u00e1n disputar el sello de la Uni\u00f3n C\u00edvica Radical (\u00a0<a href=\"https:\/\/www.baenegocios.com\/tags\/UCR\">UCR<\/a>). La decisi\u00f3n la tomaron despu\u00e9s de que un grupo de integrantes de la bancada particip\u00f3 de una reuni\u00f3n en la Casa Rosada, junto a legisladores de La Libertad Avanza y de PRO.<\/p>\n<div id=\"lx_645403\" class=\"__lxG__multi __lxG__multi_lx_645403 __lxG__geo_ar __lxG__size_fixed __lxG__display_prevented __lxG__rendered_none\" data-cnt=\"1\" data-original-id=\"642328\" data-base-original-id=\"642326\"><\/div>\n<p>Aunque pretend\u00edan esperar a sumar a algunos correligionarios m\u00e1s, resolvieron armar una bancada con los que quer\u00edan irse hace tiempo:\u00a0<strong>Facundo Manes, Fernando Carbajal, Jorge Rizzoti, Manuel Aguirre, Juan Carlos Polini, Pablo Juliano, Marcela Coli, Carla Carrizo, Danya Tavela, Mariela Coletta, Marcela Antola y Melina Giorgi.<\/strong><\/p>\n<p>El flamante bloque lo\u00a0<strong>presidir\u00e1 Juliano<\/strong>, aunque hasta \u00faltimo momento se baraj\u00f3 la posibilidad de que Carbajal o Carrizo ocupen ese lugar.<\/p>\n<p>Dentro de ese bando, varios apuestan a quedarse con la\u00a0<strong>sigla partidaria<\/strong>. &#8220;Pol\u00edticamente pueden querer discutirlo del otro lado, pero jur\u00eddicamente no. En caso de conflicto,\u00a0<strong>el partido decide<\/strong>\u00a0porque la marca es patrimonio del partido&#8221;, dijo a\u00a0<strong>BAE Negocios<\/strong>\u00a0uno de los diputados radicales que decidi\u00f3 romper con el espacio que lidera De Loredo.<\/p>\n<p>Sin embargo, desde otro sector del radicalismo sostienen que el bloque de la\u00a0<a href=\"https:\/\/www.baenegocios.com\/tags\/UCR\">UCR<\/a>\u00a0<strong>ya est\u00e1 registrado<\/strong>\u00a0para este per\u00edodo parlamentario, seg\u00fan el reglamento de la C\u00e1mara baja.<\/p>\n<p>Atentos a las resistencias que habr\u00e1 del otro lado, el espacio que comandar\u00e1 Juliano\u00a0<strong>se reunir\u00e1 este jueves<\/strong>\u00a0a partir del mediod\u00eda para terminar de elegir el nombre de la bancada.<\/p>\n<p>\u201cDecidimos creau un bloque legislativo para\u00a0<strong>ser coherentes<\/strong>\u00a0con el mandato de nuestros votantes y con nuestra identidad\u201d, dijeron los 12 diputados, a trav\u00e9s de un comunicado.<\/p>\n<p>En el escrito, le cuestionan a sus ex compa\u00f1eros de bloque que \u201cdecidieron sumarse como\u00a0<strong>aliados al oficialismo\u201d<\/strong>\u00a0y criticaron puntualmente a\u00a0<strong>Mariano Campero, Luis Picat, Mart\u00edn Arjol, Federico Tournier y Pablo Cervi\u00a0<\/strong>por haber ayudado a Javier Milei a blindar el\u00a0<strong>veto\u00a0<\/strong>a la ley de movilidad jubilatoria y el del financiamiento universitario.<\/p>\n<div id=\"lx_645403\" class=\"__lxG__multi __lxG__multi_lx_645403 __lxG__geo_ar __lxG__size_fixed __lxG__display_prevented __lxG__rendered_none\" data-cnt=\"2\" data-original-id=\"642328\" data-base-original-id=\"642326\"><\/div>\n<p>\u201cTenemos el compromiso inquebrantable con la\u00a0<strong>educaci\u00f3n p\u00fablica, los jubilados, el federalismo, el trabajo, las Pymes\u00a0<\/strong>y el desarrollo de nuestro pa\u00eds\u201d, agregaron.<\/p>\n<p>En los \u00faltimos d\u00edas, los legisladores que responden a Manes y los que se referencian en\u00a0<strong>Mart\u00edn Lousteau\u00a0<\/strong>hab\u00edan dado sobradas se\u00f1ales de que la situaci\u00f3n\u00a0<strong>no daba para m\u00e1s<\/strong>. La mayor\u00eda de ellos dejaron de participar de las reuniones de bloque y le hicieron saber de diferentes formas al resto que estaban a disgusto con el funcionamiento interno.<\/p>\n<p>El malestar se fue acrecentando en las \u00faltimas votaciones, pero sobre todo despu\u00e9s de que ninguna de las autoridades del bloque atendi\u00f3 su reclamo para que\u00a0<strong>expulsen\u00a0<\/strong>a los diputados \u201cpeluca\u201d.<\/p>\n<p>En la reuni\u00f3n que se realiz\u00f3 el martes \u00faltimo a la tarde, casi todos los sectores admit\u00edan que\u00a0<strong>era casi imposible<\/strong>\u00a0mantener\u00a0<strong>unido\u00a0<\/strong>el bloque, menos a\u00fan despu\u00e9s de que los seguidores de Manes y de Lousteau pusieron en cuesti\u00f3n a De Loredo para que contin\u00fae como presidente.<\/p>\n<p>&#8220;<strong>Rodrigo De Loredo<\/strong>\u00a0ha decidido\u00a0<strong>calzarse la peluca,<\/strong>\u00a0junto a Campero y el resto de los diputados. El bloque del radicalismo est\u00e1 roto. Lo rompieron ellos, la agrupaci\u00f3n Lilia Lemoine, de los libertarios, cuando decidieron ir a sacarse una foto con Milei y ahora formalmente el presidente del bloque ha decidido seguir las directivas de Campero&#8221;, dijo Carbajal, en di\u00e1logo con Radio con Vos, despu\u00e9s de que este mediod\u00eda un pu\u00f1ado de radicales particip\u00f3 de un encuentro con el vicejefe de Gabinete del Interior,\u00a0<strong>Lisandro Catal\u00e1n<\/strong>; el ministro de Desregulaci\u00f3n y Transformaci\u00f3n del Estado,\u00a0<strong>Federico Sturzenegger<\/strong>; y el asesor presidencial,\u00a0<strong>Santiago Caputo<\/strong>.<\/p>\n<div id=\"lx_645403\" class=\"__lxG__multi __lxG__multi_lx_645403 __lxG__geo_ar __lxG__size_fixed __lxG__display_prevented __lxG__rendered_none\" data-cnt=\"3\" data-original-id=\"642328\" data-base-original-id=\"642326\"><\/div>\n<p>Adem\u00e1s de De Loredo, en la reuni\u00f3n en Balcarce 50 estuvieron los diputados\u00a0<strong>Soledad Carrizo, Lisandro Nieri\u00a0<\/strong>y Picat. &#8220;Logramos asegurar que el financiamiento para la educaci\u00f3n, la ciencia y la t\u00e9cnica no se suspenda el pr\u00f3ximo a\u00f1o&#8221;, dijo el jefe del bloque radical, a trav\u00e9s de su cuenta de la red social X. Y detall\u00f3: &#8220;La Ley de Financiamiento Educativo garantiza un 6% del PBI para educaci\u00f3n (Art. 9), y la Ley de Ciencia y T\u00e9cnica establece un 1% para investigaci\u00f3n e innovaci\u00f3n (Arts. 5-7)&#8221;<\/p>\n","protected":false},"excerpt":{"rendered":"<p>Tras varias idas y vueltas,\u00a012 diputados radicales\u00a0decidieron finalmente\u00a0abandonar\u00a0este mi\u00e9rcoles el\u00a0bloque\u00a0que conduce\u00a0Rodrigo De Loredo. Adem\u00e1s, buscar\u00e1n disputar el sello de la Uni\u00f3n C\u00edvica Radical (\u00a0UCR). La decisi\u00f3n la tomaron despu\u00e9s de que un grupo de integrantes de la bancada particip\u00f3 de una reuni\u00f3n en la Casa Rosada, junto a legisladores de La Libertad Avanza y de [&hellip;]<\/p>\n","protected":false},"author":2,"featured_media":22170,"comment_status":"closed","ping_status":"closed","sticky":false,"template":"","format":"standard","meta":{"footnotes":""},"categories":[79],"tags":[],"class_list":{"0":"post-22169","1":"post","2":"type-post","3":"status-publish","4":"format-standard","5":"has-post-thumbnail","7":"category-politica"},"_links":{"self":[{"href":"https:\/\/radiobitacora.com.ar\/web\/wp-json\/wp\/v2\/posts\/22169","targetHints":{"allow":["GET"]}}],"collection":[{"href":"https:\/\/radiobitacora.com.ar\/web\/wp-json\/wp\/v2\/posts"}],"about":[{"href":"https:\/\/radiobitacora.com.ar\/web\/wp-json\/wp\/v2\/types\/post"}],"author":[{"embeddable":true,"href":"https:\/\/radiobitacora.com.ar\/web\/wp-json\/wp\/v2\/users\/2"}],"replies":[{"embeddable":true,"href":"https:\/\/radiobitacora.com.ar\/web\/wp-json\/wp\/v2\/comments?post=22169"}],"version-history":[{"count":0,"href":"https:\/\/radiobitacora.com.ar\/web\/wp-json\/wp\/v2\/posts\/22169\/revisions"}],"wp:featuredmedia":[{"embeddable":true,"href":"https:\/\/radiobitacora.com.ar\/web\/wp-json\/wp\/v2\/media\/22170"}],"wp:attachment":[{"href":"https:\/\/radiobitacora.com.ar\/web\/wp-json\/wp\/v2\/media?parent=22169"}],"wp:term":[{"taxonomy":"category","embeddable":true,"href":"https:\/\/radiobitacora.com.ar\/web\/wp-json\/wp\/v2\/categories?post=22169"},{"taxonomy":"post_tag","embeddable":true,"href":"https:\/\/radiobitacora.com.ar\/web\/wp-json\/wp\/v2\/tags?post=22169"}],"curies":[{"name":"wp","href":"https:\/\/api.w.org\/{rel}","templated":true}]}}