{"id":22178,"date":"2024-10-28T07:59:54","date_gmt":"2024-10-28T10:59:54","guid":{"rendered":"https:\/\/radiobitacora.com.ar\/web\/?p=22178"},"modified":"2024-10-28T07:59:54","modified_gmt":"2024-10-28T10:59:54","slug":"colorido-desfile-de-las-colectividades","status":"publish","type":"post","link":"https:\/\/radiobitacora.com.ar\/web\/2024\/10\/28\/colorido-desfile-de-las-colectividades\/","title":{"rendered":"Colorido Desfile de las Colectividades"},"content":{"rendered":"<p class=\"rtejustify\">Las calles de Goya se poblaron de los colores propios de las colectividades participantes de la XI Fiesta Provincial del Inmigrante.<\/p>\n<p class=\"rtejustify\">Como en cada Edicion, el punto de convocatoria la Plaza Mitre, por calle Espa\u00f1a, se concentraron los pa\u00edses intervinientes, con adornos a los veh\u00edculos que transporta a sus respectivas reinas, seguido en la marcha por las arterias principales de la ciudad, dando la nota de color en la tarde del s\u00e1bado, bullicio, alegr\u00eda, un clima festivo en el transcurso de la marcha que tuvo destino final el Multiespacio Ferial de Costa Surub\u00ed.<\/p>\n<p class=\"rtejustify\">Tras el arribo de las colectividades el multiespacio se prepara para la jornada de clausura donde se conocer\u00e1 el nombre de la nueva soberana de la Fiesta Provincial del Inmigrante<\/p>\n","protected":false},"excerpt":{"rendered":"<p>Las calles de Goya se poblaron de los colores propios de las colectividades participantes de la XI Fiesta Provincial del Inmigrante. Como en cada Edicion, el punto de convocatoria la Plaza Mitre, por calle Espa\u00f1a, se concentraron los pa\u00edses intervinientes, con adornos a los veh\u00edculos que transporta a sus respectivas reinas, seguido en la marcha [&hellip;]<\/p>\n","protected":false},"author":2,"featured_media":22179,"comment_status":"closed","ping_status":"closed","sticky":false,"template":"","format":"standard","meta":{"footnotes":""},"categories":[56],"tags":[],"class_list":{"0":"post-22178","1":"post","2":"type-post","3":"status-publish","4":"format-standard","5":"has-post-thumbnail","7":"category-locales"},"_links":{"self":[{"href":"https:\/\/radiobitacora.com.ar\/web\/wp-json\/wp\/v2\/posts\/22178","targetHints":{"allow":["GET"]}}],"collection":[{"href":"https:\/\/radiobitacora.com.ar\/web\/wp-json\/wp\/v2\/posts"}],"about":[{"href":"https:\/\/radiobitacora.com.ar\/web\/wp-json\/wp\/v2\/types\/post"}],"author":[{"embeddable":true,"href":"https:\/\/radiobitacora.com.ar\/web\/wp-json\/wp\/v2\/users\/2"}],"replies":[{"embeddable":true,"href":"https:\/\/radiobitacora.com.ar\/web\/wp-json\/wp\/v2\/comments?post=22178"}],"version-history":[{"count":0,"href":"https:\/\/radiobitacora.com.ar\/web\/wp-json\/wp\/v2\/posts\/22178\/revisions"}],"wp:featuredmedia":[{"embeddable":true,"href":"https:\/\/radiobitacora.com.ar\/web\/wp-json\/wp\/v2\/media\/22179"}],"wp:attachment":[{"href":"https:\/\/radiobitacora.com.ar\/web\/wp-json\/wp\/v2\/media?parent=22178"}],"wp:term":[{"taxonomy":"category","embeddable":true,"href":"https:\/\/radiobitacora.com.ar\/web\/wp-json\/wp\/v2\/categories?post=22178"},{"taxonomy":"post_tag","embeddable":true,"href":"https:\/\/radiobitacora.com.ar\/web\/wp-json\/wp\/v2\/tags?post=22178"}],"curies":[{"name":"wp","href":"https:\/\/api.w.org\/{rel}","templated":true}]}}