{"id":22181,"date":"2024-10-28T08:03:25","date_gmt":"2024-10-28T11:03:25","guid":{"rendered":"https:\/\/radiobitacora.com.ar\/web\/?p=22181"},"modified":"2024-10-28T08:03:25","modified_gmt":"2024-10-28T11:03:25","slug":"fernando-de-madariaga-un-visitante-de-lujo","status":"publish","type":"post","link":"https:\/\/radiobitacora.com.ar\/web\/2024\/10\/28\/fernando-de-madariaga-un-visitante-de-lujo\/","title":{"rendered":"Fernando de Madariaga un visitante de lujo"},"content":{"rendered":"<p class=\"rtejustify\">Un show para emocionar<\/p>\n<p class=\"rtejustify\">\n<p class=\"rtejustify\">El artista recibi\u00f3 de manos del Intendente Municipal Mariano Hormaechea y el Director de Cultura Manuel Zampar, la copia de la Resoluci\u00f3n por la cual su visita y presentaci\u00f3n fue declarada de Inter\u00e9s Cultural por el Municipio de Goya<\/p>\n<p class=\"rtejustify\">\n<p class=\"rtejustify\">El teatro municipal fue el \u00e1mbito elegido para despertar las emociones del p\u00fablico goyano que, en una excelente respuesta acudi\u00f3 a la cita, con los \u00e9xitos interpretados por Fernando de Madariaga.<\/p>\n<p class=\"rtejustify\">Un show que super\u00f3 todas las expectativas, por la generosidad del artista en el escenario que no puso horario de actuaci\u00f3n, por el contrario, nadie repar\u00f3 en observar el reloj, sino simplemente disfrutar de sus canciones, acompa\u00f1ados adem\u00e1s por m\u00fasicos goyanos, que hicieron revivir las \u00e9pocas de \u201cBarbaros\u201d de la ciudad.<\/p>\n<p class=\"rtejustify\">\n<p class=\"rtejustify\">El cantante agradeci\u00f3 las muestras de cari\u00f1o y el reconocimiento por parte de la Municipalidad, indicando que era algo m\u00e1s que un mimo para \u201csu alma\u201d, produciendo esa reciprocidad que saben generar los artistas con la platea que se deleita con cada interpretaci\u00f3n.<\/p>\n<p class=\"rtejustify\">\n<p class=\"rtejustify\">El p\u00fablico agradecido por el espect\u00e1culo brindado, el organizador del evento Ram\u00f3n Cavalieri reconoci\u00f3 la respuesta de los espectadores, destacando la predisposici\u00f3n de m\u00fasicos, sonidistas goyanos y el apoyo recibido por parte de la Municipalidad de Goya, que permiti\u00f3 cumplir el sue\u00f1o de muchos \u201crevivir las emociones a partir de esas \u201cviejas canciones\u201d, cantadas con el mayor profesionalismo, pero con el tinte de una reuni\u00f3n de amigos.\u201d<\/p>\n","protected":false},"excerpt":{"rendered":"<p>Un show para emocionar El artista recibi\u00f3 de manos del Intendente Municipal Mariano Hormaechea y el Director de Cultura Manuel Zampar, la copia de la Resoluci\u00f3n por la cual su visita y presentaci\u00f3n fue declarada de Inter\u00e9s Cultural por el Municipio de Goya El teatro municipal fue el \u00e1mbito elegido para despertar las emociones del [&hellip;]<\/p>\n","protected":false},"author":2,"featured_media":22182,"comment_status":"closed","ping_status":"closed","sticky":false,"template":"","format":"standard","meta":{"footnotes":""},"categories":[56],"tags":[],"class_list":{"0":"post-22181","1":"post","2":"type-post","3":"status-publish","4":"format-standard","5":"has-post-thumbnail","7":"category-locales"},"_links":{"self":[{"href":"https:\/\/radiobitacora.com.ar\/web\/wp-json\/wp\/v2\/posts\/22181","targetHints":{"allow":["GET"]}}],"collection":[{"href":"https:\/\/radiobitacora.com.ar\/web\/wp-json\/wp\/v2\/posts"}],"about":[{"href":"https:\/\/radiobitacora.com.ar\/web\/wp-json\/wp\/v2\/types\/post"}],"author":[{"embeddable":true,"href":"https:\/\/radiobitacora.com.ar\/web\/wp-json\/wp\/v2\/users\/2"}],"replies":[{"embeddable":true,"href":"https:\/\/radiobitacora.com.ar\/web\/wp-json\/wp\/v2\/comments?post=22181"}],"version-history":[{"count":0,"href":"https:\/\/radiobitacora.com.ar\/web\/wp-json\/wp\/v2\/posts\/22181\/revisions"}],"wp:featuredmedia":[{"embeddable":true,"href":"https:\/\/radiobitacora.com.ar\/web\/wp-json\/wp\/v2\/media\/22182"}],"wp:attachment":[{"href":"https:\/\/radiobitacora.com.ar\/web\/wp-json\/wp\/v2\/media?parent=22181"}],"wp:term":[{"taxonomy":"category","embeddable":true,"href":"https:\/\/radiobitacora.com.ar\/web\/wp-json\/wp\/v2\/categories?post=22181"},{"taxonomy":"post_tag","embeddable":true,"href":"https:\/\/radiobitacora.com.ar\/web\/wp-json\/wp\/v2\/tags?post=22181"}],"curies":[{"name":"wp","href":"https:\/\/api.w.org\/{rel}","templated":true}]}}