{"id":22187,"date":"2024-10-28T08:16:18","date_gmt":"2024-10-28T11:16:18","guid":{"rendered":"https:\/\/radiobitacora.com.ar\/web\/?p=22187"},"modified":"2024-10-28T08:16:18","modified_gmt":"2024-10-28T11:16:18","slug":"yamandu-orsi-se-impuso-en-las-elecciones-uruguayas-pero-ira-a-balotaje-con-delgado","status":"publish","type":"post","link":"https:\/\/radiobitacora.com.ar\/web\/2024\/10\/28\/yamandu-orsi-se-impuso-en-las-elecciones-uruguayas-pero-ira-a-balotaje-con-delgado\/","title":{"rendered":"Yamand\u00fa Orsi se impuso en las elecciones uruguayas pero ir\u00e1 a balotaje con Delgado"},"content":{"rendered":"<p><strong>El candidato del izquierdista Frente Amplio, Yamand\u00fa Orsi, se impon\u00eda en las elecciones uruguayas que se celebraban este domingo, pero deber\u00e1 confrontar en un balotaje con el postulante del Partido Nacional, el oficialista \u00c1lvaro Delgado<\/strong>. Con el 57 por ciento de los votos escrutados, Orsi obten\u00eda cerca del 53 por ciento de las preferencias, mientras que Delgado obten\u00eda alrededor de un 26, mientras que tercero quedaba el partido Colorado, que postulaba a Andr\u00e9s Ojeda, con un 20 por ciento.<\/p>\n<p>El balotaje entre los dos candidatos m\u00e1s votados en primera vuelta<strong>\u00a0est\u00e1 previsto para el pr\u00f3ximo 24 de noviembre<\/strong>\u00a0y ser\u00e1 celebrado porque ninguna de las fuerzas logr\u00f3 reunir el 50 por ciento de las preferencias.<\/p>\n<p>Orsi ofreci\u00f3 un discurso en un escenario montado en la Rambla de Montevideo quien destaco que &#8220;El Frente Amplio volvi\u00f3 a ser el partido m\u00e1s votado de Uruguay&#8221;.<\/p>\n<p>&#8220;Somos el partido que m\u00e1s creci\u00f3 en esta elecci\u00f3n&#8221;, festej\u00f3 el candidato. \u00a0 &#8220;En estos 27 d\u00edas vamos por ese \u00faltimo esfuerzo. Con m\u00e1s ganas que nunca, m\u00e1s de pie que nunca. Pero m\u00e1s all\u00e1 de nuestras filas, sepan todos los compatriotas que defenderemos entre todos la sana competencia electoral que tanto y tanto valoramos&#8221;, asegur\u00f3.<\/p>\n<p>Por su parte, Delgado, en el b\u00fanker del Partido Nacional, destac\u00f3 como m\u00e1s votada a la Coalici\u00f3n, la agrupaci\u00f3n de centroderecha oficialista tambi\u00e9n integrada por el Partido Colorado (PC), Cabildo Abierto (CA), el Partido de la Gente (PG) y el Partido Independiente (PI).<\/p>\n<p>&#8220;Empezamos una etapa de una l\u00f3gica diferente, las urnas hablaron, el Uruguay se expres\u00f3 en democracia y libertad y esta noche el Uruguay dijo que la coalici\u00f3n es el proyecto pol\u00edtico m\u00e1s votado de nuestro pa\u00eds&#8221;, expres\u00f3.<\/p>\n<p>Delgado, junto al resto de las candidatos de la coalici\u00f3n, asegur\u00f3 que &#8220;tiene la responsabilidad republicana de que el Uruguay no retroceda&#8221;.<\/p>\n","protected":false},"excerpt":{"rendered":"<p>El candidato del izquierdista Frente Amplio, Yamand\u00fa Orsi, se impon\u00eda en las elecciones uruguayas que se celebraban este domingo, pero deber\u00e1 confrontar en un balotaje con el postulante del Partido Nacional, el oficialista \u00c1lvaro Delgado. Con el 57 por ciento de los votos escrutados, Orsi obten\u00eda cerca del 53 por ciento de las preferencias, mientras [&hellip;]<\/p>\n","protected":false},"author":2,"featured_media":22188,"comment_status":"closed","ping_status":"closed","sticky":false,"template":"","format":"standard","meta":{"footnotes":""},"categories":[80],"tags":[],"class_list":{"0":"post-22187","1":"post","2":"type-post","3":"status-publish","4":"format-standard","5":"has-post-thumbnail","7":"category-internacionales"},"_links":{"self":[{"href":"https:\/\/radiobitacora.com.ar\/web\/wp-json\/wp\/v2\/posts\/22187","targetHints":{"allow":["GET"]}}],"collection":[{"href":"https:\/\/radiobitacora.com.ar\/web\/wp-json\/wp\/v2\/posts"}],"about":[{"href":"https:\/\/radiobitacora.com.ar\/web\/wp-json\/wp\/v2\/types\/post"}],"author":[{"embeddable":true,"href":"https:\/\/radiobitacora.com.ar\/web\/wp-json\/wp\/v2\/users\/2"}],"replies":[{"embeddable":true,"href":"https:\/\/radiobitacora.com.ar\/web\/wp-json\/wp\/v2\/comments?post=22187"}],"version-history":[{"count":0,"href":"https:\/\/radiobitacora.com.ar\/web\/wp-json\/wp\/v2\/posts\/22187\/revisions"}],"wp:featuredmedia":[{"embeddable":true,"href":"https:\/\/radiobitacora.com.ar\/web\/wp-json\/wp\/v2\/media\/22188"}],"wp:attachment":[{"href":"https:\/\/radiobitacora.com.ar\/web\/wp-json\/wp\/v2\/media?parent=22187"}],"wp:term":[{"taxonomy":"category","embeddable":true,"href":"https:\/\/radiobitacora.com.ar\/web\/wp-json\/wp\/v2\/categories?post=22187"},{"taxonomy":"post_tag","embeddable":true,"href":"https:\/\/radiobitacora.com.ar\/web\/wp-json\/wp\/v2\/tags?post=22187"}],"curies":[{"name":"wp","href":"https:\/\/api.w.org\/{rel}","templated":true}]}}