{"id":22202,"date":"2024-10-28T08:53:47","date_gmt":"2024-10-28T11:53:47","guid":{"rendered":"https:\/\/radiobitacora.com.ar\/web\/?p=22202"},"modified":"2024-10-28T08:53:47","modified_gmt":"2024-10-28T11:53:47","slug":"el-salario-lleva-nueve-meses-sin-recuperar-el-nivel-previo-a-milei","status":"publish","type":"post","link":"https:\/\/radiobitacora.com.ar\/web\/2024\/10\/28\/el-salario-lleva-nueve-meses-sin-recuperar-el-nivel-previo-a-milei\/","title":{"rendered":"El salario lleva nueve meses sin recuperar el nivel previo a Milei"},"content":{"rendered":"<p>El salario anot\u00f3 nuevamente un leve repunte del 0,7% mensual durante agosto, pero sigui\u00f3 7,1% por debajo de los niveles de noviembre, en la previa a la asunci\u00f3n del presidente Javier Milei. De esa forma, los ingresos de los trabajadores ya acumularon 9 meses sin lograr recuperar su poder adquisitivo previo al ajuste realizado por la actual gesti\u00f3n. En cambio, llevan 5 meses de peque\u00f1as mejoras parciales. Eso, y el hecho que los cambios en precios relativos implicaron destinar una mayor parte del salario al pago de servicios, explica la timidez que muestra el consumo de los hogares, principal factor de la actividad econ\u00f3mica.<\/p>\n<div id=\"lx_645403\" class=\"__lxG__multi __lxG__multi_lx_645403 __lxG__geo_ar __lxG__size_fixed __lxG__display_prevented __lxG__rendered_none\" data-cnt=\"1\" data-original-id=\"642328\" data-base-original-id=\"642326\"><\/div>\n<p>El Indec public\u00f3 el informe del \u00cdndice de\u00a0<a href=\"https:\/\/www.baenegocios.com\/tags\/Salario\">Salario<\/a>s correspondiente a agosto, que arroj\u00f3 una mejora nominal del 4,9% en los sueldos de los trabajadores registrados. Contra una inflaci\u00f3n del 4,2% durante ese mes, seg\u00fan el propio Indec, el resultado deflactado dej\u00f3 entrever una mejora del 0,7% real para el total de los trabajadores registrados, tanto p\u00fablicos como privados. Vale destacar que aunque el Indec public\u00f3 tambi\u00e9n una mejora del 10,6% para los no registrados, ese dato opera con 5 meses de rezago, por lo cual deber\u00eda ser comparado con el IPC de marzo, que marc\u00f3 un incremento del 11% (y por ende una ca\u00edda real a priori del 0,4%).<\/p>\n<p>Una mirada hacia dentro de los salarios registrados arroj\u00f3 que los del sector privado mostraron un incremento nominal del 5% durante agosto, es decir una suba del 0,8% real durante el mes. Los sueldos de los trabajadores del sector p\u00fablico volvieron a mostrar un incremento bastante m\u00e1s moderado, de la mano del ajuste fiscal y subieron un 4,7% nominal, lo que redund\u00f3 en una mejora del 0,5% real.<\/p>\n<p>En cambio, al comparar contra los niveles de noviembre del a\u00f1o, previo al ajuste cambiario que redund\u00f3 en un fuerte shock inflacionario que llev\u00f3 a los precios de la econom\u00eda a niveles muy por encima de los sueldos, las contracciones fueron abultadas para ambos universos. De hecho, los salarios privados registrados acumularon durante ese per\u00edodo una contracci\u00f3n del 1,7% real, mientras que los p\u00fablicos bajaron un 16,4% real.<\/p>\n<p>Tal como remarc\u00f3 NA, un informe de The Nielsen Company arroj\u00f3 que el consumo, tras la fuerte ca\u00edda de la primera parte del a\u00f1o, se ameset\u00f3 en niveles bajos. \u201cMedimos agosto y septiembre, y lo que estamos viendo es una ca\u00edda sostenida de aproximadamente un 17% en comparaci\u00f3n con el mismo periodo del a\u00f1o pasado. Esto es muy similar al acumulado anual, que se encuentra cerca del 18% de ca\u00edda&#8221;, sostuvo Javier Gonz\u00e1lez, de la compa\u00f1\u00eda.<\/p>\n<div id=\"lx_645403\" class=\"__lxG__multi __lxG__multi_lx_645403 __lxG__geo_ar __lxG__size_fixed __lxG__display_prevented __lxG__rendered_none\" data-cnt=\"2\" data-original-id=\"642328\" data-base-original-id=\"642326\"><\/div>\n<p>Y agreg\u00f3: \u201cEstamos viendo que, a pesar de que los precios de consumo masivo han subido a un ritmo estable, la inflaci\u00f3n general y el aumento en otros rubros esenciales como transporte y servicios est\u00e1n quitando poder adquisitivo a las familias, lo que lleva a una contracci\u00f3n en el consumo de alimentos y bebidas&#8221;.<\/p>\n<p>La consultora Vectorial mostr\u00f3 adem\u00e1s que la actividad econ\u00f3mica crece en el agro y la miner\u00eda, pero que registra fuertes ca\u00eddas todav\u00eda en la industria, el comercio y la construcci\u00f3n. Y se\u00f1al\u00f3 al respecto: \u201cLos sectores vinculados a las zonas urbanas y periurbanas son los de peor performance y, en alg\u00fan punto, puede explicar por qu\u00e9 los efectos de la pol\u00edtica que el gobierno considera positivos a\u00fan no tienen un correlato en la vida diaria de las mayor\u00edas de los que all\u00ed habitan\u201d.<\/p>\n","protected":false},"excerpt":{"rendered":"<p>El salario anot\u00f3 nuevamente un leve repunte del 0,7% mensual durante agosto, pero sigui\u00f3 7,1% por debajo de los niveles de noviembre, en la previa a la asunci\u00f3n del presidente Javier Milei. De esa forma, los ingresos de los trabajadores ya acumularon 9 meses sin lograr recuperar su poder adquisitivo previo al ajuste realizado por [&hellip;]<\/p>\n","protected":false},"author":2,"featured_media":22203,"comment_status":"closed","ping_status":"closed","sticky":false,"template":"","format":"standard","meta":{"footnotes":""},"categories":[65],"tags":[],"class_list":{"0":"post-22202","1":"post","2":"type-post","3":"status-publish","4":"format-standard","5":"has-post-thumbnail","7":"category-economia"},"_links":{"self":[{"href":"https:\/\/radiobitacora.com.ar\/web\/wp-json\/wp\/v2\/posts\/22202","targetHints":{"allow":["GET"]}}],"collection":[{"href":"https:\/\/radiobitacora.com.ar\/web\/wp-json\/wp\/v2\/posts"}],"about":[{"href":"https:\/\/radiobitacora.com.ar\/web\/wp-json\/wp\/v2\/types\/post"}],"author":[{"embeddable":true,"href":"https:\/\/radiobitacora.com.ar\/web\/wp-json\/wp\/v2\/users\/2"}],"replies":[{"embeddable":true,"href":"https:\/\/radiobitacora.com.ar\/web\/wp-json\/wp\/v2\/comments?post=22202"}],"version-history":[{"count":0,"href":"https:\/\/radiobitacora.com.ar\/web\/wp-json\/wp\/v2\/posts\/22202\/revisions"}],"wp:featuredmedia":[{"embeddable":true,"href":"https:\/\/radiobitacora.com.ar\/web\/wp-json\/wp\/v2\/media\/22203"}],"wp:attachment":[{"href":"https:\/\/radiobitacora.com.ar\/web\/wp-json\/wp\/v2\/media?parent=22202"}],"wp:term":[{"taxonomy":"category","embeddable":true,"href":"https:\/\/radiobitacora.com.ar\/web\/wp-json\/wp\/v2\/categories?post=22202"},{"taxonomy":"post_tag","embeddable":true,"href":"https:\/\/radiobitacora.com.ar\/web\/wp-json\/wp\/v2\/tags?post=22202"}],"curies":[{"name":"wp","href":"https:\/\/api.w.org\/{rel}","templated":true}]}}