{"id":22208,"date":"2024-10-28T09:07:58","date_gmt":"2024-10-28T12:07:58","guid":{"rendered":"https:\/\/radiobitacora.com.ar\/web\/?p=22208"},"modified":"2024-10-28T09:07:58","modified_gmt":"2024-10-28T12:07:58","slug":"caso-loan-el-dato-revelador-que-paula-bernini-aporto-en-su-declaracion","status":"publish","type":"post","link":"https:\/\/radiobitacora.com.ar\/web\/2024\/10\/28\/caso-loan-el-dato-revelador-que-paula-bernini-aporto-en-su-declaracion\/","title":{"rendered":"Caso Loan: El dato revelador que Paula Bernini aport\u00f3 en su declaraci\u00f3n"},"content":{"rendered":"<p>A m\u00e1s de 4 meses de la desaparici\u00f3n de<a href=\"https:\/\/www.revistagente.com\/actualidad\/la-contundente-opinion-de-paula-bernini-sobre-lo-que-sucedio-con-loan-danilo-pena\/\">\u00a0Loan Danilo Pe\u00f1a<\/a>\u00a0y en medio de una intensa investigaci\u00f3n,\u00a0<a href=\"https:\/\/www.revistagente.com\/entretenimiento\/el-mal-momento-de-paula-bernini-creo-que-pronto-voy-a-poder-mejorar\/\">Paula Bernini<\/a>\u00a0declar\u00f3 ante la Justicia. Seg\u00fan trascendi\u00f3, la comunicadora dio datos sobre algunos de los principales sospechosos.<\/p>\n<p>Fue el periodista Juan Cruz Vel\u00e1squez quien desde su cuenta de X expres\u00f3: &#8220;La querella pide nuevamente a la jueza la &#8220;inmediata detenci\u00f3n&#8221; de Dra. Chiriv\u00edn, defensa de Laudelina, la siguen relacionando con presuntos integrantes de asociaci\u00f3n Dupuy.\u00a0<strong>Se da en marco de testimonial de la periodista Paula Bernini en la jornada de ayer<\/strong>&#8220;.<\/p>\n<figure class=\"wp-block-image size-full\"><img decoding=\"async\" class=\"wp-image-543295\" src=\"https:\/\/www.revistagente.com\/wp-content\/uploads\/2024\/10\/loan-bernini.png.webp\" alt=\"\" data-tapa-url=\"https:\/\/www.revistagente.com\/wp-content\/uploads\/2024\/10\/loan-bernini.png.webp\" data-loaded=\"true\" data-cargado=\"true\" \/><figcaption class=\"wp-element-caption\">El posteo de Juan Cruz Vel\u00e1squez tras la declaraci\u00f3n de Paula Bernini.<\/figcaption><\/figure>\n<p>En este mismo hilo, dijo: &#8220;Paula Bernini, dijo que era presuntamente manipulada Macarena estando en llanto y los procesados habr\u00edan dicho le pusieran una abogada a su mam\u00e1&#8221;.<\/p>\n<p>Adem\u00e1s, indic\u00f3 sobre la declaraci\u00f3n de Bernini: &#8220;En efecto la periodista dio detallada cuenta del operativo del desarrollo en el hotel en el cual se sospechaba operaba la banda en cuesti\u00f3n. Tambi\u00e9n dijo que ocasi\u00f3n de concurrir a entrevistar a Macarena, noto era condicionada y manipulada por Soria, alias el &#8216;Yankee'&#8221;.<\/p>\n<p>Por su parte, Paula Bernini no dio detalles sobre lo que sucedi\u00f3 en la mencionada audiencia y, al momento, no se sabe m\u00e1s sobre lo que habr\u00eda declarado la periodista estrella respecto al caso que conmociona al pa\u00eds entero.<\/p>\n<h2 class=\"wp-block-heading\">C\u00f3mo fue el \u00faltimo viaje de Paula Bernini a Corrientes<\/h2>\n<p>Luego de una extensa cobertura en Corrientes, la periodista Paula Bernini tuvo que volver a Buenos Aires. De todos modos, pudo volver al pueblo 9 de Julio en el que se perdi\u00f3 Loan. Desde all\u00ed mostr\u00f3 c\u00f3mo es la din\u00e1mica de los familiares del nene y qu\u00e9 hizo en esta visita.<\/p>\n<p>La periodista, enviada especial de TN, comparti\u00f3 una fotograf\u00eda de Jos\u00e9 Pe\u00f1a, pap\u00e1 de Loan, y escribi\u00f3:\u00a0<strong>&#8220;Todos los d\u00edas el pap\u00e1 de Loan recorre el campo<\/strong>\u00a0buscando a su hijo o algo que lo lleve hasta \u00e9l&#8221;.<\/p>\n<figure class=\"wp-block-image size-large is-resized\"><img decoding=\"async\" class=\"wp-image-528028\" src=\"https:\/\/www.revistagente.com\/wp-content\/uploads\/2024\/08\/jose-pena-loan-720x1239.jpeg.webp\" alt=\"\" data-tapa-url=\"https:\/\/www.revistagente.com\/wp-content\/uploads\/2024\/08\/jose-pena-loan-720x1239.jpeg.webp\" data-loaded=\"true\" data-cargado=\"true\" \/><figcaption class=\"wp-element-caption\">Paula Bernini se reencontr\u00f3 con Jos\u00e9, el pap\u00e1 de Loan.<\/figcaption><\/figure>\n<p>Adem\u00e1s, fotograf\u00edo a Jos\u00e9 junto a Catalina, abuela paterna de Loan, y detall\u00f3: &#8220;As\u00ed todos los d\u00edas&#8230; Jos\u00e9 va a la casa de Catalina donde se hizo el almuerzo en el que se vio a Loan por \u00faltima vez&#8221;.<\/p>\n<figure class=\"wp-block-image size-large\"><img decoding=\"async\" class=\"wp-image-528029\" src=\"https:\/\/www.revistagente.com\/wp-content\/uploads\/2024\/08\/catalina-pena-jose-pena-loan-caso-loan-abuela-loan-720x1265.jpeg.webp\" alt=\"\" data-tapa-url=\"https:\/\/www.revistagente.com\/wp-content\/uploads\/2024\/08\/catalina-pena-jose-pena-loan-caso-loan-abuela-loan-720x1265.jpeg.webp\" data-loaded=\"true\" data-cargado=\"true\" \/><figcaption class=\"wp-element-caption\">La periodista de TN relat\u00f3 c\u00f3mo son los d\u00edas de la familia de Loan.<\/figcaption><\/figure>\n<p>La periodista que se especializ\u00f3 en el caso de desaparici\u00f3n de Loan Pe\u00f1a volvi\u00f3 al &#8220;punto cero&#8221; para analizar c\u00f3mo podr\u00eda haber desaparecido el ni\u00f1o aquel pasado 13 de junio.<\/p>\n<p><strong>&#8220;Estuvimos trabajando en el naranjal<\/strong>, en lo que es la zona cero, en el lugar en donde despareci\u00f3 Loan y\u00a0<strong>sigo ac\u00e1 y no lo puedo creer&#8230;<\/strong>&#8220;, comenz\u00f3 diciendo Paula en una historia que subi\u00f3 a sus redes. Y continu\u00f3:\u00a0<strong>&#8220;Estoy ac\u00e1 y no puedo creer que todav\u00eda no sepamos qu\u00e9 pas\u00f3 con Loan&#8221;.<\/strong><\/p>\n<p>Entonces, Bernini dio vuelta la c\u00e1mara de su tel\u00e9fono celular y explic\u00f3 mientras grababa un sendero de tierra y pasto:\u00a0<strong>&#8220;Esto que les estoy mostrando es el naranjal<\/strong>, este es el camino que va a la casa de la abuela Catalina&#8230; realmente\u00a0<strong>\u00bfpudo desaparecer una criatura tan chiquitita desde ac\u00e1<\/strong>\u00a0y hace 64 nosotros no tener ninguna explicaci\u00f3n?&#8221;.<\/p>\n<figure class=\"wp-block-image size-full is-resized\"><img decoding=\"async\" class=\"wp-image-527766\" src=\"https:\/\/www.revistagente.com\/wp-content\/uploads\/2024\/08\/paula-bernini.png.webp\" alt=\"\" data-tapa-url=\"https:\/\/www.revistagente.com\/wp-content\/uploads\/2024\/08\/paula-bernini.png.webp\" data-loaded=\"true\" data-cargado=\"true\" \/><figcaption class=\"wp-element-caption\">Este es el camino que conecta el naranjal con la casa de la abuela de Loan y Paula Bernini mostr\u00f3 en sus historias de Instagram.<\/figcaption><\/figure>\n<p>&#8220;Les juro que cuando estoy ac\u00e1 con los chicos (por sus compa\u00f1eros de\u00a0<em>TN<\/em>) y me pongo a pensar en todo eso<strong>\u00a0no lo puedo creer&#8221;<\/strong>, a\u00f1adi\u00f3 la periodista de<em>\u00a0Todo Noticias\u00a0<\/em>en esa filmaci\u00f3n que comparti\u00f3 en su cuenta de Instagram.<\/p>\n","protected":false},"excerpt":{"rendered":"<p>A m\u00e1s de 4 meses de la desaparici\u00f3n de\u00a0Loan Danilo Pe\u00f1a\u00a0y en medio de una intensa investigaci\u00f3n,\u00a0Paula Bernini\u00a0declar\u00f3 ante la Justicia. Seg\u00fan trascendi\u00f3, la comunicadora dio datos sobre algunos de los principales sospechosos. Fue el periodista Juan Cruz Vel\u00e1squez quien desde su cuenta de X expres\u00f3: &#8220;La querella pide nuevamente a la jueza la &#8220;inmediata [&hellip;]<\/p>\n","protected":false},"author":2,"featured_media":22209,"comment_status":"closed","ping_status":"closed","sticky":false,"template":"","format":"standard","meta":{"footnotes":""},"categories":[84],"tags":[],"class_list":{"0":"post-22208","1":"post","2":"type-post","3":"status-publish","4":"format-standard","5":"has-post-thumbnail","7":"category-policiales"},"_links":{"self":[{"href":"https:\/\/radiobitacora.com.ar\/web\/wp-json\/wp\/v2\/posts\/22208","targetHints":{"allow":["GET"]}}],"collection":[{"href":"https:\/\/radiobitacora.com.ar\/web\/wp-json\/wp\/v2\/posts"}],"about":[{"href":"https:\/\/radiobitacora.com.ar\/web\/wp-json\/wp\/v2\/types\/post"}],"author":[{"embeddable":true,"href":"https:\/\/radiobitacora.com.ar\/web\/wp-json\/wp\/v2\/users\/2"}],"replies":[{"embeddable":true,"href":"https:\/\/radiobitacora.com.ar\/web\/wp-json\/wp\/v2\/comments?post=22208"}],"version-history":[{"count":0,"href":"https:\/\/radiobitacora.com.ar\/web\/wp-json\/wp\/v2\/posts\/22208\/revisions"}],"wp:featuredmedia":[{"embeddable":true,"href":"https:\/\/radiobitacora.com.ar\/web\/wp-json\/wp\/v2\/media\/22209"}],"wp:attachment":[{"href":"https:\/\/radiobitacora.com.ar\/web\/wp-json\/wp\/v2\/media?parent=22208"}],"wp:term":[{"taxonomy":"category","embeddable":true,"href":"https:\/\/radiobitacora.com.ar\/web\/wp-json\/wp\/v2\/categories?post=22208"},{"taxonomy":"post_tag","embeddable":true,"href":"https:\/\/radiobitacora.com.ar\/web\/wp-json\/wp\/v2\/tags?post=22208"}],"curies":[{"name":"wp","href":"https:\/\/api.w.org\/{rel}","templated":true}]}}