{"id":22226,"date":"2024-10-30T08:42:54","date_gmt":"2024-10-30T11:42:54","guid":{"rendered":"https:\/\/radiobitacora.com.ar\/web\/?p=22226"},"modified":"2024-10-30T08:42:54","modified_gmt":"2024-10-30T11:42:54","slug":"continua-el-juicio-a-leonardo-cositorto-y-pidio-no-participar-de-la-audiencia","status":"publish","type":"post","link":"https:\/\/radiobitacora.com.ar\/web\/2024\/10\/30\/continua-el-juicio-a-leonardo-cositorto-y-pidio-no-participar-de-la-audiencia\/","title":{"rendered":"Contin\u00faa el juicio a Leonardo Cositorto y pidi\u00f3 no participar de la audiencia"},"content":{"rendered":"<p>A las 8.30 contin\u00faa hoy el juicio de la causa conocida como &#8220;Generaci\u00f3n ZOE&#8221; que tiene como imputados a Leonardo Nelson Cositorto, supuesto l\u00edder de la organizaci\u00f3n y otros cinco imputados: Miguel \u00c1ngel Echegaray, Maximiliano Javier Batista, Lucas Dami\u00e1n Camelino, Nicol\u00e1s Ismael Medina y Javier Sebasti\u00e1n Medina.<\/p>\n<p>Cositorto y Batista, quienes junto a Echegaray est\u00e1n detenidos en Goya, pidieron no asistir hoy y el Tribunal lo habilit\u00f3.<\/p>\n<p>El art\u00edculo 313 del nuevo C\u00f3digo Procesal Penal, en la parte que interesa, establece que &#8220;\u2026 el imputado no podr\u00e1 alejarse de la audiencia sin permiso del tribunal; si se le otorgara el permiso, ser\u00e1 representado por el defensor..&#8221;.<\/p>\n<p>Por su parte, el doctor Guillermo Dragotto participar\u00e1 v\u00eda remota desde C\u00f3rdoba.<\/p>\n<p>Se espera que declaren cuatro testigos propuestos por la Fiscal\u00eda.<\/p>\n<p>El Tribunal y las partes<\/p>\n<p>El Tribunal est\u00e1 compuesto por el doctor Ricardo Carbajal como presidente, y los doctores Jorge Carbone y Julio Duarte como vocales.<\/p>\n<p>La Fiscal\u00eda est\u00e1 representada por los doctores Rub\u00e9n Barry y Juan Carlos Castillo.<\/p>\n<p>La querella es ejercida por los doctores Pablo Andr\u00e9s Fleitas y Alejandra Soledad Fleitas.<\/p>\n<p>El abogado particular que defiende a Cositorto y Batista, es el cordob\u00e9s Guillermo Dragotto.<\/p>\n<p>El abogado defensor de Miguel \u00c1ngel Echegaray y Lucas Dami\u00e1n Camelino es el doctor Andr\u00e9s Buffil.<\/p>\n<p>El abogado que defiende a los hermanos Medina es el defensor Oficial doctor Joaqu\u00edn Jorge Sebasti\u00e1n Romero.<\/p>\n","protected":false},"excerpt":{"rendered":"<p>A las 8.30 contin\u00faa hoy el juicio de la causa conocida como &#8220;Generaci\u00f3n ZOE&#8221; que tiene como imputados a Leonardo Nelson Cositorto, supuesto l\u00edder de la organizaci\u00f3n y otros cinco imputados: Miguel \u00c1ngel Echegaray, Maximiliano Javier Batista, Lucas Dami\u00e1n Camelino, Nicol\u00e1s Ismael Medina y Javier Sebasti\u00e1n Medina. Cositorto y Batista, quienes junto a Echegaray est\u00e1n [&hellip;]<\/p>\n","protected":false},"author":2,"featured_media":22227,"comment_status":"closed","ping_status":"closed","sticky":false,"template":"","format":"standard","meta":{"footnotes":""},"categories":[84],"tags":[],"class_list":{"0":"post-22226","1":"post","2":"type-post","3":"status-publish","4":"format-standard","5":"has-post-thumbnail","7":"category-policiales"},"_links":{"self":[{"href":"https:\/\/radiobitacora.com.ar\/web\/wp-json\/wp\/v2\/posts\/22226","targetHints":{"allow":["GET"]}}],"collection":[{"href":"https:\/\/radiobitacora.com.ar\/web\/wp-json\/wp\/v2\/posts"}],"about":[{"href":"https:\/\/radiobitacora.com.ar\/web\/wp-json\/wp\/v2\/types\/post"}],"author":[{"embeddable":true,"href":"https:\/\/radiobitacora.com.ar\/web\/wp-json\/wp\/v2\/users\/2"}],"replies":[{"embeddable":true,"href":"https:\/\/radiobitacora.com.ar\/web\/wp-json\/wp\/v2\/comments?post=22226"}],"version-history":[{"count":0,"href":"https:\/\/radiobitacora.com.ar\/web\/wp-json\/wp\/v2\/posts\/22226\/revisions"}],"wp:featuredmedia":[{"embeddable":true,"href":"https:\/\/radiobitacora.com.ar\/web\/wp-json\/wp\/v2\/media\/22227"}],"wp:attachment":[{"href":"https:\/\/radiobitacora.com.ar\/web\/wp-json\/wp\/v2\/media?parent=22226"}],"wp:term":[{"taxonomy":"category","embeddable":true,"href":"https:\/\/radiobitacora.com.ar\/web\/wp-json\/wp\/v2\/categories?post=22226"},{"taxonomy":"post_tag","embeddable":true,"href":"https:\/\/radiobitacora.com.ar\/web\/wp-json\/wp\/v2\/tags?post=22226"}],"curies":[{"name":"wp","href":"https:\/\/api.w.org\/{rel}","templated":true}]}}